{"id":34690,"date":"2022-11-17T19:07:47","date_gmt":"2022-11-18T01:07:47","guid":{"rendered":"https:\/\/www.buroperiodistico.com.mx\/?p=34690"},"modified":"2022-11-17T19:07:47","modified_gmt":"2022-11-18T01:07:47","slug":"recorre-dif-reynosa-hospitales","status":"publish","type":"post","link":"https:\/\/www.buroperiodistico.com.mx\/?p=34690","title":{"rendered":"Recorre DIF Reynosa hospitales"},"content":{"rendered":"<ul>\n<li><strong><em>Con entrega de chocolate y pan.<\/em><\/strong><\/li>\n<\/ul>\n<p><strong><img loading=\"lazy\" decoding=\"async\" class=\"alignright  wp-image-34696\" src=\"https:\/\/www.buroperiodistico.com.mx\/wp-content\/uploads\/2022\/11\/Recorrecx.jpeg\" alt=\"\" width=\"603\" height=\"354\" srcset=\"https:\/\/www.buroperiodistico.com.mx\/wp-content\/uploads\/2022\/11\/Recorrecx.jpeg 1024w, https:\/\/www.buroperiodistico.com.mx\/wp-content\/uploads\/2022\/11\/Recorrecx-300x176.jpeg 300w, https:\/\/www.buroperiodistico.com.mx\/wp-content\/uploads\/2022\/11\/Recorrecx-768x451.jpeg 768w\" sizes=\"auto, (max-width: 603px) 100vw, 603px\" \/>Reynosa, Tam (17-Noviembre-2022).-<\/strong> A fin de apoyar a las familias ante las bajas temperaturas, el Sistema DIF Reynosa que encabeza Carlos Luis Pe\u00f1a Garza, realiz\u00f3 recorrido en el Hospital Materno-Infantil y el Instituto Mexicano del Seguro Social n\u00famero 33, entregando a los ciudadanos chocolate caliente y pan.<\/p>\n<p>La Directora, Oralia Cant\u00fa Cant\u00fa, encabez\u00f3 la entrega de apoyos a los familiares que tienen pacientes enfermos o que acudieron a sus citas m\u00e9dicas.<\/p>\n<p>Ante los cambios de temperatura, el Sistema DIF Reynosa, atiende a los ciudadanos que m\u00e1s lo necesitan, con entregas de cobijas, calcetas, chocolate y pan.<\/p>\n<p><img loading=\"lazy\" decoding=\"async\" class=\"size-full wp-image-34691 aligncenter\" src=\"https:\/\/www.buroperiodistico.com.mx\/wp-content\/uploads\/2022\/11\/Recorrecx-I.jpeg\" alt=\"\" width=\"640\" height=\"427\" srcset=\"https:\/\/www.buroperiodistico.com.mx\/wp-content\/uploads\/2022\/11\/Recorrecx-I.jpeg 640w, https:\/\/www.buroperiodistico.com.mx\/wp-content\/uploads\/2022\/11\/Recorrecx-I-300x200.jpeg 300w\" sizes=\"auto, (max-width: 640px) 100vw, 640px\" \/> <img loading=\"lazy\" decoding=\"async\" class=\"size-full wp-image-34695 aligncenter\" src=\"https:\/\/www.buroperiodistico.com.mx\/wp-content\/uploads\/2022\/11\/Recorrecx-IIIII.jpeg\" alt=\"\" width=\"640\" height=\"465\" srcset=\"https:\/\/www.buroperiodistico.com.mx\/wp-content\/uploads\/2022\/11\/Recorrecx-IIIII.jpeg 640w, https:\/\/www.buroperiodistico.com.mx\/wp-content\/uploads\/2022\/11\/Recorrecx-IIIII-300x218.jpeg 300w\" sizes=\"auto, (max-width: 640px) 100vw, 640px\" \/> <img loading=\"lazy\" decoding=\"async\" class=\"size-full wp-image-34694 aligncenter\" src=\"https:\/\/www.buroperiodistico.com.mx\/wp-content\/uploads\/2022\/11\/Recorrecx-IIII.jpeg\" alt=\"\" width=\"640\" height=\"427\" srcset=\"https:\/\/www.buroperiodistico.com.mx\/wp-content\/uploads\/2022\/11\/Recorrecx-IIII.jpeg 640w, https:\/\/www.buroperiodistico.com.mx\/wp-content\/uploads\/2022\/11\/Recorrecx-IIII-300x200.jpeg 300w\" sizes=\"auto, (max-width: 640px) 100vw, 640px\" \/> <img loading=\"lazy\" decoding=\"async\" class=\"size-full wp-image-34693 aligncenter\" src=\"https:\/\/www.buroperiodistico.com.mx\/wp-content\/uploads\/2022\/11\/Recorrecx-III.jpeg\" alt=\"\" width=\"640\" height=\"427\" srcset=\"https:\/\/www.buroperiodistico.com.mx\/wp-content\/uploads\/2022\/11\/Recorrecx-III.jpeg 640w, https:\/\/www.buroperiodistico.com.mx\/wp-content\/uploads\/2022\/11\/Recorrecx-III-300x200.jpeg 300w\" sizes=\"auto, (max-width: 640px) 100vw, 640px\" \/> <img loading=\"lazy\" decoding=\"async\" class=\"size-full wp-image-34692 aligncenter\" src=\"https:\/\/www.buroperiodistico.com.mx\/wp-content\/uploads\/2022\/11\/Recorrecx-II.jpeg\" alt=\"\" width=\"582\" height=\"480\" srcset=\"https:\/\/www.buroperiodistico.com.mx\/wp-content\/uploads\/2022\/11\/Recorrecx-II.jpeg 582w, https:\/\/www.buroperiodistico.com.mx\/wp-content\/uploads\/2022\/11\/Recorrecx-II-300x247.jpeg 300w\" sizes=\"auto, (max-width: 582px) 100vw, 582px\" \/><\/p>\n","protected":false},"excerpt":{"rendered":"<p>Con entrega de chocolate y pan. Reynosa, Tam (17-Noviembre-2022).- A fin de apoyar a las&#8230;<\/p>\n","protected":false},"author":1,"featured_media":34696,"comment_status":"open","ping_status":"open","sticky":false,"template":"","format":"standard","meta":{"footnotes":"","jetpack_publicize_message":"","jetpack_publicize_feature_enabled":true,"jetpack_social_post_already_shared":false,"jetpack_social_options":{"image_generator_settings":{"template":"highway","default_image_id":0,"font":"","enabled":false},"version":2}},"categories":[9],"tags":[],"class_list":["post-34690","post","type-post","status-publish","format-standard","has-post-thumbnail","hentry","category-reynosa"],"jetpack_publicize_connections":[],"_links":{"self":[{"href":"https:\/\/www.buroperiodistico.com.mx\/index.php?rest_route=\/wp\/v2\/posts\/34690","targetHints":{"allow":["GET"]}}],"collection":[{"href":"https:\/\/www.buroperiodistico.com.mx\/index.php?rest_route=\/wp\/v2\/posts"}],"about":[{"href":"https:\/\/www.buroperiodistico.com.mx\/index.php?rest_route=\/wp\/v2\/types\/post"}],"author":[{"embeddable":true,"href":"https:\/\/www.buroperiodistico.com.mx\/index.php?rest_route=\/wp\/v2\/users\/1"}],"replies":[{"embeddable":true,"href":"https:\/\/www.buroperiodistico.com.mx\/index.php?rest_route=%2Fwp%2Fv2%2Fcomments&post=34690"}],"version-history":[{"count":0,"href":"https:\/\/www.buroperiodistico.com.mx\/index.php?rest_route=\/wp\/v2\/posts\/34690\/revisions"}],"wp:featuredmedia":[{"embeddable":true,"href":"https:\/\/www.buroperiodistico.com.mx\/index.php?rest_route=\/wp\/v2\/media\/34696"}],"wp:attachment":[{"href":"https:\/\/www.buroperiodistico.com.mx\/index.php?rest_route=%2Fwp%2Fv2%2Fmedia&parent=34690"}],"wp:term":[{"taxonomy":"category","embeddable":true,"href":"https:\/\/www.buroperiodistico.com.mx\/index.php?rest_route=%2Fwp%2Fv2%2Fcategories&post=34690"},{"taxonomy":"post_tag","embeddable":true,"href":"https:\/\/www.buroperiodistico.com.mx\/index.php?rest_route=%2Fwp%2Fv2%2Ftags&post=34690"}],"curies":[{"name":"wp","href":"https:\/\/api.w.org\/{rel}","templated":true}]}}