{"id":34688,"date":"2022-11-17T18:33:33","date_gmt":"2022-11-18T00:33:33","guid":{"rendered":"https:\/\/www.buroperiodistico.com.mx\/?p=34688"},"modified":"2022-11-17T18:33:33","modified_gmt":"2022-11-18T00:33:33","slug":"en-concreto-por-angel-a-guerra-178","status":"publish","type":"post","link":"https:\/\/www.buroperiodistico.com.mx\/?p=34688","title":{"rendered":"EN CONCRETO\/ Por: \u00c1ngel A. Guerra"},"content":{"rendered":"<p style=\"text-align: center;\"><em><strong>Am\u00e9rico y Carlos: 2 l\u00edderes de su tiempo<\/strong><\/em><\/p>\n<ul>\n<li><strong><em>Un \u00e9xito, reuni\u00f3n del Plan de Apoyo a la Regi\u00f3n Fronteriza<\/em><\/strong><\/li>\n<li><strong><em>Dr. Villarreal Anaya enriquece aporte del Presidente AMLO<\/em><\/strong><\/li>\n<li><strong><em>Carlos Pe\u00f1a diserta: \u2018Cero Adicciones, Prevenir para Vivir\u2019<\/em><\/strong><\/li>\n<li><strong><em>General Ch\u00e1vez: \u2018Seguridad Publica, chatarra y desorden\u2019<\/em><\/strong><\/li>\n<li><strong><em>60 mil docentes elegir\u00e1n a nuevo dirigente de la Secci\u00f3n 30<\/em><\/strong><\/li>\n<\/ul>\n<p>Reynosa cumpli\u00f3 con creces su funci\u00f3n como ciudad anfitriona del gobernador AM\u00c9RICO VILLARREAL ANAYA y los alcaldes convocados a la presentaci\u00f3n del Plan de Apoyo a la Regi\u00f3n Fronteriza, en cuyo desarrollo el Presidente Municipal CARLOS V\u00cdCTOR PE\u00d1A ORTIZ, mostr\u00f3 el rosto amable del municipio l\u00edder en econom\u00eda, generaci\u00f3n de empleos y densidad demogr\u00e1fica de Tamaulipas.<\/p>\n<p>Ciudad lim\u00edtrofe con las principales zonas de producci\u00f3n y consumo de Estados Unidos y sur de Texas, Reynosa mostr\u00f3 las vast\u00edsimas \u00e1reas de oportunidad que plantea nuestra vecindad con el vecino pa\u00eds del norte, al tiempo que proyect\u00f3 sus expectativas de crecimiento y desarrollo econ\u00f3mico, social y cultural de la mano del gobierno estatal del Dr. AM\u00c9RICO VILLARREAL ANAYA.<\/p>\n<p>Anfitri\u00f3n del Gobernador del estado y los alcaldes fronterizos de la franja norte de Tamaulipas, el Presidente PE\u00d1A ORTIZ mostr\u00f3 la hospitalidad t\u00edpica de los reynosenses, un conglomerado social que avanza a trancos en la senda constructiva de la cultura, pues el joven Alcalde sabe que la grandeza de los pueblos se da tambi\u00e9n en la medida que pule su esp\u00edritu en el crisol de las Bellas Artes.<\/p>\n<p>As\u00ed, en este Encuentro convocado en Reynosa por el gobierno del Dr. AM\u00c9RICO VILLARREAL ANAYA bajo la anfitrion\u00eda de CARLOS V\u00cdCTOR PE\u00d1A ORTIZ, los Alcaldes y Alcaldesas de la franja fronteriza corroboraron en esta primera reuni\u00f3n conjunta, la posibilidad de que Tamaulipas se convierta en la Primera Frontera de M\u00e9xico con los Estados Unidos.<\/p>\n<p>En este sentido y bajo esta perspectiva de conjunto, Reynosa ser\u00e1 el pivote de desarrollo que detone nuevas expresiones de crecimiento y genere una nueva cultura de unidad, pues, a no ser por la expresi\u00f3n de violencia que se dio en ciudad Victoria a 24 horas de iniciada la reuni\u00f3n del Plan de Apoyo a la Regi\u00f3n Fronteriza, la cita del Gobernador AM\u00c9RICO VILLARREAL ANAYA con los 10 Alcaldes fronterizos se hubiera coronado con un \u00e9xito total.<\/p>\n<p style=\"text-align: center;\"><em><strong>PRESENTA ALCALDE CARLOS PE\u00d1A <\/strong><\/em><em><strong>\u2018Cero Adicciones, Prevenir para Vivir\u2019<\/strong><\/em><\/p>\n<p>Por cierto, con emotivos mensajes, la conferencia \u201cCero Adicciones, Prevenir es Vivir\u201d, fue presentada este mi\u00e9rcoles 16 de noviembre por el Alcalde CARLOS PE\u00d1A ORTIZ, con la participaci\u00f3n de JAIME OMAR GARC\u00cdA RODRIGUEZ, ex beisbolista profesional, creador de la \u2018Fundaci\u00f3n Jaime Garc\u00eda\u2019, con la cual impulsa la superaci\u00f3n y liderazgo de ni\u00f1os, adolescentes y j\u00f3venes reynosenses.<\/p>\n<p>\u201cDebemos tener control sobre nosotros mismos, sobre lo que queremos, y enfocarnos en lo que realmente es importante y lo que buscamos en la vida\u201d, declar\u00f3 el Alcalde al presentar a los destacados ponentes: JAIME OMAR GARC\u00cdA, MAKI ESTHER ORTIZ DOM\u00cdNGUEZ, CINTHIA COLIN CASTRO, y ABEL LOPEZ, as\u00ed como a PEDRO EMILIO SOSA HERN\u00c1NDEZ, Presidente de la Fundaci\u00f3n.<\/p>\n<p>PEDRO EMILIO destac\u00f3 la importancia de la sinergia con el Ayuntamiento de Reynosa, con el objetivo de prevenir y erradicar el problema de las adicciones, y otras pl\u00e1ticas fueron disertadas por la Maestra en Tanatolog\u00eda, CYNTHIA COL\u00cdN CASTRO y ABEL L\u00d3PEZ.<\/p>\n<p>En su participaci\u00f3n, la Doctora MAKI ESTHER ORTIZ DOM\u00cdNGUEZ abund\u00f3 sobre la Resiliencia: \u201cLa vida no se trata de que no te toquen tragedias, se trata de salir adelante de ellas\u201d, y en sus palabras hizo reconocer en cada uno su propia fortaleza y su capacidad de transformar en fuerza toda experiencia.<\/p>\n<p>Por sus ponencias a favor de la vida con Cero Adicciones, con palabras que fortalecen el alma, la Fundaci\u00f3n Jaime Garc\u00eda otorg\u00f3 Reconocimientos al Sr. ABEL L\u00d3PEZ y a la Doctora MAKI ORTIZ DOMINGUEZ.<\/p>\n<p style=\"text-align: center;\"><strong><em>ENGRANDECE SU FUNCI\u00d3N<\/em><\/strong><\/p>\n<p>Por cierto, la Maestra NEREYDA GARRIDO FLORES agradeci\u00f3 con un vibrante discurso la Audiencia P\u00fablica presidida por el Alcalde CARLOS PE\u00d1A ORTIZ en la colonia Aquiles Serd\u00e1n, uno de los sectores de la ciudad tradicionalmente abandonado:<\/p>\n<p>\u201cLas buenas acciones se reflejan en obras de beneficio social y engrandecen a quien las realiza\u201d, matiz\u00f3 la docente, al hablar a nombre de m\u00e1s de medio millar de habitantes de las colonias Aquiles Serd\u00e1n, Carmen Serd\u00e1n y 10 de Mayo, quienes se reunieron en torno al joven Presidente Municipal para agradecerle que les haya llevado atenci\u00f3n m\u00e9dica y dental, ex\u00e1menes de optometr\u00eda y lentes \u00f3pticos, despensas y jornada veterinaria para mascotas, entre otros servicios gratuitos de apoyo a la comunidad.<\/p>\n<p>Convertida en un c\u00e1lido convivio vecinal, la Audiencia P\u00fablica en la que las familias tambi\u00e9n recibieron sillas de ruedas y andadores por parte del DIF &#8211;y el anuncio de operaci\u00f3n de cirug\u00edas de catarata y carnosidad&#8211;, permiti\u00f3 a las familias que habitan esos sectores marginados sellar un nuevo pacto social con su Alcalde.<\/p>\n<p>\u201cEstamos aqu\u00ed muy seguido porque sabemos de la gran necesidad en este sector; aqu\u00ed tenemos campa\u00f1a de sillas de ruedas, andadores, de parte del DIF\u201d, dijo y anunci\u00f3 la reapertura de la convocatoria de Becas para chofer de quinta rueda, con la finalidad de preparar mejor a los reynosenses y tengan m\u00e1s oportunidades de empleo con mayores ingresos.<\/p>\n<p style=\"text-align: center;\"><strong><em>APOYOS ANTE BAJAS TEMPERATURAS<\/em><\/strong><\/p>\n<p>De otro lado y atendiendo instrucciones del Presidente Municipal, CARLOS PE\u00d1A ORTIZ, el Sistema DIF Reynosa realiz\u00f3 la entrega de apoyos a personas en situaci\u00f3n de calle y a ciudadanos, ante las bajas temperaturas que se presentan en la ciudad.<\/p>\n<p>En conjunto con Protecci\u00f3n Civil Municipal, DIF Reynosa entreg\u00f3 pan, chocolate caliente, cobijas, calcetas y cobijas t\u00e9rmicas.<\/p>\n<p>Encabez\u00f3 el recorrido, en representaci\u00f3n del Presidente del Patronato del DIF Municipal, CARLOS LUIS PE\u00d1A GARZA, la Directora, ORALIA CANT\u00da CANT\u00da, acompa\u00f1ada del coordinador de Protecci\u00f3n Civil y Bomberos Municipal, ERNESTO G\u00d3MEZ DE LA PE\u00d1A, personal del DIF y de PC.<\/p>\n<p style=\"text-align: center;\"><strong><em>FESTEJAN NI\u00d1OS DE PRIMARIA <\/em><em>VISITA DEL PRESIDENTE MUNICIPAL<\/em><\/strong><\/p>\n<p>A prop\u00f3sito de Reynosa, la ni\u00f1a CAMILA D\u00c1MARIS S\u00c1ENZ LOZANO, alumna de la escuela primaria General Ignacio Zaragoza y sus compa\u00f1eros de estudio dieron un alegre y muy c\u00e1lido recibimiento al Presidente Municipal CARLOS PE\u00d1A ORTIZ, quien acudi\u00f3 a entregar equipos de c\u00f3mputo el mi\u00e9rcoles 16 de noviembre.<\/p>\n<p>\u201cLos alumnos de esta escuela sabremos agradecerle y lo haremos comprometi\u00e9ndonos a estudiar con responsabilidad, y junto a nuestros Maestros y Pap\u00e1s elaborar un proyecto de vida donde el estudio sea lo primordial, pues qu\u00e9 m\u00e1s ejemplo que usted que hace poco termin\u00f3 un posgrado y sigue prepar\u00e1ndose acad\u00e9micamente\u201d.<\/p>\n<p>El Alcalde agradeci\u00f3 las muestras de cari\u00f1o de alumnos, padres de familia y Maestros, acompa\u00f1ado por el Regidor JAIME ARRATIA BANDA; por los Secretarios: HIDILBERTA VEL\u00c1ZQUEZ MENDOZA y EDUARDO L\u00d3PEZ ARIAS, y el Profesor JORGE GUADALUPE ACU\u00d1A TOV\u00cdAS.<\/p>\n<p style=\"text-align: center;\"><strong><em>CULMINA EN NLD VACUNACI\u00d3N <\/em><em>TRANSFRONTERIZA 2022<\/em><\/strong><\/p>\n<p>Cambio de orientaci\u00f3n tem\u00e1tica para compartirle que la Campa\u00f1a de Vacunaci\u00f3n Transfronteriza 2022, lleg\u00f3 a su fin este jueves con m\u00e1s de 115 mil dosis anti Covid-19 aplicadas en beb\u00e9s, menores de edad, j\u00f3venes y adultos de Nuevo Laredo.<\/p>\n<p>Este programa de vacunaci\u00f3n que emprendi\u00f3 la alcaldesa CARMEN LILIA CANTUROSAS VILLARREAL junto al doctor V\u00cdCTOR TREVI\u00d1O de Laredo, Texas arranc\u00f3 desde el 25 de julio del a\u00f1o pasado.<\/p>\n<p>Se convirti\u00f3 en un hecho sin precedentes que\u00a0 marc\u00f3 historia en Nuevo Laredo, al ser el primer municipio de todo M\u00e9xico donde se vacunaron beb\u00e9s y ni\u00f1os de seis meses hasta 17 a\u00f1os, lo que enaltece el compromiso de CANTUROSAS VILLARREAL para brindar salud y bienestar a la poblaci\u00f3n.<\/p>\n<p>Mediante esta estrategia, se vacunaron neolaredenses de todas las edades en territorio americano sin la necesidad de visa, lo que logr\u00f3 que se redujera considerablemente los \u00edndices de contagios de dicho padecimiento.<\/p>\n<p>La alcaldesa neolaredense agradeci\u00f3 la voluntad del doctor V\u00cdCTOR TREVI\u00d1O de mantener su compromiso por fortalecer la salud p\u00fablica en la regi\u00f3n de los dos Laredos.<\/p>\n<p>\u201cHoy concluimos un ciclo que marc\u00f3 un antes y un despu\u00e9s en la lucha contra la pandemia, con gran satisfacci\u00f3n puedo decir que cumplimos el objetivo y que esto es solo el comienzo de todo lo que habremos de emprender para que las familias de Nuevo Laredo tengan una mejor calidad de vida\u201d, se\u00f1al\u00f3.<\/p>\n<p>La presidenta municipal tambi\u00e9n hizo un reconocimiento al equipo de la Direcci\u00f3n de Salud encabezado por la Dra. LILIA ARJONA BAROCIO y dem\u00e1s colaboradores del Gobierno Municipal por su destacada labor en estas jornadas de vacunaci\u00f3n.<\/p>\n<p style=\"text-align: center;\"><strong><em>INICIA OPERACIONES REPRESENTACI\u00d3N <\/em><em>DE TAMAULIPAS EN LA CDMX<\/em><\/strong><\/p>\n<p><strong>CIUDAD DE M\u00c9XICO.<\/strong><strong> &#8211;<\/strong> \u00a0El gobernador AM\u00c9RICO VILLARREAL, junto con el jefe de la Oficina del Ejecutivo estatal, RICARDO GUERRERO MORALES, dio inicio a las operaciones de la Representaci\u00f3n del Gobierno en la Ciudad de M\u00e9xico.<\/p>\n<p>En la apertura de los trabajos, donde tambi\u00e9n asisti\u00f3 la presidenta del sistema DIF Tamaulipas MAR\u00cdA de VILLARREAL, el mandatario instruy\u00f3 al maestro FERNANDO CENTENO, titular de la Representaci\u00f3n aprovechar todas las oportunidades que ofrece la capital como centro del Gobierno de M\u00e9xico para beneficiar a las tamaulipecas y tamaulipecos.<\/p>\n<p>\u201cContamos con ustedes y su buena representaci\u00f3n en la Ciudad de M\u00e9xico. Deben estar muy atentos a tocar todas las puertas y que no se nos escape ning\u00fana ventaja competitiva para llevar oportunidades de desarrollo a nuestra entidad\u201d.<\/p>\n<p>El evento se celebr\u00f3 en la sede de la Representaci\u00f3n, ubicada en Paseo de la Reforma 195 despacho 401, destacando VILLARREAL ANAYA que en Tamaulipas se realizan muchas ramas productivas como maquila en electr\u00f3nica y autopartes, entre otras m\u00e1s; sin embargo, tambi\u00e9n puso \u00e9nfasis en las actividades productivas: agricultura, ganader\u00eda, y piscicultura. Agreg\u00f3 que tambi\u00e9n hay puertos de altura, petroqu\u00edmica, refinaci\u00f3n, gas.<\/p>\n<p>Al agradecer el nombramiento y la apertura de las operaciones de la Representaci\u00f3n, CENTENO SIERRA, anunci\u00f3 que ya est\u00e1n en puerta acuerdos\u00a0 con la Organizaci\u00f3n Mundial de la Salud (OMS), y con el Instituto Mexicano del Seguro Social (IMSS).<\/p>\n<p style=\"text-align: center;\"><strong><em>GENERAL CH\u00c1VEZ: \u2018SEGURIDAD <\/em><em>P\u00daBLICA, CHATARRA Y DESORDEN\u2019<\/em><\/strong><\/p>\n<p>Aqu\u00ed un par\u00e9ntesis para mencionar que el Secretario de Seguridad P\u00fablica en Tamaulipas, General SERGIO CH\u00c1VEZ GARC\u00cdA, revel\u00f3 que la administraci\u00f3n saliente entreg\u00f3 patrullas chatarra, cuatro helic\u00f3pteros descompuestos y desorden administrativo en las oficinas.<\/p>\n<p>Igualmente grave es el adeudo de 42 seguros de vida que dejaron de pagarse a los familiares de los elementos ca\u00eddos en el cumplimiento de su deber, as\u00ed como los dos complejos de seguridad, de los cuatro que se construyeron, que no se han entregado en Matamoros y Altamira.<\/p>\n<p>CH\u00c1VEZ GARC\u00cdA explic\u00f3 que al final de este mes se presentar\u00e1 el pliego de irregularidades detectadas en el proceso entrega-recepci\u00f3n y ya ser\u00e1n las autoridades correspondientes del gobierno del Estado las que determinar\u00e1n las acciones a seguir.<\/p>\n<p>\u201cSabemos que hubo errores en el pasado, pero est\u00e1n localizados, sabemos de donde salieron y como da\u00f1aron. No se va a tapar a nadie, el que la deba la va a pagar\u201d, asegur\u00f3.<\/p>\n<p>Luego de admitir que se cuenta con tres mil 900 elementos operativos de la Guardia Estatal, mencion\u00f3 que las acciones de prevenci\u00f3n y disuasi\u00f3n del delito ser\u00e1n fortalecidas a lo largo y ancho del territorio tamaulipeco.<\/p>\n<p>Para tratar de cubrir las carencias de patrullas, mencion\u00f3 que el gobernador Am\u00e9rico Villarreal entregar\u00e1 en los pr\u00f3ximos d\u00edas 60 unidades m\u00e1s, luego de que el pasado lunes entreg\u00f3 en Reynosa las primeras 40 nuevas patrullas de la Guardia Estatal.<\/p>\n<p>Sobre las llamadas falsas de artefactos explosivos que se realizaron al Congreso del Estado y a otras dependencias, la Fiscal\u00eda inici\u00f3 una investigaci\u00f3n y ya tiene ubicado la procedencia de las mismas as\u00ed como la identificaci\u00f3n de las personas que las hicieron<\/p>\n<p style=\"text-align: center;\"><strong><em>60 MIL MAESTROS DE LA <\/em><em>SECCION 30, A LAS URNAS<\/em><\/strong><\/p>\n<p>De otro lado, deje decirle que una vez que el Sindicato Nacional de Trabajadores de la Educaci\u00f3n (SNTE) dio a conocer la convocatoria para la elecci\u00f3n de la directiva sindical de la Secci\u00f3n 30, empezaron a organizarse los comicios internos del gremio, en el cual unos 60 mil mentores emitir\u00e1n, por primera vez en la Secci\u00f3n, el voto universal y secreto.<\/p>\n<p>El Comit\u00e9 Ejecutivo Seccional encabezado por el maestro JOS\u00c9 RIGOBERTO GUEVARA V\u00c1ZQUEZ y ante la presencia del representante del CEN del SNTE, JORGE MIGUEL COTA KATZENSTEIN, y el Maestro CARLOS GUTI\u00c9RREZ GARC\u00cdA, responsable de este proceso democr\u00e1tico, se dio a conocer este documento que marca el inicio del proceso de renovaci\u00f3n del gobierno sindical.<\/p>\n<p>Por su parte el Profesor CARLOS GUTI\u00c9RREZ GARC\u00cdA, convoc\u00f3 a los maestros de Tamaulipas a hacer de este proceso de elecci\u00f3n una fiesta c\u00edvica en donde los maestros den el ejemplo de unidad, de disciplina, de trabajo, pero sobre todo de transparencia y respeto hacia la base y la misma organizaci\u00f3n sindical.<\/p>\n<p>La elecci\u00f3n de la directiva de la secci\u00f3n 30 del SNTE, ser\u00e1 mediante el voto universal, libre, secreto e intransferible a trav\u00e9s de las asambleas para el periodo del 13 de diciembre de 2022 al 12 de diciembre del 2026.<\/p>\n<p>Son 55 cargos a contender desde el Secretario General hasta la Secretar\u00eda de Oficial\u00eda Mayor.<\/p>\n<p>El padr\u00f3n de votantes ser\u00e1 difundido entre los mismos integrantes de la secci\u00f3n 30 del SNTE en la p\u00e1gina oficial de la secci\u00f3n sindical a partir del 4 de diciembre.<\/p>\n<p>Entre los aspirantes est\u00e1n CECILIA ROBLES, NAIF HAMSCHO, ARNULFO RODRIGUEZ, ABELARDO IBARRA entre otros m\u00e1s.<\/p>\n<p>La elecci\u00f3n de la Directiva Seccional Sindical se llevar\u00e1 a cabo mediante 235 Asambleas Delegacionales Electivas, el 9 de diciembre del 2022, de 9 de la ma\u00f1ana a una de la tarde.<\/p>\n<p style=\"text-align: center;\"><strong><em>FIRMAN LA UAT Y EL ITACE <\/em><em>CONVENIO DE COLABORACI\u00d3N<\/em><\/strong><\/p>\n<p><strong>Por \u00faltimo, l<\/strong>a Universidad Aut\u00f3noma de Tamaulipas (UAT) y el Instituto Tamaulipeco de Capacitaci\u00f3n para el Empleo (ITACE), firmaron un convenio para colaborar de manera conjunta en programas de capacitaci\u00f3n e implementar el Sistema de Educaci\u00f3n Dual para el nivel medio superior.<\/p>\n<p>En ceremonia desarrollada en el Centro de Excelencia del Campus Victoria, el acuerdo fue firmado por el C. P. GUILLERMO MENDOZA CAVAZOS, rector de la UAT, y la Dra. CLAUDIA ANAYA ALVARADO, directora general del Sistema ITACE Tamaulipas.<\/p>\n<p>El evento tuvo como marco la entrega de constancias a 71 trabajadores sindicalizados de la UAT que concluyeron diferentes cursos de capacitaci\u00f3n impartidos por el ITACE en esta capital.<\/p>\n<p>Durante su intervenci\u00f3n, el rector destac\u00f3 la oportunidad de renovar con este convenio los programas de capacitaci\u00f3n para el personal t\u00e9cnico y administrativo universitario, adem\u00e1s de abrir la posibilidad de que estudiantes del ITACE puedan involucrarse, mediante la educaci\u00f3n dual, en la oferta educativa de la UAT desde antes de que concluyan su bachillerato.<\/p>\n<p>Dijo que, con el modelo de educaci\u00f3n dual, se pretende influir positivamente en las habilidades y capacidades acad\u00e9micas de los estudiantes del ITACE. De igual manera, felicit\u00f3 a los trabajadores sindicalizados de la UAT que concluyeron los diferentes cursos de capacitaci\u00f3n.<\/p>\n<p>\u201cLos felicito por tratar de ser mejores en el desempe\u00f1o de sus funciones, y eso se reconoce, porque al final sabemos que el compromiso del Sindicato, hist\u00f3ricamente, ha sido aportar su mayor esfuerzo para el bien de la UAT\u201d, indic\u00f3.<\/p>\n<p>Por hoy es todo, nos leemos ma\u00f1ana.<\/p>\n","protected":false},"excerpt":{"rendered":"<p>Am\u00e9rico y Carlos: 2 l\u00edderes de su tiempo Un \u00e9xito, reuni\u00f3n del Plan de Apoyo&#8230;<\/p>\n","protected":false},"author":1,"featured_media":30459,"comment_status":"open","ping_status":"open","sticky":false,"template":"","format":"standard","meta":{"footnotes":"","jetpack_publicize_message":"","jetpack_publicize_feature_enabled":true,"jetpack_social_post_already_shared":false,"jetpack_social_options":{"image_generator_settings":{"template":"highway","default_image_id":0,"font":"","enabled":false},"version":2}},"categories":[23],"tags":[],"class_list":["post-34688","post","type-post","status-publish","format-standard","has-post-thumbnail","hentry","category-columnas"],"jetpack_publicize_connections":[],"_links":{"self":[{"href":"https:\/\/www.buroperiodistico.com.mx\/index.php?rest_route=\/wp\/v2\/posts\/34688","targetHints":{"allow":["GET"]}}],"collection":[{"href":"https:\/\/www.buroperiodistico.com.mx\/index.php?rest_route=\/wp\/v2\/posts"}],"about":[{"href":"https:\/\/www.buroperiodistico.com.mx\/index.php?rest_route=\/wp\/v2\/types\/post"}],"author":[{"embeddable":true,"href":"https:\/\/www.buroperiodistico.com.mx\/index.php?rest_route=\/wp\/v2\/users\/1"}],"replies":[{"embeddable":true,"href":"https:\/\/www.buroperiodistico.com.mx\/index.php?rest_route=%2Fwp%2Fv2%2Fcomments&post=34688"}],"version-history":[{"count":0,"href":"https:\/\/www.buroperiodistico.com.mx\/index.php?rest_route=\/wp\/v2\/posts\/34688\/revisions"}],"wp:featuredmedia":[{"embeddable":true,"href":"https:\/\/www.buroperiodistico.com.mx\/index.php?rest_route=\/wp\/v2\/media\/30459"}],"wp:attachment":[{"href":"https:\/\/www.buroperiodistico.com.mx\/index.php?rest_route=%2Fwp%2Fv2%2Fmedia&parent=34688"}],"wp:term":[{"taxonomy":"category","embeddable":true,"href":"https:\/\/www.buroperiodistico.com.mx\/index.php?rest_route=%2Fwp%2Fv2%2Fcategories&post=34688"},{"taxonomy":"post_tag","embeddable":true,"href":"https:\/\/www.buroperiodistico.com.mx\/index.php?rest_route=%2Fwp%2Fv2%2Ftags&post=34688"}],"curies":[{"name":"wp","href":"https:\/\/api.w.org\/{rel}","templated":true}]}}