{"id":34685,"date":"2022-11-17T18:13:17","date_gmt":"2022-11-18T00:13:17","guid":{"rendered":"https:\/\/www.buroperiodistico.com.mx\/?p=34685"},"modified":"2022-11-17T18:13:17","modified_gmt":"2022-11-18T00:13:17","slug":"exhorta-secretaria-de-salud-a-protegerse-ante-bajas-temperaturas","status":"publish","type":"post","link":"https:\/\/www.buroperiodistico.com.mx\/?p=34685","title":{"rendered":"Exhorta Secretar\u00eda de Salud a protegerse ante bajas temperaturas"},"content":{"rendered":"<p><em><strong><img loading=\"lazy\" decoding=\"async\" class=\"alignright  wp-image-34686\" src=\"https:\/\/www.buroperiodistico.com.mx\/wp-content\/uploads\/2022\/11\/SSTSX.jpeg\" alt=\"\" width=\"517\" height=\"299\" srcset=\"https:\/\/www.buroperiodistico.com.mx\/wp-content\/uploads\/2022\/11\/SSTSX.jpeg 1024w, https:\/\/www.buroperiodistico.com.mx\/wp-content\/uploads\/2022\/11\/SSTSX-300x173.jpeg 300w, https:\/\/www.buroperiodistico.com.mx\/wp-content\/uploads\/2022\/11\/SSTSX-768x444.jpeg 768w\" sizes=\"auto, (max-width: 517px) 100vw, 517px\" \/>Ciudad Victoria, Tamaulipas (17-Noviembre-2022).-<\/strong><\/em> Ante el pron\u00f3stico de que las bajas temperaturas continuar\u00e1n en gran parte del territorio tamaulipeco durante los pr\u00f3ximos d\u00edas, el Secretario de Salud, Vicente Joel Hern\u00e1ndez Navarro, exhort\u00f3 a la poblaci\u00f3n a mantener las medidas preventivas, abrigarse bien y proteger a los m\u00e1s vulnerables como los menores de edad y personas adultas mayores.<\/p>\n<p>\u201cEs importante abrigarse adecuadamente y evitar los cambios bruscos de temperatura, adem\u00e1s de aislar a las personas enfermas para evitar la propagaci\u00f3n de virus y complicaciones de las v\u00edas respiratorias\u201d, destac\u00f3.<\/p>\n<p>Reiter\u00f3 el llamado para que se adopten las medidas de prevenci\u00f3n y vacunarse contra el COVID-19, as\u00ed como a que acudan a los m\u00f3dulos de vacunaci\u00f3n que se encuentran instalados en diferentes municipios de la entidad, para completar su esquema y evitar que se presenten complicaciones graves de esta enfermedad.<\/p>\n<p>Con el fin de evitar enfermedades recomend\u00f3 a la ciudadan\u00eda, que asistan a las unidades hospitalarias para la aplicaci\u00f3n de la vacuna de la influenza si pertenecen a los grupos de poblaci\u00f3n de 6 a 59 meses de edad y adultos mayores de 60 a\u00f1os, mujeres embarazadas, personas con diabetes, con problemas renales, obesidad, enfermedades respiratorias como asma, enfermedades del coraz\u00f3n, c\u00e1ncer, VIH, principalmente.<\/p>\n<p>\u201cEntre los signos de alarma que debemos detectar y acudir de manera inmediata a los centros de salud o unidades hospitalarias son fiebre alta, dificultad para respirar, tos, ronquera, escurrimiento nasal, entre otros\u201d, precis\u00f3.<\/p>\n<p>El titular de la SST pidi\u00f3 no bajar la guardia ante la presencia de cualquier s\u00edntoma de enfermedad respiratoria e insisti\u00f3 en lavarse las manos frecuentemente, consumir abundantes l\u00edquidos, alimentarse de manera adecuada y vitaminarse para proteger las v\u00edas respiratorias.<\/p>\n","protected":false},"excerpt":{"rendered":"<p>Ciudad Victoria, Tamaulipas (17-Noviembre-2022).- Ante el pron\u00f3stico de que las bajas temperaturas continuar\u00e1n en gran&#8230;<\/p>\n","protected":false},"author":1,"featured_media":34686,"comment_status":"open","ping_status":"open","sticky":false,"template":"","format":"standard","meta":{"footnotes":"","jetpack_publicize_message":"","jetpack_publicize_feature_enabled":true,"jetpack_social_post_already_shared":false,"jetpack_social_options":{"image_generator_settings":{"template":"highway","default_image_id":0,"font":"","enabled":false},"version":2}},"categories":[25,10],"tags":[],"class_list":["post-34685","post","type-post","status-publish","format-standard","has-post-thumbnail","hentry","category-portada","category-tamaulipas"],"jetpack_publicize_connections":[],"_links":{"self":[{"href":"https:\/\/www.buroperiodistico.com.mx\/index.php?rest_route=\/wp\/v2\/posts\/34685","targetHints":{"allow":["GET"]}}],"collection":[{"href":"https:\/\/www.buroperiodistico.com.mx\/index.php?rest_route=\/wp\/v2\/posts"}],"about":[{"href":"https:\/\/www.buroperiodistico.com.mx\/index.php?rest_route=\/wp\/v2\/types\/post"}],"author":[{"embeddable":true,"href":"https:\/\/www.buroperiodistico.com.mx\/index.php?rest_route=\/wp\/v2\/users\/1"}],"replies":[{"embeddable":true,"href":"https:\/\/www.buroperiodistico.com.mx\/index.php?rest_route=%2Fwp%2Fv2%2Fcomments&post=34685"}],"version-history":[{"count":0,"href":"https:\/\/www.buroperiodistico.com.mx\/index.php?rest_route=\/wp\/v2\/posts\/34685\/revisions"}],"wp:featuredmedia":[{"embeddable":true,"href":"https:\/\/www.buroperiodistico.com.mx\/index.php?rest_route=\/wp\/v2\/media\/34686"}],"wp:attachment":[{"href":"https:\/\/www.buroperiodistico.com.mx\/index.php?rest_route=%2Fwp%2Fv2%2Fmedia&parent=34685"}],"wp:term":[{"taxonomy":"category","embeddable":true,"href":"https:\/\/www.buroperiodistico.com.mx\/index.php?rest_route=%2Fwp%2Fv2%2Fcategories&post=34685"},{"taxonomy":"post_tag","embeddable":true,"href":"https:\/\/www.buroperiodistico.com.mx\/index.php?rest_route=%2Fwp%2Fv2%2Ftags&post=34685"}],"curies":[{"name":"wp","href":"https:\/\/api.w.org\/{rel}","templated":true}]}}