{"id":34676,"date":"2022-11-17T18:01:11","date_gmt":"2022-11-18T00:01:11","guid":{"rendered":"https:\/\/www.buroperiodistico.com.mx\/?p=34676"},"modified":"2022-11-17T18:01:11","modified_gmt":"2022-11-18T00:01:11","slug":"aporto-municipio-de-reynosa-herramientas-tecnologicas-a-escuela-himno-nacional","status":"publish","type":"post","link":"https:\/\/www.buroperiodistico.com.mx\/?p=34676","title":{"rendered":"Aport\u00f3 Municipio de Reynosa herramientas tecnol\u00f3gicas a escuela Himno Nacional"},"content":{"rendered":"<p><strong><img loading=\"lazy\" decoding=\"async\" class=\"alignright  wp-image-34683\" src=\"https:\/\/www.buroperiodistico.com.mx\/wp-content\/uploads\/2022\/11\/Apoyox.jpg\" alt=\"\" width=\"601\" height=\"325\" srcset=\"https:\/\/www.buroperiodistico.com.mx\/wp-content\/uploads\/2022\/11\/Apoyox.jpg 1110w, https:\/\/www.buroperiodistico.com.mx\/wp-content\/uploads\/2022\/11\/Apoyox-300x162.jpg 300w, https:\/\/www.buroperiodistico.com.mx\/wp-content\/uploads\/2022\/11\/Apoyox-1024x554.jpg 1024w, https:\/\/www.buroperiodistico.com.mx\/wp-content\/uploads\/2022\/11\/Apoyox-768x415.jpg 768w\" sizes=\"auto, (max-width: 601px) 100vw, 601px\" \/>Por Iv\u00e1n Dom\u00ednguez\/17-Noviembre-2022<\/strong><\/p>\n<p><em><strong>Reynosa, Tam.-<\/strong><\/em> M\u00e1s ni\u00f1os de educaci\u00f3n primaria est\u00e1n acerc\u00e1ndose a la actualizaci\u00f3n tecnol\u00f3gica con los equipos de c\u00f3mputo que el Alcalde Carlos Pe\u00f1a Ortiz entrega a las escuelas; en Himno Nacional, de la colonia Ferrocarril, recibieron con alegr\u00eda las unidades donadas por el Gobierno Municipal el mi\u00e9rcoles 16 de noviembre.<\/p>\n<p>El alumno Erik Tadeo Dom\u00ednguez Gallegos y la Directora Rosa Luz Delgado Arg\u00fcelles recibieron al Alcalde; \u00abAgradecemos su compromiso con la educaci\u00f3n por tomar acciones que benefician a nuestros ni\u00f1os, gracias a su apoyo nuestros alumnos dar\u00e1n un paso enorme al contar con una herramienta tan indispensable en estos d\u00edas\u00bb, dijo la Maestra.<\/p>\n<p>\u00abCon estas acciones Reynosa seguir\u00e1 volando alto en pro de una mejor calidad de vida de los ciudadanos\u00bb, asegur\u00f3 ante el Presidente Municipal, que estuvo acompa\u00f1ado por los S\u00edndicos y Regidores, Mar\u00eda Luisa Tavares, Marco Antonio Montalvo, Jaime Arratia Banda, Denisse Ahumada y Mar\u00eda Teresa M\u00e1rquez Lim\u00f3n y la Secretaria de SEDESOL, Hidilberta Vel\u00e1zquez Mendoza.<\/p>\n<p><img loading=\"lazy\" decoding=\"async\" class=\"size-full wp-image-34677 aligncenter\" src=\"https:\/\/www.buroperiodistico.com.mx\/wp-content\/uploads\/2022\/11\/Apoyox-I.jpeg\" alt=\"\" width=\"640\" height=\"426\" srcset=\"https:\/\/www.buroperiodistico.com.mx\/wp-content\/uploads\/2022\/11\/Apoyox-I.jpeg 640w, https:\/\/www.buroperiodistico.com.mx\/wp-content\/uploads\/2022\/11\/Apoyox-I-300x200.jpeg 300w\" sizes=\"auto, (max-width: 640px) 100vw, 640px\" \/> <img loading=\"lazy\" decoding=\"async\" class=\"size-full wp-image-34678 aligncenter\" src=\"https:\/\/www.buroperiodistico.com.mx\/wp-content\/uploads\/2022\/11\/Apoyox-II.jpeg\" alt=\"\" width=\"640\" height=\"426\" srcset=\"https:\/\/www.buroperiodistico.com.mx\/wp-content\/uploads\/2022\/11\/Apoyox-II.jpeg 640w, https:\/\/www.buroperiodistico.com.mx\/wp-content\/uploads\/2022\/11\/Apoyox-II-300x200.jpeg 300w\" sizes=\"auto, (max-width: 640px) 100vw, 640px\" \/> <img loading=\"lazy\" decoding=\"async\" class=\"size-full wp-image-34679 aligncenter\" src=\"https:\/\/www.buroperiodistico.com.mx\/wp-content\/uploads\/2022\/11\/Apoyox-III.jpeg\" alt=\"\" width=\"640\" height=\"426\" srcset=\"https:\/\/www.buroperiodistico.com.mx\/wp-content\/uploads\/2022\/11\/Apoyox-III.jpeg 640w, https:\/\/www.buroperiodistico.com.mx\/wp-content\/uploads\/2022\/11\/Apoyox-III-300x200.jpeg 300w\" sizes=\"auto, (max-width: 640px) 100vw, 640px\" \/> <img loading=\"lazy\" decoding=\"async\" class=\"size-full wp-image-34680 aligncenter\" src=\"https:\/\/www.buroperiodistico.com.mx\/wp-content\/uploads\/2022\/11\/Apoyox-IIII.jpeg\" alt=\"\" width=\"640\" height=\"426\" srcset=\"https:\/\/www.buroperiodistico.com.mx\/wp-content\/uploads\/2022\/11\/Apoyox-IIII.jpeg 640w, https:\/\/www.buroperiodistico.com.mx\/wp-content\/uploads\/2022\/11\/Apoyox-IIII-300x200.jpeg 300w\" sizes=\"auto, (max-width: 640px) 100vw, 640px\" \/> <img loading=\"lazy\" decoding=\"async\" class=\"size-full wp-image-34682 aligncenter\" src=\"https:\/\/www.buroperiodistico.com.mx\/wp-content\/uploads\/2022\/11\/Apoyox-IIIIII.jpeg\" alt=\"\" width=\"640\" height=\"426\" srcset=\"https:\/\/www.buroperiodistico.com.mx\/wp-content\/uploads\/2022\/11\/Apoyox-IIIIII.jpeg 640w, https:\/\/www.buroperiodistico.com.mx\/wp-content\/uploads\/2022\/11\/Apoyox-IIIIII-300x200.jpeg 300w\" sizes=\"auto, (max-width: 640px) 100vw, 640px\" \/> <img loading=\"lazy\" decoding=\"async\" class=\"size-full wp-image-34681 aligncenter\" src=\"https:\/\/www.buroperiodistico.com.mx\/wp-content\/uploads\/2022\/11\/Apoyox-IIIII.jpeg\" alt=\"\" width=\"426\" height=\"640\" srcset=\"https:\/\/www.buroperiodistico.com.mx\/wp-content\/uploads\/2022\/11\/Apoyox-IIIII.jpeg 426w, https:\/\/www.buroperiodistico.com.mx\/wp-content\/uploads\/2022\/11\/Apoyox-IIIII-200x300.jpeg 200w\" sizes=\"auto, (max-width: 426px) 100vw, 426px\" \/><\/p>\n","protected":false},"excerpt":{"rendered":"<p>Por Iv\u00e1n Dom\u00ednguez\/17-Noviembre-2022 Reynosa, Tam.- M\u00e1s ni\u00f1os de educaci\u00f3n primaria est\u00e1n acerc\u00e1ndose a la actualizaci\u00f3n&#8230;<\/p>\n","protected":false},"author":1,"featured_media":34683,"comment_status":"open","ping_status":"open","sticky":false,"template":"","format":"standard","meta":{"footnotes":"","jetpack_publicize_message":"","jetpack_publicize_feature_enabled":true,"jetpack_social_post_already_shared":false,"jetpack_social_options":{"image_generator_settings":{"template":"highway","default_image_id":0,"font":"","enabled":false},"version":2}},"categories":[25,9],"tags":[],"class_list":["post-34676","post","type-post","status-publish","format-standard","has-post-thumbnail","hentry","category-portada","category-reynosa"],"jetpack_publicize_connections":[],"_links":{"self":[{"href":"https:\/\/www.buroperiodistico.com.mx\/index.php?rest_route=\/wp\/v2\/posts\/34676","targetHints":{"allow":["GET"]}}],"collection":[{"href":"https:\/\/www.buroperiodistico.com.mx\/index.php?rest_route=\/wp\/v2\/posts"}],"about":[{"href":"https:\/\/www.buroperiodistico.com.mx\/index.php?rest_route=\/wp\/v2\/types\/post"}],"author":[{"embeddable":true,"href":"https:\/\/www.buroperiodistico.com.mx\/index.php?rest_route=\/wp\/v2\/users\/1"}],"replies":[{"embeddable":true,"href":"https:\/\/www.buroperiodistico.com.mx\/index.php?rest_route=%2Fwp%2Fv2%2Fcomments&post=34676"}],"version-history":[{"count":0,"href":"https:\/\/www.buroperiodistico.com.mx\/index.php?rest_route=\/wp\/v2\/posts\/34676\/revisions"}],"wp:featuredmedia":[{"embeddable":true,"href":"https:\/\/www.buroperiodistico.com.mx\/index.php?rest_route=\/wp\/v2\/media\/34683"}],"wp:attachment":[{"href":"https:\/\/www.buroperiodistico.com.mx\/index.php?rest_route=%2Fwp%2Fv2%2Fmedia&parent=34676"}],"wp:term":[{"taxonomy":"category","embeddable":true,"href":"https:\/\/www.buroperiodistico.com.mx\/index.php?rest_route=%2Fwp%2Fv2%2Fcategories&post=34676"},{"taxonomy":"post_tag","embeddable":true,"href":"https:\/\/www.buroperiodistico.com.mx\/index.php?rest_route=%2Fwp%2Fv2%2Ftags&post=34676"}],"curies":[{"name":"wp","href":"https:\/\/api.w.org\/{rel}","templated":true}]}}