{"id":34654,"date":"2022-11-17T16:54:49","date_gmt":"2022-11-17T22:54:49","guid":{"rendered":"https:\/\/www.buroperiodistico.com.mx\/?p=34654"},"modified":"2022-11-17T16:54:49","modified_gmt":"2022-11-17T22:54:49","slug":"promueve-sistema-dif-derechos-de-ninas-ninos-y-adolescentes-en-escuelas-de-la-ciudad","status":"publish","type":"post","link":"https:\/\/www.buroperiodistico.com.mx\/?p=34654","title":{"rendered":"PROMUEVE SISTEMA  DIF DERECHOS DE NI\u00d1AS, NI\u00d1OS Y ADOLESCENTES EN ESCUELAS DE LA CIUDAD"},"content":{"rendered":"<p dir=\"ltr\"><em><strong><img loading=\"lazy\" decoding=\"async\" class=\"alignright  wp-image-34658\" src=\"https:\/\/www.buroperiodistico.com.mx\/wp-content\/uploads\/2022\/11\/DIF-DERECHOS-NIN\u0303OS.jpg\" alt=\"\" width=\"614\" height=\"342\" srcset=\"https:\/\/www.buroperiodistico.com.mx\/wp-content\/uploads\/2022\/11\/DIF-DERECHOS-NIN\u0303OS.jpg 1024w, https:\/\/www.buroperiodistico.com.mx\/wp-content\/uploads\/2022\/11\/DIF-DERECHOS-NIN\u0303OS-300x167.jpg 300w, https:\/\/www.buroperiodistico.com.mx\/wp-content\/uploads\/2022\/11\/DIF-DERECHOS-NIN\u0303OS-768x428.jpg 768w\" sizes=\"auto, (max-width: 614px) 100vw, 614px\" \/>Nuevo Laredo, Tam (17-Noviembre-2022).-<\/strong><\/em> Para conmemorar el 33 aniversario de la Convenci\u00f3n sobre los Derechos del Ni\u00f1o, el Sistema para el Desarrollo Integral de la Familia (DIF) de Nuevo Laredo que preside la se\u00f1ora Claudette Canturosas Villarreal, realiz\u00f3 la \u201cFeria de los Derechos de las ni\u00f1as, ni\u00f1os y adolescentes\u201d en dos escuelas de la ciudad.<\/p>\n<p dir=\"ltr\">La presidenta del Sistema DIF mencion\u00f3 que estas actividades son de gran beneficio para los menores, para que sean\u00a0 informados sobre sus derechos y obligaciones y\u00a0 de c\u00f3mo hacerlos valer para que crezcan en un ambiente sano.<\/p>\n<p dir=\"ltr\">\u201cRealizamos esta actividad especial para los ni\u00f1os y adolescentes\u00a0 de una manera llamativa para que conozcan sus derechos , en el DIF son una prioridad y siempre procuramos su bienestar llevando el mensaje de amor y paz que nos ense\u00f1a la Dra.Mar\u00eda de Villarreal, presidenta del DIF Tamaulipas\u201d coment\u00f3 Canturosas de Salinas.<\/p>\n<p dir=\"ltr\">Los alumnos beneficiados con esta actividad fueron\u00a0 de la escuela primaria\u00a0 Alvaro Obreg\u00f3n y de la Secundar\u00eda T\u00e9cnica No.2\u00a0 donde a trav\u00e9s de divertidas actividades interactivas los alumnos\u00a0 pudieron conocer los valores y sus derechos que son reconocidos por la Declaraci\u00f3n Universal de los Derechos Humanos y otras convenciones internacionales.<\/p>\n<p dir=\"ltr\">Durante el evento \u00a0 los alumnos escucharon pl\u00e1ticas del departamento de Atenci\u00f3n a Familias y J\u00f3venes\u00a0 sobre los derechos de los ni\u00f1os y sus obligaciones que\u00a0 deben de cumplir por ser menores de edad, as\u00ed como tambi\u00e9n conocieron los riesgos del alcohol y drogas con las charlas de prevenci\u00f3n de adicciones.<\/p>\n<p dir=\"ltr\">Adem\u00e1s conocieron los diferentes m\u00f3dulos del Sistema DIF de Programas Alimentarios, Salud y el de CEDIF que estuvo realizando corte de cabello para los menores que lo quisieran.<\/p>\n<p dir=\"ltr\">La Comisi\u00f3n Regional de los Derechos Humanos de Tamaulipas tambi\u00e9n\u00a0 brind\u00f3 informaci\u00f3n as\u00ed como material did\u00e1ctico sobre los derechos de los ni\u00f1os y j\u00f3venes.<\/p>\n<p dir=\"ltr\">Por parte del Gobierno Municipal particip\u00f3\u00a0 la Direcci\u00f3n de Cultura F\u00edsica y Deporte donde ofreci\u00f3 una entretenida clase de activaci\u00f3n f\u00edsica para los alumnos, al igual que la Direcci\u00f3n de Arte y Cultura realiz\u00f3 una exposici\u00f3n de los dibujos y manualidades que realizan los miembros de la Casa de la Cultura Palmar\u00e9s\u00a0 y Viveros.<\/p>\n<p dir=\"ltr\">Cada 20 de noviembre se conmemora la Convenci\u00f3n del D\u00eda Universal de los Derechos de los Ni\u00f1os en donde se tiene como objetivo difundir y crear conciencia sobre las leyes que amparan a los menores para que tengan una sana infancia.<\/p>\n<p dir=\"ltr\"><img loading=\"lazy\" decoding=\"async\" class=\"size-full wp-image-34655 aligncenter\" src=\"https:\/\/www.buroperiodistico.com.mx\/wp-content\/uploads\/2022\/11\/DIF-DERECHOS-NIN\u0303OS-I.jpg\" alt=\"\" width=\"640\" height=\"427\" srcset=\"https:\/\/www.buroperiodistico.com.mx\/wp-content\/uploads\/2022\/11\/DIF-DERECHOS-NIN\u0303OS-I.jpg 640w, https:\/\/www.buroperiodistico.com.mx\/wp-content\/uploads\/2022\/11\/DIF-DERECHOS-NIN\u0303OS-I-300x200.jpg 300w\" sizes=\"auto, (max-width: 640px) 100vw, 640px\" \/> <img loading=\"lazy\" decoding=\"async\" class=\"size-full wp-image-34657 aligncenter\" src=\"https:\/\/www.buroperiodistico.com.mx\/wp-content\/uploads\/2022\/11\/DIF-DERECHOS-NIN\u0303OS-III.jpg\" alt=\"\" width=\"640\" height=\"427\" srcset=\"https:\/\/www.buroperiodistico.com.mx\/wp-content\/uploads\/2022\/11\/DIF-DERECHOS-NIN\u0303OS-III.jpg 640w, https:\/\/www.buroperiodistico.com.mx\/wp-content\/uploads\/2022\/11\/DIF-DERECHOS-NIN\u0303OS-III-300x200.jpg 300w\" sizes=\"auto, (max-width: 640px) 100vw, 640px\" \/> <img loading=\"lazy\" decoding=\"async\" class=\"size-full wp-image-34656 aligncenter\" src=\"https:\/\/www.buroperiodistico.com.mx\/wp-content\/uploads\/2022\/11\/DIF-DERECHOS-NIN\u0303OS-II.jpg\" alt=\"\" width=\"640\" height=\"427\" srcset=\"https:\/\/www.buroperiodistico.com.mx\/wp-content\/uploads\/2022\/11\/DIF-DERECHOS-NIN\u0303OS-II.jpg 640w, https:\/\/www.buroperiodistico.com.mx\/wp-content\/uploads\/2022\/11\/DIF-DERECHOS-NIN\u0303OS-II-300x200.jpg 300w\" sizes=\"auto, (max-width: 640px) 100vw, 640px\" \/><\/p>\n","protected":false},"excerpt":{"rendered":"<p>Nuevo Laredo, Tam (17-Noviembre-2022).- Para conmemorar el 33 aniversario de la Convenci\u00f3n sobre los Derechos&#8230;<\/p>\n","protected":false},"author":1,"featured_media":34658,"comment_status":"open","ping_status":"open","sticky":false,"template":"","format":"standard","meta":{"footnotes":"","jetpack_publicize_message":"","jetpack_publicize_feature_enabled":true,"jetpack_social_post_already_shared":false,"jetpack_social_options":{"image_generator_settings":{"template":"highway","default_image_id":0,"font":"","enabled":false},"version":2}},"categories":[16],"tags":[],"class_list":["post-34654","post","type-post","status-publish","format-standard","has-post-thumbnail","hentry","category-nuevolaredo"],"jetpack_publicize_connections":[],"_links":{"self":[{"href":"https:\/\/www.buroperiodistico.com.mx\/index.php?rest_route=\/wp\/v2\/posts\/34654","targetHints":{"allow":["GET"]}}],"collection":[{"href":"https:\/\/www.buroperiodistico.com.mx\/index.php?rest_route=\/wp\/v2\/posts"}],"about":[{"href":"https:\/\/www.buroperiodistico.com.mx\/index.php?rest_route=\/wp\/v2\/types\/post"}],"author":[{"embeddable":true,"href":"https:\/\/www.buroperiodistico.com.mx\/index.php?rest_route=\/wp\/v2\/users\/1"}],"replies":[{"embeddable":true,"href":"https:\/\/www.buroperiodistico.com.mx\/index.php?rest_route=%2Fwp%2Fv2%2Fcomments&post=34654"}],"version-history":[{"count":0,"href":"https:\/\/www.buroperiodistico.com.mx\/index.php?rest_route=\/wp\/v2\/posts\/34654\/revisions"}],"wp:featuredmedia":[{"embeddable":true,"href":"https:\/\/www.buroperiodistico.com.mx\/index.php?rest_route=\/wp\/v2\/media\/34658"}],"wp:attachment":[{"href":"https:\/\/www.buroperiodistico.com.mx\/index.php?rest_route=%2Fwp%2Fv2%2Fmedia&parent=34654"}],"wp:term":[{"taxonomy":"category","embeddable":true,"href":"https:\/\/www.buroperiodistico.com.mx\/index.php?rest_route=%2Fwp%2Fv2%2Fcategories&post=34654"},{"taxonomy":"post_tag","embeddable":true,"href":"https:\/\/www.buroperiodistico.com.mx\/index.php?rest_route=%2Fwp%2Fv2%2Ftags&post=34654"}],"curies":[{"name":"wp","href":"https:\/\/api.w.org\/{rel}","templated":true}]}}