{"id":34650,"date":"2022-11-17T16:52:04","date_gmt":"2022-11-17T22:52:04","guid":{"rendered":"https:\/\/www.buroperiodistico.com.mx\/?p=34650"},"modified":"2022-11-17T16:52:04","modified_gmt":"2022-11-17T22:52:04","slug":"abrira-comapa-oficinas-en-dia-de-asueto","status":"publish","type":"post","link":"https:\/\/www.buroperiodistico.com.mx\/?p=34650","title":{"rendered":"ABRIR\u00c1 COMAPA OFICINAS EN DIA DE ASUETO"},"content":{"rendered":"<p><em><strong><img loading=\"lazy\" decoding=\"async\" class=\"alignright  wp-image-34652\" src=\"https:\/\/www.buroperiodistico.com.mx\/wp-content\/uploads\/2022\/11\/Asueto.png\" alt=\"\" width=\"597\" height=\"354\" srcset=\"https:\/\/www.buroperiodistico.com.mx\/wp-content\/uploads\/2022\/11\/Asueto.png 1024w, https:\/\/www.buroperiodistico.com.mx\/wp-content\/uploads\/2022\/11\/Asueto-300x178.png 300w, https:\/\/www.buroperiodistico.com.mx\/wp-content\/uploads\/2022\/11\/Asueto-768x455.png 768w\" sizes=\"auto, (max-width: 597px) 100vw, 597px\" \/>Nuevo Laredo, Tam (17-Noviembre-2022).-<\/strong><\/em> Con el objetivo de que la ciudadan\u00eda pueda aprovechar su d\u00eda de asueto, la Comisi\u00f3n Municipal de Agua Potable y Alcantarillado, este lunes 21 de noviembre realizar\u00e1 guardias en las oficinas de Planta Centro y Caja Walmart en un horario de 9 de la ma\u00f1ana a 1 de la tarde.<br aria-hidden=\"true\" \/><br aria-hidden=\"true\" \/>COMAPA hace la invitaci\u00f3n a usuarios para regularizar sus cuentas a trav\u00e9s de un convenio de pago con cargos diferidos en su recibo adem\u00e1s del descuento del 100% en recargos a usuarios dom\u00e9sticos.<br aria-hidden=\"true\" \/><br aria-hidden=\"true\" \/>Para realizar un convenio es necesario presentar su recibo, identificaci\u00f3n oficial y un pago m\u00ednimo de $200 pesos.<\/p>\n<p><img loading=\"lazy\" decoding=\"async\" class=\"size-full wp-image-34651 aligncenter\" src=\"https:\/\/www.buroperiodistico.com.mx\/wp-content\/uploads\/2022\/11\/Asueto-I.png\" alt=\"\" width=\"640\" height=\"480\" srcset=\"https:\/\/www.buroperiodistico.com.mx\/wp-content\/uploads\/2022\/11\/Asueto-I.png 640w, https:\/\/www.buroperiodistico.com.mx\/wp-content\/uploads\/2022\/11\/Asueto-I-300x225.png 300w\" sizes=\"auto, (max-width: 640px) 100vw, 640px\" \/><\/p>\n","protected":false},"excerpt":{"rendered":"<p>Nuevo Laredo, Tam (17-Noviembre-2022).- Con el objetivo de que la ciudadan\u00eda pueda aprovechar su d\u00eda&#8230;<\/p>\n","protected":false},"author":1,"featured_media":34652,"comment_status":"open","ping_status":"open","sticky":false,"template":"","format":"standard","meta":{"footnotes":"","jetpack_publicize_message":"","jetpack_publicize_feature_enabled":true,"jetpack_social_post_already_shared":false,"jetpack_social_options":{"image_generator_settings":{"template":"highway","default_image_id":0,"font":"","enabled":false},"version":2}},"categories":[16],"tags":[],"class_list":["post-34650","post","type-post","status-publish","format-standard","has-post-thumbnail","hentry","category-nuevolaredo"],"jetpack_publicize_connections":[],"_links":{"self":[{"href":"https:\/\/www.buroperiodistico.com.mx\/index.php?rest_route=\/wp\/v2\/posts\/34650","targetHints":{"allow":["GET"]}}],"collection":[{"href":"https:\/\/www.buroperiodistico.com.mx\/index.php?rest_route=\/wp\/v2\/posts"}],"about":[{"href":"https:\/\/www.buroperiodistico.com.mx\/index.php?rest_route=\/wp\/v2\/types\/post"}],"author":[{"embeddable":true,"href":"https:\/\/www.buroperiodistico.com.mx\/index.php?rest_route=\/wp\/v2\/users\/1"}],"replies":[{"embeddable":true,"href":"https:\/\/www.buroperiodistico.com.mx\/index.php?rest_route=%2Fwp%2Fv2%2Fcomments&post=34650"}],"version-history":[{"count":0,"href":"https:\/\/www.buroperiodistico.com.mx\/index.php?rest_route=\/wp\/v2\/posts\/34650\/revisions"}],"wp:featuredmedia":[{"embeddable":true,"href":"https:\/\/www.buroperiodistico.com.mx\/index.php?rest_route=\/wp\/v2\/media\/34652"}],"wp:attachment":[{"href":"https:\/\/www.buroperiodistico.com.mx\/index.php?rest_route=%2Fwp%2Fv2%2Fmedia&parent=34650"}],"wp:term":[{"taxonomy":"category","embeddable":true,"href":"https:\/\/www.buroperiodistico.com.mx\/index.php?rest_route=%2Fwp%2Fv2%2Fcategories&post=34650"},{"taxonomy":"post_tag","embeddable":true,"href":"https:\/\/www.buroperiodistico.com.mx\/index.php?rest_route=%2Fwp%2Fv2%2Ftags&post=34650"}],"curies":[{"name":"wp","href":"https:\/\/api.w.org\/{rel}","templated":true}]}}