{"id":34640,"date":"2022-11-17T15:59:12","date_gmt":"2022-11-17T21:59:12","guid":{"rendered":"https:\/\/www.buroperiodistico.com.mx\/?p=34640"},"modified":"2022-11-17T15:59:12","modified_gmt":"2022-11-17T21:59:12","slug":"firman-la-uat-y-el-itace-convenio-de-colaboracion","status":"publish","type":"post","link":"https:\/\/www.buroperiodistico.com.mx\/?p=34640","title":{"rendered":"Firman la UAT y el ITACE convenio de colaboraci\u00f3n"},"content":{"rendered":"<p><em><strong><img loading=\"lazy\" decoding=\"async\" class=\"alignright  wp-image-34641\" src=\"https:\/\/www.buroperiodistico.com.mx\/wp-content\/uploads\/2022\/11\/UATXC-4.jpg\" alt=\"\" width=\"636\" height=\"379\" srcset=\"https:\/\/www.buroperiodistico.com.mx\/wp-content\/uploads\/2022\/11\/UATXC-4.jpg 1024w, https:\/\/www.buroperiodistico.com.mx\/wp-content\/uploads\/2022\/11\/UATXC-4-300x179.jpg 300w, https:\/\/www.buroperiodistico.com.mx\/wp-content\/uploads\/2022\/11\/UATXC-4-768x458.jpg 768w\" sizes=\"auto, (max-width: 636px) 100vw, 636px\" \/>Ciudad Victoria, Tam (17-Noviembre-2022).-<\/strong><\/em> La Universidad Aut\u00f3noma de Tamaulipas (UAT) y el Instituto Tamaulipeco de Capacitaci\u00f3n para el Empleo (ITACE), firmaron un convenio para colaborar de manera conjunta en programas de capacitaci\u00f3n e implementar el Sistema de Educaci\u00f3n Dual para el nivel medio superior.<\/p>\n<p>En ceremonia desarrollada en el Centro de Excelencia del Campus Victoria, el acuerdo fue firmado por el C. P. Guillermo Mendoza Cavazos, rector de la UAT, y la Dra. Claudia Anaya Alvarado, directora general del Sistema ITACE Tamaulipas.<\/p>\n<p>El evento tuvo como marco la entrega de constancias a 71 trabajadores sindicalizados de la UAT que concluyeron diferentes cursos de capacitaci\u00f3n impartidos por el ITACE en esta capital.<\/p>\n<p>Durante su intervenci\u00f3n, el rector destac\u00f3 la oportunidad de renovar con este convenio los programas de capacitaci\u00f3n para el personal t\u00e9cnico y administrativo universitario, adem\u00e1s de abrir la posibilidad de que estudiantes del ITACE puedan involucrarse, mediante la educaci\u00f3n dual, en la oferta educativa de la UAT desde antes de que concluyan su bachillerato.<\/p>\n<p>Dijo que, con el modelo de educaci\u00f3n dual, se pretende influir positivamente en las habilidades y capacidades acad\u00e9micas de los estudiantes del ITACE. De igual manera, felicit\u00f3 a los trabajadores sindicalizados de la UAT que concluyeron los diferentes cursos de capacitaci\u00f3n.<\/p>\n<p>\u201cLos felicito por tratar de ser mejores en el desempe\u00f1o de sus funciones, y eso se reconoce, porque al final sabemos que el compromiso del Sindicato, hist\u00f3ricamente, ha sido aportar su mayor esfuerzo para el bien de la UAT\u201d, indic\u00f3.<\/p>\n<p>Por su parte, Anaya Alvarado agradeci\u00f3 a la UAT por la oportunidad de trabajar en conjunto en proyectos que ser\u00e1n de beneficio para ambas instituciones.<\/p>\n<p>Refiri\u00f3 que el acuerdo tiene como objetivo desarrollar cursos de capacitaci\u00f3n a trav\u00e9s del Centro de Formaci\u00f3n para el Trabajo (CEFOT) del ITACE, y as\u00ed contribuir con el desarrollo profesional de la Universidad.<\/p>\n<p>Indic\u00f3 tambi\u00e9n que se implementar\u00e1 el Sistema de Educaci\u00f3n Dual a trav\u00e9s del cual la UAT recibir\u00e1 a los alumnos del ITACE en sus respectivos \u00e1mbitos de competencia, uniendo su experiencia, esfuerzos y recursos para llevar a cabo la operaci\u00f3n de ese proyecto.<\/p>\n<p>\u201cSiendo esta una opci\u00f3n educativa de modalidad mixta, donde el proceso de ense\u00f1anza-aprendizaje se realiza en la escuela y en la universidad, conforme al respectivo plan de estudios de nivel medio superior\u201d, subray\u00f3.<\/p>\n<p>De igual forma, hizo uso de la palabra el secretario general estatal del Sindicato \u00danico de Trabajadores de la UAT, \u00d3scar Valdez \u00c1vila, quien reconoci\u00f3 los esfuerzos de la Universidad por establecer, de manera permanente, esquemas que ayuden a mejorar las condiciones laborales de los miembros de ese gremio universitario.<\/p>\n<p>Al evento asistieron, por parte de la UAT, el Dr. Eduardo Arvizu S\u00e1nchez, secretario general; y la Lic. Mirna Dalia Saavedra Merrem, directora de Recursos Humanos. Asimismo, por parte del ITACE, el Dr. Jos\u00e9 Antonio Hern\u00e1ndez Barrera, director del Plantel Victoria; y la Mtra. Marina Patricia Garza, coordinadora estatal del CEFOT.<\/p>\n","protected":false},"excerpt":{"rendered":"<p>Ciudad Victoria, Tam (17-Noviembre-2022).- La Universidad Aut\u00f3noma de Tamaulipas (UAT) y el Instituto Tamaulipeco de&#8230;<\/p>\n","protected":false},"author":1,"featured_media":34641,"comment_status":"open","ping_status":"open","sticky":false,"template":"","format":"standard","meta":{"footnotes":"","jetpack_publicize_message":"","jetpack_publicize_feature_enabled":true,"jetpack_social_post_already_shared":false,"jetpack_social_options":{"image_generator_settings":{"template":"highway","default_image_id":0,"font":"","enabled":false},"version":2}},"categories":[25,28],"tags":[],"class_list":["post-34640","post","type-post","status-publish","format-standard","has-post-thumbnail","hentry","category-portada","category-uat"],"jetpack_publicize_connections":[],"_links":{"self":[{"href":"https:\/\/www.buroperiodistico.com.mx\/index.php?rest_route=\/wp\/v2\/posts\/34640","targetHints":{"allow":["GET"]}}],"collection":[{"href":"https:\/\/www.buroperiodistico.com.mx\/index.php?rest_route=\/wp\/v2\/posts"}],"about":[{"href":"https:\/\/www.buroperiodistico.com.mx\/index.php?rest_route=\/wp\/v2\/types\/post"}],"author":[{"embeddable":true,"href":"https:\/\/www.buroperiodistico.com.mx\/index.php?rest_route=\/wp\/v2\/users\/1"}],"replies":[{"embeddable":true,"href":"https:\/\/www.buroperiodistico.com.mx\/index.php?rest_route=%2Fwp%2Fv2%2Fcomments&post=34640"}],"version-history":[{"count":0,"href":"https:\/\/www.buroperiodistico.com.mx\/index.php?rest_route=\/wp\/v2\/posts\/34640\/revisions"}],"wp:featuredmedia":[{"embeddable":true,"href":"https:\/\/www.buroperiodistico.com.mx\/index.php?rest_route=\/wp\/v2\/media\/34641"}],"wp:attachment":[{"href":"https:\/\/www.buroperiodistico.com.mx\/index.php?rest_route=%2Fwp%2Fv2%2Fmedia&parent=34640"}],"wp:term":[{"taxonomy":"category","embeddable":true,"href":"https:\/\/www.buroperiodistico.com.mx\/index.php?rest_route=%2Fwp%2Fv2%2Fcategories&post=34640"},{"taxonomy":"post_tag","embeddable":true,"href":"https:\/\/www.buroperiodistico.com.mx\/index.php?rest_route=%2Fwp%2Fv2%2Ftags&post=34640"}],"curies":[{"name":"wp","href":"https:\/\/api.w.org\/{rel}","templated":true}]}}