{"id":26971,"date":"2022-09-21T08:33:55","date_gmt":"2022-09-21T14:33:55","guid":{"rendered":"https:\/\/www.buroperiodistico.com.mx\/?p=26971"},"modified":"2022-09-21T08:33:55","modified_gmt":"2022-09-21T14:33:55","slug":"convoca-alcalde-carlos-pena-ortiz-a-becas-de-posgrado-2022","status":"publish","type":"post","link":"https:\/\/www.buroperiodistico.com.mx\/?p=26971","title":{"rendered":"Convoca Alcalde Carlos Pe\u00f1a Ortiz a Becas de Posgrado 2022"},"content":{"rendered":"<p><strong><img loading=\"lazy\" decoding=\"async\" class=\"alignright size-full wp-image-26972\" src=\"https:\/\/www.buroperiodistico.com.mx\/wp-content\/uploads\/2022\/09\/Posgradox-I.jpeg\" alt=\"\" width=\"416\" height=\"640\" srcset=\"https:\/\/www.buroperiodistico.com.mx\/wp-content\/uploads\/2022\/09\/Posgradox-I.jpeg 416w, https:\/\/www.buroperiodistico.com.mx\/wp-content\/uploads\/2022\/09\/Posgradox-I-195x300.jpeg 195w\" sizes=\"auto, (max-width: 416px) 100vw, 416px\" \/>Por Iv\u00e1n Dom\u00ednguez\/21-Septiembre-2022<\/strong><\/p>\n<p><em><strong>Reynosa, Tam.-<\/strong><\/em> El Presidente Municipal, Carlos Pe\u00f1a Ortiz, dio a conocer la apertura, en unos d\u00edas, de la convocatoria al programa de Becas de Posgrado 2022, creadas para impulsar y fortalecer el desarrollo acad\u00e9mico y profesional dirigido a los estudiantes de posgrado de esta ciudad.<\/p>\n<p>Por medio de la Secretar\u00eda de Desarrollo Social, se invita a los reynosenses que est\u00e9n cursando una Maestr\u00eda o Doctorado, a tramitar la Beca de Posgrado, con la que el Gobierno Municipal busca contribuir a elevar su perfil profesional con la finalidad de mejorar la calidad de vida e impulsar el desarrollo social y econ\u00f3mico de nuestra localidad.<\/p>\n<p>Los solicitantes deber\u00e1n realizar su registro a partir de la inauguraci\u00f3n del d\u00eda viernes 23 de septiembre del 2022, a las 10:00 A. M., en un per\u00edodo de 24 horas, a trav\u00e9s del sistema institucional en el enlace www.reynosa.gob.mx\/becasdeposgrado mismo donde podr\u00e1n obtener mayor informaci\u00f3n.<\/p>\n<p>Requisitos para registrarse:<br \/>\n\u2022 Acta de nacimiento actualizada.<br \/>\n\u2022 Identificaci\u00f3n oficial vigente, (INE por ambos lados) \u00fanicamente de Reynosa.<br \/>\n\u2022 CURP actualizado de la p\u00e1gina de RENAPO.<br \/>\n\u2022 RFC, (c\u00e9dula fiscal expedida por el SAT)<br \/>\n\u2022 Comprobante de domicilio reciente, agua, luz, predial o tel\u00e9fono.<br \/>\n\u2022 Ficha de pago o comprobante de inscripci\u00f3n.<br \/>\n\u2022 T\u00edtulo o c\u00e9dula profesional.<br \/>\n\u2022 Constancia de estudios emitida por la instituci\u00f3n educativa donde actualmente realiza el posgrado especificando:<br \/>\n&#8211; Nombre.<br \/>\n&#8211; Especialidad.<br \/>\n&#8211; Per\u00edodo o duraci\u00f3n de la especialidad.<br \/>\nModalidad.<\/p>\n<p>\u2022Restricciones:<br \/>\n&#8211; El registro no garantiza el beneficio, est\u00e1 sujeto al cumplimiento completo de los requisitos.<br \/>\n&#8211; Es un apoyo \u00fanico por la duraci\u00f3n del posgrado.<\/p>\n","protected":false},"excerpt":{"rendered":"<p>Por Iv\u00e1n Dom\u00ednguez\/21-Septiembre-2022 Reynosa, Tam.- El Presidente Municipal, Carlos Pe\u00f1a Ortiz, dio a conocer la&#8230;<\/p>\n","protected":false},"author":1,"featured_media":26973,"comment_status":"open","ping_status":"open","sticky":false,"template":"","format":"standard","meta":{"footnotes":"","jetpack_publicize_message":"","jetpack_publicize_feature_enabled":true,"jetpack_social_post_already_shared":false,"jetpack_social_options":{"image_generator_settings":{"template":"highway","default_image_id":0,"font":"","enabled":false},"version":2}},"categories":[25,9],"tags":[],"class_list":["post-26971","post","type-post","status-publish","format-standard","has-post-thumbnail","hentry","category-portada","category-reynosa"],"jetpack_publicize_connections":[],"_links":{"self":[{"href":"https:\/\/www.buroperiodistico.com.mx\/index.php?rest_route=\/wp\/v2\/posts\/26971","targetHints":{"allow":["GET"]}}],"collection":[{"href":"https:\/\/www.buroperiodistico.com.mx\/index.php?rest_route=\/wp\/v2\/posts"}],"about":[{"href":"https:\/\/www.buroperiodistico.com.mx\/index.php?rest_route=\/wp\/v2\/types\/post"}],"author":[{"embeddable":true,"href":"https:\/\/www.buroperiodistico.com.mx\/index.php?rest_route=\/wp\/v2\/users\/1"}],"replies":[{"embeddable":true,"href":"https:\/\/www.buroperiodistico.com.mx\/index.php?rest_route=%2Fwp%2Fv2%2Fcomments&post=26971"}],"version-history":[{"count":0,"href":"https:\/\/www.buroperiodistico.com.mx\/index.php?rest_route=\/wp\/v2\/posts\/26971\/revisions"}],"wp:featuredmedia":[{"embeddable":true,"href":"https:\/\/www.buroperiodistico.com.mx\/index.php?rest_route=\/wp\/v2\/media\/26973"}],"wp:attachment":[{"href":"https:\/\/www.buroperiodistico.com.mx\/index.php?rest_route=%2Fwp%2Fv2%2Fmedia&parent=26971"}],"wp:term":[{"taxonomy":"category","embeddable":true,"href":"https:\/\/www.buroperiodistico.com.mx\/index.php?rest_route=%2Fwp%2Fv2%2Fcategories&post=26971"},{"taxonomy":"post_tag","embeddable":true,"href":"https:\/\/www.buroperiodistico.com.mx\/index.php?rest_route=%2Fwp%2Fv2%2Ftags&post=26971"}],"curies":[{"name":"wp","href":"https:\/\/api.w.org\/{rel}","templated":true}]}}