{"id":26968,"date":"2022-09-21T08:14:02","date_gmt":"2022-09-21T14:14:02","guid":{"rendered":"https:\/\/www.buroperiodistico.com.mx\/?p=26968"},"modified":"2022-09-21T08:14:02","modified_gmt":"2022-09-21T14:14:02","slug":"mexico-y-alemania-mantienen-relaciones-economicas-solidas-senador-faustino-lopez-vargas","status":"publish","type":"post","link":"https:\/\/www.buroperiodistico.com.mx\/?p=26968","title":{"rendered":"M\u00e9xico y Alemania mantienen relaciones econ\u00f3micas solidas: senador  Faustino L\u00f3pez Vargas"},"content":{"rendered":"<p><em><strong><img loading=\"lazy\" decoding=\"async\" class=\"alignright  wp-image-26969\" src=\"https:\/\/www.buroperiodistico.com.mx\/wp-content\/uploads\/2022\/09\/Zenadorx.jpeg\" alt=\"\" width=\"599\" height=\"359\" srcset=\"https:\/\/www.buroperiodistico.com.mx\/wp-content\/uploads\/2022\/09\/Zenadorx.jpeg 1024w, https:\/\/www.buroperiodistico.com.mx\/wp-content\/uploads\/2022\/09\/Zenadorx-300x180.jpeg 300w, https:\/\/www.buroperiodistico.com.mx\/wp-content\/uploads\/2022\/09\/Zenadorx-768x461.jpeg 768w\" sizes=\"auto, (max-width: 599px) 100vw, 599px\" \/>Ciudad de M\u00e9xico (21-Septiembre-2022).-<\/strong><\/em> La C\u00e1mara de Senadores recibi\u00f3, en Sesi\u00f3n Solemne, la visita del presidente de la Rep\u00fablica Federal de Alemania, Frank-Walter Steinmeier, encuentro en el que el senador tamaulipeco Faustino L\u00f3pez Vargas saludo y reconoci\u00f3 el inter\u00e9s del mandatario, de aprobar el Acuerdo Global entre M\u00e9xico y la Uni\u00f3n Europea.<\/p>\n<p>Durante la Sesi\u00f3n Solemne del Senado mexicano el presidente de la Mesa Directiva, Alejandro Armenta Mier, dijo \u201cEstamos convencidos que apuntalar\u00e1 los beneficios de todas las esferas que abarca este instrumento, entre el bloque europeo con Alemania y M\u00e9xico\u201d.<\/p>\n<p>Por su parte el senador L\u00f3pez Vargas, reconoci\u00f3 la solidez de las relaciones econ\u00f3micas, entre ambos pa\u00edses como lo ha sido el establecimiento de las m\u00e1s de dos mil empresas alemanas en M\u00e9xico, que han permitido que cientos de familias originarias de ese pa\u00eds se hayan integrado a la sociedad mexicana.<\/p>\n<p>El Doctor Faustino L\u00f3pez Vargas destac\u00f3 que es necesario dejar constancia del excelente estado de los lazos de amistad y aprecio entre M\u00e9xico y Alemania, pues para las y los senadores, la celebraci\u00f3n de este tipo de encuentros, de alto nivel, ratifican las excelentes relaciones que sostenemos y por eso su visita a M\u00e9xico tendr\u00e1 resultados muy positivos para la relaci\u00f3n bilateral, agreg\u00f3.<\/p>\n","protected":false},"excerpt":{"rendered":"<p>Ciudad de M\u00e9xico (21-Septiembre-2022).- La C\u00e1mara de Senadores recibi\u00f3, en Sesi\u00f3n Solemne, la visita del&#8230;<\/p>\n","protected":false},"author":1,"featured_media":26969,"comment_status":"open","ping_status":"open","sticky":false,"template":"","format":"standard","meta":{"footnotes":"","jetpack_publicize_message":"","jetpack_publicize_feature_enabled":true,"jetpack_social_post_already_shared":false,"jetpack_social_options":{"image_generator_settings":{"template":"highway","default_image_id":0,"font":"","enabled":false},"version":2}},"categories":[11],"tags":[],"class_list":["post-26968","post","type-post","status-publish","format-standard","has-post-thumbnail","hentry","category-nacional"],"jetpack_publicize_connections":[],"_links":{"self":[{"href":"https:\/\/www.buroperiodistico.com.mx\/index.php?rest_route=\/wp\/v2\/posts\/26968","targetHints":{"allow":["GET"]}}],"collection":[{"href":"https:\/\/www.buroperiodistico.com.mx\/index.php?rest_route=\/wp\/v2\/posts"}],"about":[{"href":"https:\/\/www.buroperiodistico.com.mx\/index.php?rest_route=\/wp\/v2\/types\/post"}],"author":[{"embeddable":true,"href":"https:\/\/www.buroperiodistico.com.mx\/index.php?rest_route=\/wp\/v2\/users\/1"}],"replies":[{"embeddable":true,"href":"https:\/\/www.buroperiodistico.com.mx\/index.php?rest_route=%2Fwp%2Fv2%2Fcomments&post=26968"}],"version-history":[{"count":0,"href":"https:\/\/www.buroperiodistico.com.mx\/index.php?rest_route=\/wp\/v2\/posts\/26968\/revisions"}],"wp:featuredmedia":[{"embeddable":true,"href":"https:\/\/www.buroperiodistico.com.mx\/index.php?rest_route=\/wp\/v2\/media\/26969"}],"wp:attachment":[{"href":"https:\/\/www.buroperiodistico.com.mx\/index.php?rest_route=%2Fwp%2Fv2%2Fmedia&parent=26968"}],"wp:term":[{"taxonomy":"category","embeddable":true,"href":"https:\/\/www.buroperiodistico.com.mx\/index.php?rest_route=%2Fwp%2Fv2%2Fcategories&post=26968"},{"taxonomy":"post_tag","embeddable":true,"href":"https:\/\/www.buroperiodistico.com.mx\/index.php?rest_route=%2Fwp%2Fv2%2Ftags&post=26968"}],"curies":[{"name":"wp","href":"https:\/\/api.w.org\/{rel}","templated":true}]}}