{"id":26962,"date":"2022-09-21T08:04:41","date_gmt":"2022-09-21T14:04:41","guid":{"rendered":"https:\/\/www.buroperiodistico.com.mx\/?p=26962"},"modified":"2022-09-21T08:04:41","modified_gmt":"2022-09-21T14:04:41","slug":"al-vuelo-por-pegaso-142","status":"publish","type":"post","link":"https:\/\/www.buroperiodistico.com.mx\/?p=26962","title":{"rendered":"AL VUELO\/ Por Pegaso"},"content":{"rendered":"<p style=\"text-align: center;\"><em><strong>Cables<\/strong><\/em><\/p>\n<p>Se les enredaron los cables.<\/p>\n<p>En un af\u00e1n por tratar de influir en la decisi\u00f3n del Tribunal Electoral en la resoluci\u00f3n que a\u00fan est\u00e1 pendiente sobre el recurso de impugnaci\u00f3n que present\u00f3 el PAN por los resultados de la elecci\u00f3n del 5 de junio, el gobernador Cabeza de Vaca compr\u00f3 espacio en una columna del peri\u00f3dico El Universal para que se publicaran unos cables (documentos oficiales) supuestamente de la DEA norteamericana clasificados como Top Secret, que involucran al gobernador electo de Tamaulipas con un c\u00e1rtel de la droga.<\/p>\n<p>Seg\u00fan la columna de un tal H\u00e9ctor de Maudele\u00f3n, al cual jam\u00e1s hab\u00eda o\u00eddo mencionar, a principios de marzo desaparecieron dos elementos de la Marina y un presunto operador financiero del C\u00e1rtel del Noreste, identificado como Gerardo Teodoro V\u00e1zquez Barrera, alias \u201cEl Gerry\u201d.<\/p>\n<p>El columnista establece una relaci\u00f3n entre el candidato y el Senador de MORENA Jos\u00e9 Narro C\u00e9spedes con dicho operador, por unas fotos donde aparecen los tres personajes, cosa que despu\u00e9s desminti\u00f3 el propio Am\u00e9rico Villarreal Anaya, al asegurar que solo se sent\u00f3 para tomarse la foto.<\/p>\n<p>En este affaire se involucra al Embajador de Estados Unidos en M\u00e9xico, Ken Salazar, quien supuestamente hab\u00eda enviado un cable confidencial al Departamento del Tesoro donde se\u00f1ala fuentes de la DEA, diciendo que los dos marinos desaparecidos podr\u00edan haber sido comisionados tanto por el operador financiero del c\u00e1rtel como por el senador Narro para transportar dinero obtenido del tr\u00e1fico de drogas y apoyar con \u00e9l financieramente las campa\u00f1as de MORENA en el Estado de M\u00e9xico en el 2023.<\/p>\n<p>M\u00e1s adelante, Maudole\u00f3n hace referencia a otro documento que supuestamente probar\u00eda operaciones financieras a favor de personajes de MORENA.<\/p>\n<p>Lo curioso de todo esto fue que el propio Embajador de Estados Unidos en M\u00e9xico, Ken Salazar, desminti\u00f3 que dichos cables o documentos sean de su gobierno.<\/p>\n<p>Precisamente, ayer al mediod\u00eda, el periodista Ren\u00e9 Mart\u00ednez Bravo hac\u00eda una serie de comentarios para su portal de Internet Noticias de R\u00edo Grande (NRG), donde mencionaba que en toda su carrera period\u00edstica jam\u00e1s se hab\u00eda visto que un gobernador saliente se aferrara tanto al poder como en este caso lo hace Cabeza de Vaca.<\/p>\n<p>Alguien que tiene todo que perder, no tiene otra opci\u00f3n m\u00e1s que pelear con u\u00f1as y dientes, pero como dice el viejo y conocido refr\u00e1n: Esas son patadas de ahogado.<\/p>\n<p>No se puede desconocer la voluntad de cientos de miles de ciudadanos que dieron el triunfo al candidato de la alianza \u201cJuntos Hacemos Historia\u201d, Am\u00e9rico Villarreal Anaya.<\/p>\n<p>Quien lo hace, es un mal perdedor.<\/p>\n<p>Recordaba con Ren\u00e9 c\u00f3mo, en su momento, Egidio \u201cLa Morsa\u201d Torre Cant\u00fa, al terminar su mandato, se retir\u00f3 a San Pedro Garza Garc\u00eda a vivir de los millones que se pudo robar en su gobierno y no la hizo de tos al momento de entregar el poder.<\/p>\n<p>Ahora, Cabeza de Vaca quiere que se anulen las elecciones para impulsar a un t\u00edtere que le permita seguir gobernando tras bambalinas por otros seis, doce o quiz\u00e1s hasta 18 a\u00f1os.<\/p>\n<p>Pienso que el dictamen de la Suprema ya es solo cuesti\u00f3n de tr\u00e1mite y va a ser en el mismo sentido, es decir, desechar el recurso de impugnaci\u00f3n del PAN.<\/p>\n<p>Solo faltan diez d\u00edas para que concluya uno de los sexenios m\u00e1s abyectos y tramposos que ha tenido Tamaulipas.<\/p>\n<p>Diez d\u00edas y se van.<\/p>\n<p>Porque de que se van, \u00a1se van! De que se van, \u00a1se van!<\/p>\n<p>Viene el refr\u00e1n estilo Pegaso: \u201cPosees mayor toxicidad que el tejido magro del mam\u00edfero artiod\u00e1ctilo denominado Sus scrofa\u201d. (Eres m\u00e1s malo que la carne de puerco).<\/p>\n","protected":false},"excerpt":{"rendered":"<p>Cables Se les enredaron los cables. En un af\u00e1n por tratar de influir en la&#8230;<\/p>\n","protected":false},"author":1,"featured_media":144,"comment_status":"open","ping_status":"open","sticky":false,"template":"","format":"standard","meta":{"footnotes":"","jetpack_publicize_message":"","jetpack_publicize_feature_enabled":true,"jetpack_social_post_already_shared":false,"jetpack_social_options":{"image_generator_settings":{"template":"highway","default_image_id":0,"font":"","enabled":false},"version":2}},"categories":[23],"tags":[],"class_list":["post-26962","post","type-post","status-publish","format-standard","has-post-thumbnail","hentry","category-columnas"],"jetpack_publicize_connections":[],"_links":{"self":[{"href":"https:\/\/www.buroperiodistico.com.mx\/index.php?rest_route=\/wp\/v2\/posts\/26962","targetHints":{"allow":["GET"]}}],"collection":[{"href":"https:\/\/www.buroperiodistico.com.mx\/index.php?rest_route=\/wp\/v2\/posts"}],"about":[{"href":"https:\/\/www.buroperiodistico.com.mx\/index.php?rest_route=\/wp\/v2\/types\/post"}],"author":[{"embeddable":true,"href":"https:\/\/www.buroperiodistico.com.mx\/index.php?rest_route=\/wp\/v2\/users\/1"}],"replies":[{"embeddable":true,"href":"https:\/\/www.buroperiodistico.com.mx\/index.php?rest_route=%2Fwp%2Fv2%2Fcomments&post=26962"}],"version-history":[{"count":0,"href":"https:\/\/www.buroperiodistico.com.mx\/index.php?rest_route=\/wp\/v2\/posts\/26962\/revisions"}],"wp:featuredmedia":[{"embeddable":true,"href":"https:\/\/www.buroperiodistico.com.mx\/index.php?rest_route=\/wp\/v2\/media\/144"}],"wp:attachment":[{"href":"https:\/\/www.buroperiodistico.com.mx\/index.php?rest_route=%2Fwp%2Fv2%2Fmedia&parent=26962"}],"wp:term":[{"taxonomy":"category","embeddable":true,"href":"https:\/\/www.buroperiodistico.com.mx\/index.php?rest_route=%2Fwp%2Fv2%2Fcategories&post=26962"},{"taxonomy":"post_tag","embeddable":true,"href":"https:\/\/www.buroperiodistico.com.mx\/index.php?rest_route=%2Fwp%2Fv2%2Ftags&post=26962"}],"curies":[{"name":"wp","href":"https:\/\/api.w.org\/{rel}","templated":true}]}}