{"id":26957,"date":"2022-09-21T07:59:50","date_gmt":"2022-09-21T13:59:50","guid":{"rendered":"https:\/\/www.buroperiodistico.com.mx\/?p=26957"},"modified":"2022-09-21T07:59:50","modified_gmt":"2022-09-21T13:59:50","slug":"la-corte-podria-generar-impunidad-en-gobernadores-betico","status":"publish","type":"post","link":"https:\/\/www.buroperiodistico.com.mx\/?p=26957","title":{"rendered":"LA CORTE PODRIA GENERAR IMPUNIDAD EN GOBERNADORES:  BETICO"},"content":{"rendered":"<p><em><strong><img loading=\"lazy\" decoding=\"async\" class=\"alignright  wp-image-26958\" src=\"https:\/\/www.buroperiodistico.com.mx\/wp-content\/uploads\/2022\/09\/Beticsz.jpg\" alt=\"\" width=\"535\" height=\"289\" srcset=\"https:\/\/www.buroperiodistico.com.mx\/wp-content\/uploads\/2022\/09\/Beticsz.jpg 1110w, https:\/\/www.buroperiodistico.com.mx\/wp-content\/uploads\/2022\/09\/Beticsz-300x162.jpg 300w, https:\/\/www.buroperiodistico.com.mx\/wp-content\/uploads\/2022\/09\/Beticsz-1024x554.jpg 1024w, https:\/\/www.buroperiodistico.com.mx\/wp-content\/uploads\/2022\/09\/Beticsz-768x415.jpg 768w\" sizes=\"auto, (max-width: 535px) 100vw, 535px\" \/>REYNOSA, TAM (21-Septiembre-2022).-<\/strong><\/em>\u00a0La Suprema Corte de Justicia de la Naci\u00f3n parece fomentar la impunidad entre los gobernadores con el fallo de mantenerle el fuero al gobernador tamaulipeco Francisco Garc\u00eda Cabeza de Vaca, asegur\u00f3 Humberto Vald\u00e9z Richaud, ex alcalde de Reynosa y ex dirigente priista.<\/p>\n<p>\u201cLa decisi\u00f3n de la Suprema Corte es de an\u00e1lisis y de discutirse, ahora los gobernadores que tengan mayor\u00eda de su partido en el Congreso Local pueden ignorar los procesos de desafuero del Congreso Federal\u201d, advirti\u00f3.<\/p>\n<p>Manifest\u00f3 que el magistrado que propuso esa sentencia (Juan Luis Gonz\u00e1lez Alc\u00e1ntara Carranc\u00e1) sent\u00f3 un precedente que puede ser usado en futuros casos por gobernadores acusados de delitos graves.<\/p>\n<p>\u201cPor eso el Congreso h\u00e1bilmente bajo una asesor\u00eda que estoy seguro viene de otras instancias, de M\u00e9xico, de un diputado o ex senador, que bajo esa asesor\u00eda se aprovecharon esas lagunas (del art\u00edculo 111 constitucional. Se que existen\u201d, apunt\u00f3.<\/p>\n<p>\u201cLa verdad sent\u00f3 un precedente el magistrado), yo ahorita te puedo decir, ojal\u00e1 y los medios me permitan hacerlo llegar m\u00e1s all\u00e1, como que hicieron a un lado cualquier autoridad por parte de la C\u00e1mara (de Diputados Federales), ll\u00e1mese c\u00e1mara de procedencia, o c\u00e1mara investigadora, o la misma C\u00e1mara de senadores\u201d, sostuvo.<\/p>\n<p>Al ignorar las causas de fondo del desafuero ordenado por la C\u00e1mara Baja, dijo Vald\u00e9z, se le resta autoridad al Poder Legislativo Federal.<\/p>\n<p>\u201cYa basta con que un gobernador tenga el Congreso de su estado como par para sentirse del otro lado\u201d, exclam\u00f3.<\/p>\n<p>\u201cSimplemente ya no habr\u00e1 delito que perseguir si tiene de su lado el Congreso Local, se les mantiene el fuero y podr\u00e1n ser gobernantes con el pecado original, y terminar su mandato con el fuero\u201d, apunt\u00f3.<\/p>\n<p>Indic\u00f3 que es aceptable que los magistrados hayan respetado el art\u00edculo 111 constitucional, pero tambi\u00e9n debieron profundizar para quitarle esa ambig\u00fcedad.<\/p>\n<p>\u201cLa decisi\u00f3n de la Suprema Corte\u201d, dijo, \u201chabr\u00eda que reconocerlo dejaron muy ambiguo, en t\u00e9rminos t\u00e9cnicos, tal vez los juristas, o los jurisconsultos lo sabr\u00e1n, pero en t\u00e9rminos coloquiales es muy ambiguo\u201d, se\u00f1al\u00f3 de inicio.<\/p>\n<p>\u201cSi es cierto que mantiene el fuero, se respet\u00f3 lo que el Congreso del Estado argumentaba, pero sent\u00f3 un precedente, aguas con eso\u201d, advirti\u00f3.<\/p>\n<p>Manifest\u00f3 que no sabe que vaya a pasar el primer de octubre, pero antes de comentarlo, dijo que observa al gobernador Garc\u00eda Cabeza de Vaca como muy susceptible ante la autoridad judicial.<\/p>\n<p>\u201cYo lo veo (al gobernador Cabeza de Vaca) como una persona sensible, no le deseo el m\u00e1s a nadie, pero si estoy seguro que tendr\u00e1 que afrontar su realidad judicial\u201d, exclam\u00f3.<\/p>\n<p>\u201cHay que tener mucho cuidado con eso, pero el fuero se le acaba el d\u00eda 30 de septiembre a las doce de la noche, a las 24 horas se le acaba el fuero y entonces estoy seguro que \u00e9l y muchos m\u00e1s tendr\u00edan que acudir a la justicia de muto propio o si no obligados\u201d, apunt\u00f3.<\/p>\n<p>Sobre el nuevo gobierno que tendr\u00e1 Tamaulipas a partir del primero de octubre, el ex diputado priista que colabor\u00f3 en la campa\u00f1a de Am\u00e9rico Villarreal vaticin\u00f3 que habr\u00e1 un gobierno cercano a la gente.<\/p>\n<p>\u201cLo que si puedo decir es que habr\u00e1 un cambio radical en el trato al ciudadano\u201d, afirm\u00f3.<\/p>\n<p>\u201cTodo lo que se ha hecho al d\u00eda de hoy se ha hecho con un esp\u00edritu social, solidario con el que menos tiene en mayor medida, sin dejar a un lado a los empresarios, a los que realmente han sido productivos al d\u00eda de hoy\u201d, afirm\u00f3.<\/p>\n<p>Afirm\u00f3 que en Tamaulipas hay mucho que hacer en ese sentido de ayudar a los m\u00e1s pobres.<\/p>\n<p>El ex alcalde agreg\u00f3 que ojal\u00e1 la tensi\u00f3n pol\u00edtica termine y pueda darse una transici\u00f3n tersa en el gobierno panista saliente y el gabinete morenista que entrar\u00e1 el primero de octubre.<\/p>\n<p>\u201cLa Coordinaci\u00f3n no ha sido nada afectiva, como una transici\u00f3n tersa, igual ocurre en otros estados, no nada m\u00e1s en Tamaulipas, no se ha hecho en buenos t\u00e9rminos. No hay inter\u00e9s de llevar una fiesta en paz\u201d, apunt\u00f3.<\/p>\n<p>Valdez dijo que habr\u00e1 que atenerse a lo que establece la ley, hay que esperar el d\u00eda primero.<\/p>\n<p>\u201cTienen 30 d\u00edas, despu\u00e9s de eso habr\u00e1 que aplicarse para solventar cada irregularidad, si no lo han hecho en a\u00f1os, no veo que lo puedan hacer en sesenta d\u00edas\u201d, indic\u00f3.<\/p>\n","protected":false},"excerpt":{"rendered":"<p>REYNOSA, TAM (21-Septiembre-2022).-\u00a0La Suprema Corte de Justicia de la Naci\u00f3n parece fomentar la impunidad entre&#8230;<\/p>\n","protected":false},"author":1,"featured_media":26958,"comment_status":"open","ping_status":"open","sticky":false,"template":"","format":"standard","meta":{"footnotes":"","jetpack_publicize_message":"","jetpack_publicize_feature_enabled":true,"jetpack_social_post_already_shared":false,"jetpack_social_options":{"image_generator_settings":{"template":"highway","default_image_id":0,"font":"","enabled":false},"version":2}},"categories":[25,9],"tags":[],"class_list":["post-26957","post","type-post","status-publish","format-standard","has-post-thumbnail","hentry","category-portada","category-reynosa"],"jetpack_publicize_connections":[],"_links":{"self":[{"href":"https:\/\/www.buroperiodistico.com.mx\/index.php?rest_route=\/wp\/v2\/posts\/26957","targetHints":{"allow":["GET"]}}],"collection":[{"href":"https:\/\/www.buroperiodistico.com.mx\/index.php?rest_route=\/wp\/v2\/posts"}],"about":[{"href":"https:\/\/www.buroperiodistico.com.mx\/index.php?rest_route=\/wp\/v2\/types\/post"}],"author":[{"embeddable":true,"href":"https:\/\/www.buroperiodistico.com.mx\/index.php?rest_route=\/wp\/v2\/users\/1"}],"replies":[{"embeddable":true,"href":"https:\/\/www.buroperiodistico.com.mx\/index.php?rest_route=%2Fwp%2Fv2%2Fcomments&post=26957"}],"version-history":[{"count":0,"href":"https:\/\/www.buroperiodistico.com.mx\/index.php?rest_route=\/wp\/v2\/posts\/26957\/revisions"}],"wp:featuredmedia":[{"embeddable":true,"href":"https:\/\/www.buroperiodistico.com.mx\/index.php?rest_route=\/wp\/v2\/media\/26958"}],"wp:attachment":[{"href":"https:\/\/www.buroperiodistico.com.mx\/index.php?rest_route=%2Fwp%2Fv2%2Fmedia&parent=26957"}],"wp:term":[{"taxonomy":"category","embeddable":true,"href":"https:\/\/www.buroperiodistico.com.mx\/index.php?rest_route=%2Fwp%2Fv2%2Fcategories&post=26957"},{"taxonomy":"post_tag","embeddable":true,"href":"https:\/\/www.buroperiodistico.com.mx\/index.php?rest_route=%2Fwp%2Fv2%2Ftags&post=26957"}],"curies":[{"name":"wp","href":"https:\/\/api.w.org\/{rel}","templated":true}]}}