{"id":26951,"date":"2022-09-21T02:57:34","date_gmt":"2022-09-21T08:57:34","guid":{"rendered":"https:\/\/www.buroperiodistico.com.mx\/?p=26951"},"modified":"2022-09-21T02:57:34","modified_gmt":"2022-09-21T08:57:34","slug":"recibe-alcaldesa-importante-donativo-para-la-h-camargo","status":"publish","type":"post","link":"https:\/\/www.buroperiodistico.com.mx\/?p=26951","title":{"rendered":"RECIBE ALCALDESA IMPORTANTE DONATIVO PARA LA H. CAMARGO"},"content":{"rendered":"<p><em><strong><img loading=\"lazy\" decoding=\"async\" class=\"alignright  wp-image-26953\" src=\"https:\/\/www.buroperiodistico.com.mx\/wp-content\/uploads\/2022\/09\/recibe.jpeg\" alt=\"\" width=\"462\" height=\"293\" srcset=\"https:\/\/www.buroperiodistico.com.mx\/wp-content\/uploads\/2022\/09\/recibe.jpeg 1024w, https:\/\/www.buroperiodistico.com.mx\/wp-content\/uploads\/2022\/09\/recibe-300x190.jpeg 300w, https:\/\/www.buroperiodistico.com.mx\/wp-content\/uploads\/2022\/09\/recibe-768x487.jpeg 768w\" sizes=\"auto, (max-width: 462px) 100vw, 462px\" \/>H. Camargo, Tam (21-Septiembre-2022).-<\/strong><\/em> Este martes, la alcaldesa Mar\u00eda del Carmen Rocha Hern\u00e1ndez recibi\u00f3 un importante donativo de pa\u00f1ales, alimentos b\u00e1sicos para el hogar, por parte del pastor Luis Silva de Bethel Mission Center Outrearch de Roma Texas.<\/p>\n<p>Acompa\u00f1ada por la presidenta y la directora del Sistema DIF H. Camargo, Aracely Mart\u00ednez Borjas y Lorena Garza Garc\u00eda, la jefa del ejecutivo local recibi\u00f3 el apoyo que en su momento ser\u00e1 entregado a las familias m\u00e1s vulnerables del municipio.<\/p>\n<p>La alcaldesa #MelyRocha agradeci\u00f3 al pastor Luis Silva y a la iglesia Bethel Mission Center Outrearch de Roma Texas por su generosidad, para con las y los camarguenes, como estas acciones comento #CamargoCrece.<\/p>\n<p><img loading=\"lazy\" decoding=\"async\" class=\"size-full wp-image-26952 aligncenter\" src=\"https:\/\/www.buroperiodistico.com.mx\/wp-content\/uploads\/2022\/09\/recibe-I.jpeg\" alt=\"\" width=\"640\" height=\"360\" srcset=\"https:\/\/www.buroperiodistico.com.mx\/wp-content\/uploads\/2022\/09\/recibe-I.jpeg 640w, https:\/\/www.buroperiodistico.com.mx\/wp-content\/uploads\/2022\/09\/recibe-I-300x169.jpeg 300w\" sizes=\"auto, (max-width: 640px) 100vw, 640px\" \/><\/p>\n","protected":false},"excerpt":{"rendered":"<p>H. Camargo, Tam (21-Septiembre-2022).- Este martes, la alcaldesa Mar\u00eda del Carmen Rocha Hern\u00e1ndez recibi\u00f3 un&#8230;<\/p>\n","protected":false},"author":1,"featured_media":26953,"comment_status":"open","ping_status":"open","sticky":false,"template":"","format":"standard","meta":{"footnotes":"","jetpack_publicize_message":"","jetpack_publicize_feature_enabled":true,"jetpack_social_post_already_shared":false,"jetpack_social_options":{"image_generator_settings":{"template":"highway","default_image_id":0,"font":"","enabled":false},"version":2}},"categories":[15],"tags":[],"class_list":["post-26951","post","type-post","status-publish","format-standard","has-post-thumbnail","hentry","category-riberena"],"jetpack_publicize_connections":[],"_links":{"self":[{"href":"https:\/\/www.buroperiodistico.com.mx\/index.php?rest_route=\/wp\/v2\/posts\/26951","targetHints":{"allow":["GET"]}}],"collection":[{"href":"https:\/\/www.buroperiodistico.com.mx\/index.php?rest_route=\/wp\/v2\/posts"}],"about":[{"href":"https:\/\/www.buroperiodistico.com.mx\/index.php?rest_route=\/wp\/v2\/types\/post"}],"author":[{"embeddable":true,"href":"https:\/\/www.buroperiodistico.com.mx\/index.php?rest_route=\/wp\/v2\/users\/1"}],"replies":[{"embeddable":true,"href":"https:\/\/www.buroperiodistico.com.mx\/index.php?rest_route=%2Fwp%2Fv2%2Fcomments&post=26951"}],"version-history":[{"count":0,"href":"https:\/\/www.buroperiodistico.com.mx\/index.php?rest_route=\/wp\/v2\/posts\/26951\/revisions"}],"wp:featuredmedia":[{"embeddable":true,"href":"https:\/\/www.buroperiodistico.com.mx\/index.php?rest_route=\/wp\/v2\/media\/26953"}],"wp:attachment":[{"href":"https:\/\/www.buroperiodistico.com.mx\/index.php?rest_route=%2Fwp%2Fv2%2Fmedia&parent=26951"}],"wp:term":[{"taxonomy":"category","embeddable":true,"href":"https:\/\/www.buroperiodistico.com.mx\/index.php?rest_route=%2Fwp%2Fv2%2Fcategories&post=26951"},{"taxonomy":"post_tag","embeddable":true,"href":"https:\/\/www.buroperiodistico.com.mx\/index.php?rest_route=%2Fwp%2Fv2%2Ftags&post=26951"}],"curies":[{"name":"wp","href":"https:\/\/api.w.org\/{rel}","templated":true}]}}