{"id":26947,"date":"2022-09-21T02:55:53","date_gmt":"2022-09-21T08:55:53","guid":{"rendered":"https:\/\/www.buroperiodistico.com.mx\/?p=26947"},"modified":"2022-09-21T02:55:53","modified_gmt":"2022-09-21T08:55:53","slug":"la-limpieza-es-lo-primero","status":"publish","type":"post","link":"https:\/\/www.buroperiodistico.com.mx\/?p=26947","title":{"rendered":"La Limpieza es lo primero"},"content":{"rendered":"<ul>\n<li><strong><em>Y para el gobierno municipal de Camargo es prioridad, por eso se puso en marcha la limpieza del antiguo basurero municipal.<\/em><\/strong><\/li>\n<\/ul>\n<p><strong><img loading=\"lazy\" decoding=\"async\" class=\"alignright  wp-image-26949\" src=\"https:\/\/www.buroperiodistico.com.mx\/wp-content\/uploads\/2022\/09\/Limpiezaa.jpeg\" alt=\"\" width=\"461\" height=\"287\" srcset=\"https:\/\/www.buroperiodistico.com.mx\/wp-content\/uploads\/2022\/09\/Limpiezaa.jpeg 1024w, https:\/\/www.buroperiodistico.com.mx\/wp-content\/uploads\/2022\/09\/Limpiezaa-300x187.jpeg 300w, https:\/\/www.buroperiodistico.com.mx\/wp-content\/uploads\/2022\/09\/Limpiezaa-768x479.jpeg 768w\" sizes=\"auto, (max-width: 461px) 100vw, 461px\" \/>Cd. H. Camargo, Tam (21-Septiembre-2022).-<\/strong> La limpieza es primero y para la actual administraci\u00f3n que preside la alcaldesa Mar\u00eda del Carmen Rocha Hern\u00e1ndez, es fundamental esta acci\u00f3n por eso se puso en marcha el sanear y limpiar de inicio el antiguo basurero municipal el cual ya representaba un foco de infecci\u00f3n para los habitantes de los alrededores.<\/p>\n<p>Se ech\u00f3 mano a la renta de maquinaria pesada para poder realizar esta tarea de limpieza, ya que este antiguo basurero municipal, se encontraba en condiciones deplorables por la inconsciencia de algunos ciudadanos, quienes lo utilizaban como tiraderos de desechos de pescado y que ya hab\u00eda quejas sobre los f\u00e9tidos olores que de \u00e9l emanaba, adem\u00e1s de que daba una mala imagen a los usuarios que transitan por la carretera Camargo-Comales.<\/p>\n<p>El director de obras y servicios p\u00fablicos municipales, Luz Antonio Garc\u00eda Gonz\u00e1lez, hizo un llamado a los pescadores del lugar que utilizan este basurero para que busquen la manera de depositar sus desechos en el \u00e1rea que se les ha destinado en este lugar siguiendo las reglas que se les impusieron que consiste en que una vez que se llene el espacio de inmediato se tape y con esto evitar que se produzcan malos olores y se convierta en un foco de infecci\u00f3n principalmente para los menores de edad de ese sector.<\/p>\n<p>El compromiso del gobierno municipal y por parte de la alcaldesa es buscar una buena imagen de Camargo buscando la limpieza en todos sus sectores pero principalmente se busca que esta calidad de una buena imagen a quienes la visitan y uniendo esfuerzo sociedad y gobierno las metas se cumplen..<\/p>\n<p>N.Gea M.<\/p>\n<p><img loading=\"lazy\" decoding=\"async\" class=\"size-full wp-image-26948 aligncenter\" src=\"https:\/\/www.buroperiodistico.com.mx\/wp-content\/uploads\/2022\/09\/Limpiezaa-I.jpeg\" alt=\"\" width=\"640\" height=\"457\" srcset=\"https:\/\/www.buroperiodistico.com.mx\/wp-content\/uploads\/2022\/09\/Limpiezaa-I.jpeg 640w, https:\/\/www.buroperiodistico.com.mx\/wp-content\/uploads\/2022\/09\/Limpiezaa-I-300x214.jpeg 300w\" sizes=\"auto, (max-width: 640px) 100vw, 640px\" \/><\/p>\n","protected":false},"excerpt":{"rendered":"<p>Y para el gobierno municipal de Camargo es prioridad, por eso se puso en marcha&#8230;<\/p>\n","protected":false},"author":1,"featured_media":26949,"comment_status":"open","ping_status":"open","sticky":false,"template":"","format":"standard","meta":{"footnotes":"","jetpack_publicize_message":"","jetpack_publicize_feature_enabled":true,"jetpack_social_post_already_shared":false,"jetpack_social_options":{"image_generator_settings":{"template":"highway","default_image_id":0,"font":"","enabled":false},"version":2}},"categories":[15],"tags":[],"class_list":["post-26947","post","type-post","status-publish","format-standard","has-post-thumbnail","hentry","category-riberena"],"jetpack_publicize_connections":[],"_links":{"self":[{"href":"https:\/\/www.buroperiodistico.com.mx\/index.php?rest_route=\/wp\/v2\/posts\/26947","targetHints":{"allow":["GET"]}}],"collection":[{"href":"https:\/\/www.buroperiodistico.com.mx\/index.php?rest_route=\/wp\/v2\/posts"}],"about":[{"href":"https:\/\/www.buroperiodistico.com.mx\/index.php?rest_route=\/wp\/v2\/types\/post"}],"author":[{"embeddable":true,"href":"https:\/\/www.buroperiodistico.com.mx\/index.php?rest_route=\/wp\/v2\/users\/1"}],"replies":[{"embeddable":true,"href":"https:\/\/www.buroperiodistico.com.mx\/index.php?rest_route=%2Fwp%2Fv2%2Fcomments&post=26947"}],"version-history":[{"count":0,"href":"https:\/\/www.buroperiodistico.com.mx\/index.php?rest_route=\/wp\/v2\/posts\/26947\/revisions"}],"wp:featuredmedia":[{"embeddable":true,"href":"https:\/\/www.buroperiodistico.com.mx\/index.php?rest_route=\/wp\/v2\/media\/26949"}],"wp:attachment":[{"href":"https:\/\/www.buroperiodistico.com.mx\/index.php?rest_route=%2Fwp%2Fv2%2Fmedia&parent=26947"}],"wp:term":[{"taxonomy":"category","embeddable":true,"href":"https:\/\/www.buroperiodistico.com.mx\/index.php?rest_route=%2Fwp%2Fv2%2Fcategories&post=26947"},{"taxonomy":"post_tag","embeddable":true,"href":"https:\/\/www.buroperiodistico.com.mx\/index.php?rest_route=%2Fwp%2Fv2%2Ftags&post=26947"}],"curies":[{"name":"wp","href":"https:\/\/api.w.org\/{rel}","templated":true}]}}