{"id":26909,"date":"2022-09-20T17:52:10","date_gmt":"2022-09-20T23:52:10","guid":{"rendered":"https:\/\/www.buroperiodistico.com.mx\/?p=26909"},"modified":"2022-09-20T17:52:10","modified_gmt":"2022-09-20T23:52:10","slug":"rescata-inm-en-hotel-de-veracruz-a-270-personas-extranjeras-que-no-acreditaron-su-estancia-regular-en-el-pais","status":"publish","type":"post","link":"https:\/\/www.buroperiodistico.com.mx\/?p=26909","title":{"rendered":"Rescata INM en hotel de Veracruz a 270 personas extranjeras que no acreditaron su estancia regular en el pa\u00eds"},"content":{"rendered":"<p><strong><em>\u2022 Se identific\u00f3 que 45 son menores de edad y 225 mujeres y hombres adultos<\/em><\/strong><br \/>\n<strong><em>\u2022 Al confirmar su nacionalidad se pudo constatar que provienen de Guatemala, El Salvador, Honduras, Nicaragua y Ecuador<\/em><\/strong><\/p>\n<p><strong><img loading=\"lazy\" decoding=\"async\" class=\"alignright  wp-image-26913\" src=\"https:\/\/www.buroperiodistico.com.mx\/wp-content\/uploads\/2022\/09\/INMS.jpeg\" alt=\"\" width=\"534\" height=\"277\" srcset=\"https:\/\/www.buroperiodistico.com.mx\/wp-content\/uploads\/2022\/09\/INMS.jpeg 1024w, https:\/\/www.buroperiodistico.com.mx\/wp-content\/uploads\/2022\/09\/INMS-300x156.jpeg 300w, https:\/\/www.buroperiodistico.com.mx\/wp-content\/uploads\/2022\/09\/INMS-768x398.jpeg 768w\" sizes=\"auto, (max-width: 534px) 100vw, 534px\" \/>Ciudad de M\u00e9xico (20-Septiembre-2022).-<\/strong> El Instituto Nacional de Migraci\u00f3n (INM) de la Secretar\u00eda de Gobernaci\u00f3n rescat\u00f3 a 270 personas migrantes de distintas nacionalidades que se encontraban en un hotel del municipio de Juan Rodr\u00edguez Clara, Veracruz.<\/p>\n<p>Agentes Federales de Migraci\u00f3n (AFM), en coordinaci\u00f3n con elementos de la Secretar\u00eda de la Defensa Nacional (Sedena), la Guardia Nacional (GN), la Secretar\u00eda de Seguridad P\u00fablica del Estado de Veracruz, Protecci\u00f3n Civil y polic\u00edas municipales realizaron una visita de verificaci\u00f3n en un hotel ubicado en la colonia Benito Ju\u00e1rez.<\/p>\n<p>De las 270 personas extranjeras que no pudieron acreditar su estancia regular en el pa\u00eds, 45 son menores de edad (30 hombres y 15 mujeres) y 225 son personas adultas (182 hombres 43 mujeres).<\/p>\n<p>Al confirmar su nacionalidad se pudo constatar que 205 provienen de Guatemala, 33 de El Salvador, 28 de Honduras, tres de Nicaragua y una persona de Ecuador.<\/p>\n<p>Las personas menores de edad y quienes conforman n\u00facleos familiares quedar\u00e1n bajo la tutela del Sistema para el Desarrollo Integral de la Familia (DIF) para su custodia y protecci\u00f3n, mientras que las personas adultas fueron llevadas a la estaci\u00f3n migratoria de la entidad para continuar con su proceso administrativo migratorio.<\/p>\n<p>El INM refrenda su compromiso por una migraci\u00f3n segura ordenada y regular con el prop\u00f3sito de evitar que las personas extranjeras que transitan de manera irregular pongan en riesgo su vida e integridad f\u00edsica.<\/p>\n<p><img loading=\"lazy\" decoding=\"async\" class=\"size-full wp-image-26910 aligncenter\" src=\"https:\/\/www.buroperiodistico.com.mx\/wp-content\/uploads\/2022\/09\/INMS-I.jpeg\" alt=\"\" width=\"640\" height=\"360\" srcset=\"https:\/\/www.buroperiodistico.com.mx\/wp-content\/uploads\/2022\/09\/INMS-I.jpeg 640w, https:\/\/www.buroperiodistico.com.mx\/wp-content\/uploads\/2022\/09\/INMS-I-300x169.jpeg 300w\" sizes=\"auto, (max-width: 640px) 100vw, 640px\" \/> <img loading=\"lazy\" decoding=\"async\" class=\"size-full wp-image-26911 aligncenter\" src=\"https:\/\/www.buroperiodistico.com.mx\/wp-content\/uploads\/2022\/09\/INMS-II.jpeg\" alt=\"\" width=\"640\" height=\"419\" srcset=\"https:\/\/www.buroperiodistico.com.mx\/wp-content\/uploads\/2022\/09\/INMS-II.jpeg 640w, https:\/\/www.buroperiodistico.com.mx\/wp-content\/uploads\/2022\/09\/INMS-II-300x196.jpeg 300w\" sizes=\"auto, (max-width: 640px) 100vw, 640px\" \/> <img loading=\"lazy\" decoding=\"async\" class=\"size-full wp-image-26912 aligncenter\" src=\"https:\/\/www.buroperiodistico.com.mx\/wp-content\/uploads\/2022\/09\/INMS-III.jpeg\" alt=\"\" width=\"640\" height=\"480\" srcset=\"https:\/\/www.buroperiodistico.com.mx\/wp-content\/uploads\/2022\/09\/INMS-III.jpeg 640w, https:\/\/www.buroperiodistico.com.mx\/wp-content\/uploads\/2022\/09\/INMS-III-300x225.jpeg 300w\" sizes=\"auto, (max-width: 640px) 100vw, 640px\" \/><\/p>\n","protected":false},"excerpt":{"rendered":"<p>\u2022 Se identific\u00f3 que 45 son menores de edad y 225 mujeres y hombres adultos&#8230;<\/p>\n","protected":false},"author":1,"featured_media":26913,"comment_status":"open","ping_status":"open","sticky":false,"template":"","format":"standard","meta":{"footnotes":"","jetpack_publicize_message":"","jetpack_publicize_feature_enabled":true,"jetpack_social_post_already_shared":false,"jetpack_social_options":{"image_generator_settings":{"template":"highway","default_image_id":0,"font":"","enabled":false},"version":2}},"categories":[11],"tags":[],"class_list":["post-26909","post","type-post","status-publish","format-standard","has-post-thumbnail","hentry","category-nacional"],"jetpack_publicize_connections":[],"_links":{"self":[{"href":"https:\/\/www.buroperiodistico.com.mx\/index.php?rest_route=\/wp\/v2\/posts\/26909","targetHints":{"allow":["GET"]}}],"collection":[{"href":"https:\/\/www.buroperiodistico.com.mx\/index.php?rest_route=\/wp\/v2\/posts"}],"about":[{"href":"https:\/\/www.buroperiodistico.com.mx\/index.php?rest_route=\/wp\/v2\/types\/post"}],"author":[{"embeddable":true,"href":"https:\/\/www.buroperiodistico.com.mx\/index.php?rest_route=\/wp\/v2\/users\/1"}],"replies":[{"embeddable":true,"href":"https:\/\/www.buroperiodistico.com.mx\/index.php?rest_route=%2Fwp%2Fv2%2Fcomments&post=26909"}],"version-history":[{"count":0,"href":"https:\/\/www.buroperiodistico.com.mx\/index.php?rest_route=\/wp\/v2\/posts\/26909\/revisions"}],"wp:featuredmedia":[{"embeddable":true,"href":"https:\/\/www.buroperiodistico.com.mx\/index.php?rest_route=\/wp\/v2\/media\/26913"}],"wp:attachment":[{"href":"https:\/\/www.buroperiodistico.com.mx\/index.php?rest_route=%2Fwp%2Fv2%2Fmedia&parent=26909"}],"wp:term":[{"taxonomy":"category","embeddable":true,"href":"https:\/\/www.buroperiodistico.com.mx\/index.php?rest_route=%2Fwp%2Fv2%2Fcategories&post=26909"},{"taxonomy":"post_tag","embeddable":true,"href":"https:\/\/www.buroperiodistico.com.mx\/index.php?rest_route=%2Fwp%2Fv2%2Ftags&post=26909"}],"curies":[{"name":"wp","href":"https:\/\/api.w.org\/{rel}","templated":true}]}}