{"id":229529,"date":"2026-09-05T23:55:25","date_gmt":"2026-09-06T04:55:25","guid":{"rendered":"https:\/\/www.buroperiodistico.com.mx\/?p=229529"},"modified":"2026-09-05T23:55:25","modified_gmt":"2026-09-06T04:55:25","slug":"refrenda-americo-respaldo-a-la-frontera-grande-con-la-construccion-de-las-15-estaciones-seguras","status":"publish","type":"post","link":"https:\/\/www.buroperiodistico.com.mx\/?p=229529","title":{"rendered":"Refrenda Am\u00e9rico respaldo a la frontera grande con la construcci\u00f3n de las 15 Estaciones Seguras"},"content":{"rendered":"<ul>\n<li><strong><em>Desde D\u00edaz Ordaz, donde presenci\u00f3 el informe de la alcaldesa Nataly Garc\u00eda, el gobernador destac\u00f3 que habr\u00e1 m\u00e1s seguridad en la carretera Ribere\u00f1a<\/em><\/strong><\/li>\n<\/ul>\n<p><strong><img loading=\"lazy\" decoding=\"async\" class=\" wp-image-229537 alignright\" src=\"https:\/\/www.buroperiodistico.com.mx\/wp-content\/uploads\/2026\/09\/Refrenda-Americo-respaldo-rotated.jpeg\" alt=\"\" width=\"483\" height=\"338\" srcset=\"https:\/\/www.buroperiodistico.com.mx\/wp-content\/uploads\/2026\/09\/Refrenda-Americo-respaldo-rotated.jpeg 1024w, https:\/\/www.buroperiodistico.com.mx\/wp-content\/uploads\/2026\/09\/Refrenda-Americo-respaldo-300x210.jpeg 300w, https:\/\/www.buroperiodistico.com.mx\/wp-content\/uploads\/2026\/09\/Refrenda-Americo-respaldo-768x537.jpeg 768w\" sizes=\"auto, (max-width: 483px) 100vw, 483px\" \/>Gustavo D\u00edaz Ordaz, Tamaulipas (5-Septiembre-2026).-<\/strong> Al continuar con su ejercicio de di\u00e1logo y acompa\u00f1amiento sin precedentes en la historia reciente de Tamaulipas, para asistir a los informes de las y los presidentes municipales en su rendici\u00f3n de cuentas, el gobernador Am\u00e9rico Villarreal Anaya refrend\u00f3 desde el municipio de Gustavo D\u00edaz Ordaz, su compromiso para la construcci\u00f3n de 15 Estaciones Seguras, a fin de recuperar plenamente la carretera Ribere\u00f1a para el uso social y el desarrollo de esta frontera grande.<\/p>\n<p>\u00abEn Tamaulipas solamente hay frontera grande, no tenemos frontera chica\u00bb, afirm\u00f3 el gobernador al asistir al segundo informe de la presidenta de D\u00edaz Ordaz, Nataly Garc\u00eda D\u00edaz.<\/p>\n<p>Ante el cabildo en pleno, funcionarios del gabinete estatal, legisladores, dirigentes partidistas y representantes de los sectores productivos de este municipio, Villarreal Anaya asegur\u00f3 que ahora se escucha la voz de las y los presidentes municipales para traer a esta tierra obras, recursos, programas y apoyos.<\/p>\n<p>\u00abHa quedado claro que juntas y juntos, en la mezcla de esfuerzos y recursos, se multiplica el impacto social que estamos consiguiendo en favor de un desarrollo con justicia, en favor de la paz y en nuestra responsabilidad de hacer realidad la visi\u00f3n humanista que compartimos\u00bb, dijo.<\/p>\n<p>Agreg\u00f3 que la coordinaci\u00f3n y suma de esfuerzos es una de las claves que ha propiciado la unidad de todo Tamaulipas y poder levantar un solo frente de trabajo, estrechando lazos regionales que vinculan de forma horizontal a los ayuntamientos, las dependencias del Ejecutivo y los poderes.<\/p>\n<p>\u00abSi volvemos la vista al pasado reciente, podemos valorar con mayor nitidez la transformaci\u00f3n conseguida. Hemos recuperado la esencia de las instituciones de gobierno, avanza la democratizaci\u00f3n en todos los sentidos, y el humanismo es m\u00e1s que una gu\u00eda moral e ideol\u00f3gica, es una pr\u00e1ctica cotidiana\u00bb.<\/p>\n<p>El mandatario tamaulipeco mencion\u00f3 que en este municipio, entre 2022 y 2026, la inversi\u00f3n estatal y federal aplicada alcanza los 766 millones de pesos y los programas de bienestar han representado una derrama superior a 504 millones de pesos y su crecimiento anual ha sido progresivo, pasando de 55 millones de pesos en el 2022 a 143 millones en el presente a\u00f1o.<\/p>\n<p>Inform\u00f3 que hoy m\u00e1s de tres mil adultos mayores reciben su pensi\u00f3n en D\u00edaz Ordaz, 590 mujeres son beneficiarias de la pensi\u00f3n Mujeres Bienestar, 253 personas acceden a la pensi\u00f3n para personas con discapacidad, mientras que en materia de infraestructura se han destinado 189 millones de pesos en obra p\u00fablica estatal con acciones principalmente en infraestructura hidr\u00e1ulica, vialidades, educaci\u00f3n y espacios de car\u00e1cter social.<\/p>\n<p>Agreg\u00f3 que se destinan 73 millones de pesos a programas estrat\u00e9gicos y en educaci\u00f3n se han entregado 9 mil paquetes de \u00fatiles escolares, m\u00e1s de 8 mil uniformes y poco m\u00e1s de 2 mil 300 becas, en tanto que en el rubro alimentario se distribuyen 32 mil paquetes y, a trav\u00e9s del DIF Tamaulipas, se han servido 1.4 millones de desayunos escolares en los planteles de D\u00edaz Ordaz.<\/p>\n<p>Nataly Garc\u00eda D\u00edaz, presidenta municipal de D\u00edaz Ordaz, afirm\u00f3 que Am\u00e9rico Villarreal Anaya es un gobernante que ha demostrado que cuando el poder se pone al servicio del pueblo los municipios dejan de sentirse solos.<\/p>\n<p>\u00abSu liderazgo humanista ha marcado una diferencia clara en Tamaulipas, hoy hay cercan\u00eda, coordinaci\u00f3n y un gobierno que escucha, acompa\u00f1a y responde\u00bb, expres\u00f3.<\/p>\n<p>Indic\u00f3 que Am\u00e9rico Villarreal escucha a los municipios, conoce el territorio y entiende el humanismo mexicano como una forma concreta de gobernar: poner a la persona en el centro, ejercer el poder con sensibilidad y hacer que el gobierno llegue a donde antes no llegaba.<\/p>\n<p>\u00abGobernador, usted ha volteado a ver a esta frontera grande, nos ha abierto puertas y ha hecho sentir a nuestra gente que este municipio cuenta y eso importa porque venimos de tiempos en los que muchos municipios aprendieron lo que significaba el abandono institucional\u00bb, puntualiz\u00f3.<\/p>\n<p>Despu\u00e9s de hacer un amplio recuento de su segundo a\u00f1o de gobierno, Nataly Garc\u00eda se refiri\u00f3 de manera especial a la transformaci\u00f3n de la unidad familiar del ISSSTE San Miguel que elev\u00f3 su categor\u00eda de Consultorio de Atenci\u00f3n Familiar a Unidad de Medicina Familiar, \u00abno hablamos solamente de un edificio, hablamos de atenci\u00f3n m\u00e1s digna para nuestras familias\u00bb, dijo.<\/p>\n<p>\u00abGobernador, puede llevarle un mensaje a Tamaulipas: D\u00edaz Ordaz est\u00e1 de pie, est\u00e1 trabajando, est\u00e1 avanzando y est\u00e1 listo para escribir una nueva p\u00e1gina de su historia\u00bb, finaliz\u00f3.<\/p>\n<p><img loading=\"lazy\" decoding=\"async\" class=\"aligncenter size-full wp-image-229530\" src=\"https:\/\/www.buroperiodistico.com.mx\/wp-content\/uploads\/2026\/09\/Refrenda-Americo-respaldo-I.jpeg\" alt=\"\" width=\"640\" height=\"427\" srcset=\"https:\/\/www.buroperiodistico.com.mx\/wp-content\/uploads\/2026\/09\/Refrenda-Americo-respaldo-I.jpeg 640w, https:\/\/www.buroperiodistico.com.mx\/wp-content\/uploads\/2026\/09\/Refrenda-Americo-respaldo-I-300x200.jpeg 300w\" sizes=\"auto, (max-width: 640px) 100vw, 640px\" \/> <img loading=\"lazy\" decoding=\"async\" class=\"aligncenter size-full wp-image-229536\" src=\"https:\/\/www.buroperiodistico.com.mx\/wp-content\/uploads\/2026\/09\/Refrenda-Americo-respaldo-IIIIIII-rotated.jpeg\" alt=\"\" width=\"556\" height=\"480\" srcset=\"https:\/\/www.buroperiodistico.com.mx\/wp-content\/uploads\/2026\/09\/Refrenda-Americo-respaldo-IIIIIII-rotated.jpeg 556w, https:\/\/www.buroperiodistico.com.mx\/wp-content\/uploads\/2026\/09\/Refrenda-Americo-respaldo-IIIIIII-300x259.jpeg 300w\" sizes=\"auto, (max-width: 556px) 100vw, 556px\" \/> <img loading=\"lazy\" decoding=\"async\" class=\"aligncenter size-full wp-image-229535\" src=\"https:\/\/www.buroperiodistico.com.mx\/wp-content\/uploads\/2026\/09\/Refrenda-Americo-respaldo-IIIIII.jpeg\" alt=\"\" width=\"640\" height=\"427\" srcset=\"https:\/\/www.buroperiodistico.com.mx\/wp-content\/uploads\/2026\/09\/Refrenda-Americo-respaldo-IIIIII.jpeg 640w, https:\/\/www.buroperiodistico.com.mx\/wp-content\/uploads\/2026\/09\/Refrenda-Americo-respaldo-IIIIII-300x200.jpeg 300w\" sizes=\"auto, (max-width: 640px) 100vw, 640px\" \/> <img loading=\"lazy\" decoding=\"async\" class=\"aligncenter size-full wp-image-229534\" src=\"https:\/\/www.buroperiodistico.com.mx\/wp-content\/uploads\/2026\/09\/Refrenda-Americo-respaldo-IIIII.jpeg\" alt=\"\" width=\"640\" height=\"427\" srcset=\"https:\/\/www.buroperiodistico.com.mx\/wp-content\/uploads\/2026\/09\/Refrenda-Americo-respaldo-IIIII.jpeg 640w, https:\/\/www.buroperiodistico.com.mx\/wp-content\/uploads\/2026\/09\/Refrenda-Americo-respaldo-IIIII-300x200.jpeg 300w\" sizes=\"auto, (max-width: 640px) 100vw, 640px\" \/> <img loading=\"lazy\" decoding=\"async\" class=\"aligncenter size-full wp-image-229533\" src=\"https:\/\/www.buroperiodistico.com.mx\/wp-content\/uploads\/2026\/09\/Refrenda-Americo-respaldo-IIII.jpeg\" alt=\"\" width=\"640\" height=\"427\" srcset=\"https:\/\/www.buroperiodistico.com.mx\/wp-content\/uploads\/2026\/09\/Refrenda-Americo-respaldo-IIII.jpeg 640w, https:\/\/www.buroperiodistico.com.mx\/wp-content\/uploads\/2026\/09\/Refrenda-Americo-respaldo-IIII-300x200.jpeg 300w\" sizes=\"auto, (max-width: 640px) 100vw, 640px\" \/> <img loading=\"lazy\" decoding=\"async\" class=\"aligncenter size-full wp-image-229532\" src=\"https:\/\/www.buroperiodistico.com.mx\/wp-content\/uploads\/2026\/09\/Refrenda-Americo-respaldo-III.jpeg\" alt=\"\" width=\"640\" height=\"427\" srcset=\"https:\/\/www.buroperiodistico.com.mx\/wp-content\/uploads\/2026\/09\/Refrenda-Americo-respaldo-III.jpeg 640w, https:\/\/www.buroperiodistico.com.mx\/wp-content\/uploads\/2026\/09\/Refrenda-Americo-respaldo-III-300x200.jpeg 300w\" sizes=\"auto, (max-width: 640px) 100vw, 640px\" \/> <img loading=\"lazy\" decoding=\"async\" class=\"aligncenter size-full wp-image-229531\" src=\"https:\/\/www.buroperiodistico.com.mx\/wp-content\/uploads\/2026\/09\/Refrenda-Americo-respaldo-II.jpeg\" alt=\"\" width=\"640\" height=\"427\" srcset=\"https:\/\/www.buroperiodistico.com.mx\/wp-content\/uploads\/2026\/09\/Refrenda-Americo-respaldo-II.jpeg 640w, https:\/\/www.buroperiodistico.com.mx\/wp-content\/uploads\/2026\/09\/Refrenda-Americo-respaldo-II-300x200.jpeg 300w\" sizes=\"auto, (max-width: 640px) 100vw, 640px\" \/><\/p>\n","protected":false},"excerpt":{"rendered":"<p>Desde D\u00edaz Ordaz, donde presenci\u00f3 el informe de la alcaldesa Nataly Garc\u00eda, el gobernador destac\u00f3&#8230;<\/p>\n","protected":false},"author":1,"featured_media":229537,"comment_status":"closed","ping_status":"closed","sticky":false,"template":"","format":"standard","meta":{"footnotes":"","jetpack_publicize_message":"","jetpack_publicize_feature_enabled":true,"jetpack_social_post_already_shared":true,"jetpack_social_options":{"image_generator_settings":{"template":"highway","default_image_id":0,"font":"","enabled":false},"version":2}},"categories":[25,10],"tags":[],"class_list":["post-229529","post","type-post","status-publish","format-standard","has-post-thumbnail","hentry","category-portada","category-tamaulipas"],"jetpack_publicize_connections":[],"_links":{"self":[{"href":"https:\/\/www.buroperiodistico.com.mx\/index.php?rest_route=\/wp\/v2\/posts\/229529","targetHints":{"allow":["GET"]}}],"collection":[{"href":"https:\/\/www.buroperiodistico.com.mx\/index.php?rest_route=\/wp\/v2\/posts"}],"about":[{"href":"https:\/\/www.buroperiodistico.com.mx\/index.php?rest_route=\/wp\/v2\/types\/post"}],"author":[{"embeddable":true,"href":"https:\/\/www.buroperiodistico.com.mx\/index.php?rest_route=\/wp\/v2\/users\/1"}],"replies":[{"embeddable":true,"href":"https:\/\/www.buroperiodistico.com.mx\/index.php?rest_route=%2Fwp%2Fv2%2Fcomments&post=229529"}],"version-history":[{"count":1,"href":"https:\/\/www.buroperiodistico.com.mx\/index.php?rest_route=\/wp\/v2\/posts\/229529\/revisions"}],"predecessor-version":[{"id":229538,"href":"https:\/\/www.buroperiodistico.com.mx\/index.php?rest_route=\/wp\/v2\/posts\/229529\/revisions\/229538"}],"wp:featuredmedia":[{"embeddable":true,"href":"https:\/\/www.buroperiodistico.com.mx\/index.php?rest_route=\/wp\/v2\/media\/229537"}],"wp:attachment":[{"href":"https:\/\/www.buroperiodistico.com.mx\/index.php?rest_route=%2Fwp%2Fv2%2Fmedia&parent=229529"}],"wp:term":[{"taxonomy":"category","embeddable":true,"href":"https:\/\/www.buroperiodistico.com.mx\/index.php?rest_route=%2Fwp%2Fv2%2Fcategories&post=229529"},{"taxonomy":"post_tag","embeddable":true,"href":"https:\/\/www.buroperiodistico.com.mx\/index.php?rest_route=%2Fwp%2Fv2%2Ftags&post=229529"}],"curies":[{"name":"wp","href":"https:\/\/api.w.org\/{rel}","templated":true}]}}