{"id":229504,"date":"2026-09-05T19:03:59","date_gmt":"2026-09-06T00:03:59","guid":{"rendered":"https:\/\/www.buroperiodistico.com.mx\/?p=229504"},"modified":"2026-09-05T19:03:59","modified_gmt":"2026-09-06T00:03:59","slug":"segundo-informe-2026-2","status":"publish","type":"post","link":"https:\/\/www.buroperiodistico.com.mx\/?p=229504","title":{"rendered":"Segundo Informe 2026"},"content":{"rendered":"<p><em><strong>(5-Septiembre-2026).-<\/strong><\/em> Durante 5 a\u00f1os de Gobierno Municipal, Reynosa cre\u00f3 m\u00e1s de 58 mil nuevos empleos, consolid\u00e1ndose como la capital del empleo en Tamaulipas, gracias a las pol\u00edticas de impulso econ\u00f3mico, atracci\u00f3n de inversiones y vinculaci\u00f3n laboral promovidas por el Presidente Municipal Carlos Pe\u00f1a Ortiz.<\/p>\n<p>Este logro refleja el trabajo imparable para generar oportunidades para las familias, posicionando a Reynosa como motor econ\u00f3mico del estado y referente en generaci\u00f3n de empleo formal. El Alcalde te invita a su Segundo Informe 2026, este domingo 6 de septiembre a partir de las 11:00 de la ma\u00f1ana por Facebook Live, en las p\u00e1ginas Carlos Pe\u00f1a Ortiz y Gobierno de Reynosa.<\/p>\n<p>#ReynosaImparable<br \/>\n#GobiernoMunicipalDeReynosa<\/p>\n<p><img loading=\"lazy\" decoding=\"async\" class=\"aligncenter  wp-image-229505\" src=\"https:\/\/www.buroperiodistico.com.mx\/wp-content\/uploads\/2026\/09\/Informx-3.jpg\" alt=\"\" width=\"820\" height=\"443\" srcset=\"https:\/\/www.buroperiodistico.com.mx\/wp-content\/uploads\/2026\/09\/Informx-3.jpg 1110w, https:\/\/www.buroperiodistico.com.mx\/wp-content\/uploads\/2026\/09\/Informx-3-300x162.jpg 300w, https:\/\/www.buroperiodistico.com.mx\/wp-content\/uploads\/2026\/09\/Informx-3-1024x554.jpg 1024w, https:\/\/www.buroperiodistico.com.mx\/wp-content\/uploads\/2026\/09\/Informx-3-768x415.jpg 768w\" sizes=\"auto, (max-width: 820px) 100vw, 820px\" \/><\/p>\n","protected":false},"excerpt":{"rendered":"<p>(5-Septiembre-2026).- Durante 5 a\u00f1os de Gobierno Municipal, Reynosa cre\u00f3 m\u00e1s de 58 mil nuevos empleos,&#8230;<\/p>\n","protected":false},"author":1,"featured_media":229505,"comment_status":"closed","ping_status":"closed","sticky":false,"template":"","format":"standard","meta":{"footnotes":"","jetpack_publicize_message":"","jetpack_publicize_feature_enabled":true,"jetpack_social_post_already_shared":true,"jetpack_social_options":{"image_generator_settings":{"template":"highway","default_image_id":0,"font":"","enabled":false},"version":2}},"categories":[9],"tags":[],"class_list":["post-229504","post","type-post","status-publish","format-standard","has-post-thumbnail","hentry","category-reynosa"],"jetpack_publicize_connections":[],"_links":{"self":[{"href":"https:\/\/www.buroperiodistico.com.mx\/index.php?rest_route=\/wp\/v2\/posts\/229504","targetHints":{"allow":["GET"]}}],"collection":[{"href":"https:\/\/www.buroperiodistico.com.mx\/index.php?rest_route=\/wp\/v2\/posts"}],"about":[{"href":"https:\/\/www.buroperiodistico.com.mx\/index.php?rest_route=\/wp\/v2\/types\/post"}],"author":[{"embeddable":true,"href":"https:\/\/www.buroperiodistico.com.mx\/index.php?rest_route=\/wp\/v2\/users\/1"}],"replies":[{"embeddable":true,"href":"https:\/\/www.buroperiodistico.com.mx\/index.php?rest_route=%2Fwp%2Fv2%2Fcomments&post=229504"}],"version-history":[{"count":1,"href":"https:\/\/www.buroperiodistico.com.mx\/index.php?rest_route=\/wp\/v2\/posts\/229504\/revisions"}],"predecessor-version":[{"id":229506,"href":"https:\/\/www.buroperiodistico.com.mx\/index.php?rest_route=\/wp\/v2\/posts\/229504\/revisions\/229506"}],"wp:featuredmedia":[{"embeddable":true,"href":"https:\/\/www.buroperiodistico.com.mx\/index.php?rest_route=\/wp\/v2\/media\/229505"}],"wp:attachment":[{"href":"https:\/\/www.buroperiodistico.com.mx\/index.php?rest_route=%2Fwp%2Fv2%2Fmedia&parent=229504"}],"wp:term":[{"taxonomy":"category","embeddable":true,"href":"https:\/\/www.buroperiodistico.com.mx\/index.php?rest_route=%2Fwp%2Fv2%2Fcategories&post=229504"},{"taxonomy":"post_tag","embeddable":true,"href":"https:\/\/www.buroperiodistico.com.mx\/index.php?rest_route=%2Fwp%2Fv2%2Ftags&post=229504"}],"curies":[{"name":"wp","href":"https:\/\/api.w.org\/{rel}","templated":true}]}}