{"id":229443,"date":"2026-09-05T13:09:06","date_gmt":"2026-09-05T18:09:06","guid":{"rendered":"https:\/\/www.buroperiodistico.com.mx\/?p=229443"},"modified":"2026-09-05T13:09:06","modified_gmt":"2026-09-05T18:09:06","slug":"acerca-tamaulipas-ejemplares-de-alta-calidad-genetica-a-ganaderos-de-el-mante","status":"publish","type":"post","link":"https:\/\/www.buroperiodistico.com.mx\/?p=229443","title":{"rendered":"Acerca Tamaulipas ejemplares de alta calidad gen\u00e9tica a ganaderos de El Mante"},"content":{"rendered":"<p><em><strong><img loading=\"lazy\" decoding=\"async\" class=\" wp-image-229447 alignright\" src=\"https:\/\/www.buroperiodistico.com.mx\/wp-content\/uploads\/2026\/09\/SRUMante.jpeg\" alt=\"\" width=\"490\" height=\"299\" srcset=\"https:\/\/www.buroperiodistico.com.mx\/wp-content\/uploads\/2026\/09\/SRUMante.jpeg 1024w, https:\/\/www.buroperiodistico.com.mx\/wp-content\/uploads\/2026\/09\/SRUMante-300x183.jpeg 300w, https:\/\/www.buroperiodistico.com.mx\/wp-content\/uploads\/2026\/09\/SRUMante-768x469.jpeg 768w\" sizes=\"auto, (max-width: 490px) 100vw, 490px\" \/>El Mante, Tamaulipas (5-Septiembre-2026).-<\/strong><\/em> Contin\u00faa el Gobierno de Tamaulipas refrendando su compromiso con el fortalecimiento del sector pecuario en el municipio de El Mante, donde se llev\u00f3 a cabo una jornada del programa de Mejoramiento Gen\u00e9tico. Durante esta actividad se ofertaron alrededor de 73 sementales bovinos de registro, provenientes de 12 reconocidas ganader\u00edas tamaulipecas, los cuales fueron adquiridos por productores con un subsidio del 50 por ciento, contribuyendo as\u00ed a mejorar la calidad gen\u00e9tica y la productividad del hato ganadero de la regi\u00f3n.<\/p>\n<p>Durante el evento, el subsecretario de Desarrollo Pecuario y Forestal, Cuauht\u00e9moc Amaya Garc\u00eda, quien acudi\u00f3 en representaci\u00f3n del secretario de Desarrollo Rural, Pesca y Acuacultura, Antonio Varela Flores, destac\u00f3 que el Gobierno de Tamaulipas mantiene firme su compromiso con la sanidad animal, al continuar trabajando de manera permanente en la prevenci\u00f3n y control de enfermedades como la tuberculosis, la brucelosis y el gusano barrenador.<\/p>\n<p>Se\u00f1al\u00f3 que la entidad conserva su estatus como estado exportador de ganado, luego de que el a\u00f1o pasado fuera evaluada por el Departamento de Agricultura de Estados Unidos (USDA), con resultados favorables que permitieron mantener dicha condici\u00f3n hasta 2028.<\/p>\n<p>\u201cSeguimos trabajando en el tema de la sanidad, no hemos bajado la guardia\u201d, afirm\u00f3, al tiempo que hizo un llamado a redoblar esfuerzos, particularmente en las acciones preventivas contra el gusano barrenador.<\/p>\n<p>Durante el evento, el subsecretario Amaya Garc\u00eda entreg\u00f3 de un litro de Exzolt, equivalente a 500 pipetas, con las que se beneficiar\u00e1 a igual n\u00famero de becerros. A esta aportaci\u00f3n se sum\u00f3 la donaci\u00f3n de un litro m\u00e1s por parte de la alcaldesa de El Mante, con lo que se contar\u00e1 con un total de mil pipetas destinadas a apoyar a los productores de la regi\u00f3n y fortalecer las medidas de prevenci\u00f3n y control de esta problem\u00e1tica sanitaria, lo anterior, como parte de las acciones para contener el avance del gusano barrenador.<\/p>\n<p>Por su parte, la presidenta municipal de El Mante, Martha Patricia Ch\u00edo de la Garza, agradeci\u00f3 al gobernador por acercar estos programas a las regiones productivas de Tamaulipas, al destacar que representan un apoyo directo para las familias ganaderas.<\/p>\n<p>Se\u00f1al\u00f3 que se entregaron apoyos para la adquisici\u00f3n de sementales. Este programa es una inversi\u00f3n para elevar la calidad y la productividad del hato, fortalecer al productor e impulsar la econom\u00eda y el bienestar de las familias de El Mante.<\/p>\n<p>Asimismo, Jos\u00e9 Guerrero Gamboa, presidente de la Uni\u00f3n Ganadera Regional de Tamaulipas, reconoci\u00f3 el trabajo coordinado de los gobiernos estatal y municipal, as\u00ed como el respaldo permanente del gobernador Am\u00e9rico Villarreal Anaya al sector ganadero en temas como sanidad, mejoramiento gen\u00e9tico y programas para beneficio de los productores. A nombre de los ganaderos de Tamaulipas, agradeci\u00f3 el apoyo y la estrecha colaboraci\u00f3n con el sector.<\/p>\n<p>El evento tambi\u00e9n cont\u00f3 con la asistencia de \u00d3scar Barr\u00f3n L\u00f3pez, director de Fomento Pecuario; Marco Antonio Sol\u00eds Hinojosa, secretario de la Uni\u00f3n Ganadera Regional de Tamaulipas; Esteban Torres Aguirre, presidente del Fondo de Aseguramiento Ganadero; Rub\u00e9n L\u00f3pez Acevedo, tesorero de la UGRT; H\u00e9ctor Hugo V\u00e1zquez Alvarado, director de Desarrollo Rural; Ricardo N\u00fa\u00f1ez Mart\u00ednez, presidente de la Asociaci\u00f3n Ganadera de El Mante, adem\u00e1s de productores pecuarios.<\/p>\n<p><img loading=\"lazy\" decoding=\"async\" class=\"aligncenter size-full wp-image-229444\" src=\"https:\/\/www.buroperiodistico.com.mx\/wp-content\/uploads\/2026\/09\/SRUMante-I.jpeg\" alt=\"\" width=\"640\" height=\"426\" srcset=\"https:\/\/www.buroperiodistico.com.mx\/wp-content\/uploads\/2026\/09\/SRUMante-I.jpeg 640w, https:\/\/www.buroperiodistico.com.mx\/wp-content\/uploads\/2026\/09\/SRUMante-I-300x200.jpeg 300w\" sizes=\"auto, (max-width: 640px) 100vw, 640px\" \/> <img loading=\"lazy\" decoding=\"async\" class=\"aligncenter size-full wp-image-229446\" src=\"https:\/\/www.buroperiodistico.com.mx\/wp-content\/uploads\/2026\/09\/SRUMante-III.jpeg\" alt=\"\" width=\"640\" height=\"426\" srcset=\"https:\/\/www.buroperiodistico.com.mx\/wp-content\/uploads\/2026\/09\/SRUMante-III.jpeg 640w, https:\/\/www.buroperiodistico.com.mx\/wp-content\/uploads\/2026\/09\/SRUMante-III-300x200.jpeg 300w\" sizes=\"auto, (max-width: 640px) 100vw, 640px\" \/> <img loading=\"lazy\" decoding=\"async\" class=\"aligncenter size-full wp-image-229445\" src=\"https:\/\/www.buroperiodistico.com.mx\/wp-content\/uploads\/2026\/09\/SRUMante-II.jpeg\" alt=\"\" width=\"640\" height=\"426\" srcset=\"https:\/\/www.buroperiodistico.com.mx\/wp-content\/uploads\/2026\/09\/SRUMante-II.jpeg 640w, https:\/\/www.buroperiodistico.com.mx\/wp-content\/uploads\/2026\/09\/SRUMante-II-300x200.jpeg 300w\" sizes=\"auto, (max-width: 640px) 100vw, 640px\" \/><\/p>\n","protected":false},"excerpt":{"rendered":"<p>El Mante, Tamaulipas (5-Septiembre-2026).- Contin\u00faa el Gobierno de Tamaulipas refrendando su compromiso con el fortalecimiento&#8230;<\/p>\n","protected":false},"author":1,"featured_media":229447,"comment_status":"closed","ping_status":"closed","sticky":false,"template":"","format":"standard","meta":{"footnotes":"","jetpack_publicize_message":"","jetpack_publicize_feature_enabled":true,"jetpack_social_post_already_shared":true,"jetpack_social_options":{"image_generator_settings":{"template":"highway","default_image_id":0,"font":"","enabled":false},"version":2}},"categories":[10],"tags":[],"class_list":["post-229443","post","type-post","status-publish","format-standard","has-post-thumbnail","hentry","category-tamaulipas"],"jetpack_publicize_connections":[],"_links":{"self":[{"href":"https:\/\/www.buroperiodistico.com.mx\/index.php?rest_route=\/wp\/v2\/posts\/229443","targetHints":{"allow":["GET"]}}],"collection":[{"href":"https:\/\/www.buroperiodistico.com.mx\/index.php?rest_route=\/wp\/v2\/posts"}],"about":[{"href":"https:\/\/www.buroperiodistico.com.mx\/index.php?rest_route=\/wp\/v2\/types\/post"}],"author":[{"embeddable":true,"href":"https:\/\/www.buroperiodistico.com.mx\/index.php?rest_route=\/wp\/v2\/users\/1"}],"replies":[{"embeddable":true,"href":"https:\/\/www.buroperiodistico.com.mx\/index.php?rest_route=%2Fwp%2Fv2%2Fcomments&post=229443"}],"version-history":[{"count":1,"href":"https:\/\/www.buroperiodistico.com.mx\/index.php?rest_route=\/wp\/v2\/posts\/229443\/revisions"}],"predecessor-version":[{"id":229448,"href":"https:\/\/www.buroperiodistico.com.mx\/index.php?rest_route=\/wp\/v2\/posts\/229443\/revisions\/229448"}],"wp:featuredmedia":[{"embeddable":true,"href":"https:\/\/www.buroperiodistico.com.mx\/index.php?rest_route=\/wp\/v2\/media\/229447"}],"wp:attachment":[{"href":"https:\/\/www.buroperiodistico.com.mx\/index.php?rest_route=%2Fwp%2Fv2%2Fmedia&parent=229443"}],"wp:term":[{"taxonomy":"category","embeddable":true,"href":"https:\/\/www.buroperiodistico.com.mx\/index.php?rest_route=%2Fwp%2Fv2%2Fcategories&post=229443"},{"taxonomy":"post_tag","embeddable":true,"href":"https:\/\/www.buroperiodistico.com.mx\/index.php?rest_route=%2Fwp%2Fv2%2Ftags&post=229443"}],"curies":[{"name":"wp","href":"https:\/\/api.w.org\/{rel}","templated":true}]}}