{"id":229436,"date":"2026-09-05T11:11:26","date_gmt":"2026-09-05T16:11:26","guid":{"rendered":"https:\/\/www.buroperiodistico.com.mx\/?p=229436"},"modified":"2026-09-05T11:11:26","modified_gmt":"2026-09-05T16:11:26","slug":"promueve-gobierno-de-carlos-pena-ortiz-cultura-ecologica-entre-alumnos-del-irca","status":"publish","type":"post","link":"https:\/\/www.buroperiodistico.com.mx\/?p=229436","title":{"rendered":"Promueve Gobierno de Carlos Pe\u00f1a Ortiz cultura ecol\u00f3gica entre alumnos del IRCA"},"content":{"rendered":"<p><em><strong><img loading=\"lazy\" decoding=\"async\" class=\" wp-image-229439 alignright\" src=\"https:\/\/www.buroperiodistico.com.mx\/wp-content\/uploads\/2026\/09\/Ircax-3.jpg\" alt=\"\" width=\"490\" height=\"324\" srcset=\"https:\/\/www.buroperiodistico.com.mx\/wp-content\/uploads\/2026\/09\/Ircax-3.jpg 1024w, https:\/\/www.buroperiodistico.com.mx\/wp-content\/uploads\/2026\/09\/Ircax-3-300x198.jpg 300w, https:\/\/www.buroperiodistico.com.mx\/wp-content\/uploads\/2026\/09\/Ircax-3-768x507.jpg 768w, https:\/\/www.buroperiodistico.com.mx\/wp-content\/uploads\/2026\/09\/Ircax-3-720x475.jpg 720w\" sizes=\"auto, (max-width: 490px) 100vw, 490px\" \/>Reynosa, Tam (5-Septiembre-2026).-<\/strong><\/em> Siguiendo instrucciones del Alcalde Carlos Pe\u00f1a Ortiz, la Secretar\u00eda de Desarrollo Urbano y Medio Ambiente implement\u00f3 una loter\u00eda ambiental dirigida a alumnos del Taller de Verano \u00ab50 A\u00f1os y m\u00e1s\u00bb del Instituto Reynosense para la Cultura y las Artes, IRCA.<\/p>\n<p>A cargo de personal calificado de la dependencia municipal, la actividad cumpli\u00f3 el objetivo de reforzar conocimientos sobre el cuidado del entorno, la biodiversidad y pr\u00e1cticas de sustentabilidad entre los participantes.<\/p>\n<p>A trav\u00e9s del juego tradicional adaptado con tem\u00e1tica ecol\u00f3gica, los alumnos interactuaron con conceptos para la preservaci\u00f3n de los recursos naturales.<\/p>\n<p>Mediante estas acciones, la primera autoridad municipal reafirma su compromiso con la educaci\u00f3n ambiental a trav\u00e9s de estrategias que promueven una cultura de sustentabilidad.<\/p>\n<p>#ReynosaImparable #Reynosa #Tamaulipas<\/p>\n<p><img loading=\"lazy\" decoding=\"async\" class=\"aligncenter size-full wp-image-229437\" src=\"https:\/\/www.buroperiodistico.com.mx\/wp-content\/uploads\/2026\/09\/Ircax-I-3.jpg\" alt=\"\" width=\"640\" height=\"434\" srcset=\"https:\/\/www.buroperiodistico.com.mx\/wp-content\/uploads\/2026\/09\/Ircax-I-3.jpg 640w, https:\/\/www.buroperiodistico.com.mx\/wp-content\/uploads\/2026\/09\/Ircax-I-3-300x203.jpg 300w\" sizes=\"auto, (max-width: 640px) 100vw, 640px\" \/> <img loading=\"lazy\" decoding=\"async\" class=\"aligncenter size-full wp-image-229438\" src=\"https:\/\/www.buroperiodistico.com.mx\/wp-content\/uploads\/2026\/09\/Ircax-II-1.jpg\" alt=\"\" width=\"640\" height=\"438\" srcset=\"https:\/\/www.buroperiodistico.com.mx\/wp-content\/uploads\/2026\/09\/Ircax-II-1.jpg 640w, https:\/\/www.buroperiodistico.com.mx\/wp-content\/uploads\/2026\/09\/Ircax-II-1-300x205.jpg 300w\" sizes=\"auto, (max-width: 640px) 100vw, 640px\" \/><\/p>\n","protected":false},"excerpt":{"rendered":"<p>Reynosa, Tam (5-Septiembre-2026).- Siguiendo instrucciones del Alcalde Carlos Pe\u00f1a Ortiz, la Secretar\u00eda de Desarrollo Urbano&#8230;<\/p>\n","protected":false},"author":1,"featured_media":229439,"comment_status":"closed","ping_status":"closed","sticky":false,"template":"","format":"standard","meta":{"footnotes":"","jetpack_publicize_message":"","jetpack_publicize_feature_enabled":true,"jetpack_social_post_already_shared":true,"jetpack_social_options":{"image_generator_settings":{"template":"highway","default_image_id":0,"font":"","enabled":false},"version":2}},"categories":[9],"tags":[],"class_list":["post-229436","post","type-post","status-publish","format-standard","has-post-thumbnail","hentry","category-reynosa"],"jetpack_publicize_connections":[],"_links":{"self":[{"href":"https:\/\/www.buroperiodistico.com.mx\/index.php?rest_route=\/wp\/v2\/posts\/229436","targetHints":{"allow":["GET"]}}],"collection":[{"href":"https:\/\/www.buroperiodistico.com.mx\/index.php?rest_route=\/wp\/v2\/posts"}],"about":[{"href":"https:\/\/www.buroperiodistico.com.mx\/index.php?rest_route=\/wp\/v2\/types\/post"}],"author":[{"embeddable":true,"href":"https:\/\/www.buroperiodistico.com.mx\/index.php?rest_route=\/wp\/v2\/users\/1"}],"replies":[{"embeddable":true,"href":"https:\/\/www.buroperiodistico.com.mx\/index.php?rest_route=%2Fwp%2Fv2%2Fcomments&post=229436"}],"version-history":[{"count":1,"href":"https:\/\/www.buroperiodistico.com.mx\/index.php?rest_route=\/wp\/v2\/posts\/229436\/revisions"}],"predecessor-version":[{"id":229440,"href":"https:\/\/www.buroperiodistico.com.mx\/index.php?rest_route=\/wp\/v2\/posts\/229436\/revisions\/229440"}],"wp:featuredmedia":[{"embeddable":true,"href":"https:\/\/www.buroperiodistico.com.mx\/index.php?rest_route=\/wp\/v2\/media\/229439"}],"wp:attachment":[{"href":"https:\/\/www.buroperiodistico.com.mx\/index.php?rest_route=%2Fwp%2Fv2%2Fmedia&parent=229436"}],"wp:term":[{"taxonomy":"category","embeddable":true,"href":"https:\/\/www.buroperiodistico.com.mx\/index.php?rest_route=%2Fwp%2Fv2%2Fcategories&post=229436"},{"taxonomy":"post_tag","embeddable":true,"href":"https:\/\/www.buroperiodistico.com.mx\/index.php?rest_route=%2Fwp%2Fv2%2Ftags&post=229436"}],"curies":[{"name":"wp","href":"https:\/\/api.w.org\/{rel}","templated":true}]}}