{"id":229432,"date":"2026-09-05T11:03:41","date_gmt":"2026-09-05T16:03:41","guid":{"rendered":"https:\/\/www.buroperiodistico.com.mx\/?p=229432"},"modified":"2026-09-05T11:03:41","modified_gmt":"2026-09-05T16:03:41","slug":"acerca-dif-la-joya-servicios-para-las-familias-de-colonias-aledanas","status":"publish","type":"post","link":"https:\/\/www.buroperiodistico.com.mx\/?p=229432","title":{"rendered":"Acerca DIF La Joya servicios para las familias de colonias aleda\u00f1as"},"content":{"rendered":"<ul>\n<li><strong><em>Acude y conoce las instalaciones.<\/em><\/strong><\/li>\n<\/ul>\n<p><strong><img loading=\"lazy\" decoding=\"async\" class=\" wp-image-229434 alignright\" src=\"https:\/\/www.buroperiodistico.com.mx\/wp-content\/uploads\/2026\/09\/DIFReyno.jpg\" alt=\"\" width=\"451\" height=\"286\" srcset=\"https:\/\/www.buroperiodistico.com.mx\/wp-content\/uploads\/2026\/09\/DIFReyno.jpg 1024w, https:\/\/www.buroperiodistico.com.mx\/wp-content\/uploads\/2026\/09\/DIFReyno-300x190.jpg 300w, https:\/\/www.buroperiodistico.com.mx\/wp-content\/uploads\/2026\/09\/DIFReyno-768x487.jpg 768w\" sizes=\"auto, (max-width: 451px) 100vw, 451px\" \/>Reynosa, Tam (5-Septiembre-2026).-<\/strong> Con apoyo del Alcalde, Carlos Pe\u00f1a Ortiz, el Sistema DIF-Reynosa que preside Carlos Luis Pe\u00f1a Garza, acerca diversos servicios a las familias de La Joya y sectores aleda\u00f1os a trav\u00e9s del Centro DIF La Joya, un espacio donde ni\u00f1as, ni\u00f1os, j\u00f3venes, adultos y personas mayores pueden acceder a los programas sin tener que trasladarse hasta las oficinas centrales del organismo de asistencia social.<\/p>\n<p>En este centro se ofrece atenci\u00f3n m\u00e9dica y dental, atenci\u00f3n jur\u00eddica y psicol\u00f3gica, rehabilitaci\u00f3n a trav\u00e9s del CRI, talleres del CEDIF, educaci\u00f3n preescolar mediante CAIC, fortalecimiento escolar de PANNARTI y atenci\u00f3n dirigida a personas adultas mayores a trav\u00e9s de Casas Club.<\/p>\n<p>El Centro DIF La Joya se encuentra en Avenida Punta Diamante s\/n, en la colonia Villas de La Joya, y brinda atenci\u00f3n de lunes a viernes, de 8:00 de la ma\u00f1ana a 4:00 de la tarde, con servicios dirigidos a las necesidades de las familias de este sector y comunidades cercanas.<\/p>\n<p><img loading=\"lazy\" decoding=\"async\" class=\"aligncenter size-full wp-image-229433\" src=\"https:\/\/www.buroperiodistico.com.mx\/wp-content\/uploads\/2026\/09\/DIFReyno-I.jpg\" alt=\"\" width=\"640\" height=\"427\" srcset=\"https:\/\/www.buroperiodistico.com.mx\/wp-content\/uploads\/2026\/09\/DIFReyno-I.jpg 640w, https:\/\/www.buroperiodistico.com.mx\/wp-content\/uploads\/2026\/09\/DIFReyno-I-300x200.jpg 300w\" sizes=\"auto, (max-width: 640px) 100vw, 640px\" \/><\/p>\n","protected":false},"excerpt":{"rendered":"<p>Acude y conoce las instalaciones. Reynosa, Tam (5-Septiembre-2026).- Con apoyo del Alcalde, Carlos Pe\u00f1a Ortiz,&#8230;<\/p>\n","protected":false},"author":1,"featured_media":229434,"comment_status":"closed","ping_status":"closed","sticky":false,"template":"","format":"standard","meta":{"footnotes":"","jetpack_publicize_message":"","jetpack_publicize_feature_enabled":true,"jetpack_social_post_already_shared":true,"jetpack_social_options":{"image_generator_settings":{"template":"highway","default_image_id":0,"font":"","enabled":false},"version":2}},"categories":[9],"tags":[],"class_list":["post-229432","post","type-post","status-publish","format-standard","has-post-thumbnail","hentry","category-reynosa"],"jetpack_publicize_connections":[],"_links":{"self":[{"href":"https:\/\/www.buroperiodistico.com.mx\/index.php?rest_route=\/wp\/v2\/posts\/229432","targetHints":{"allow":["GET"]}}],"collection":[{"href":"https:\/\/www.buroperiodistico.com.mx\/index.php?rest_route=\/wp\/v2\/posts"}],"about":[{"href":"https:\/\/www.buroperiodistico.com.mx\/index.php?rest_route=\/wp\/v2\/types\/post"}],"author":[{"embeddable":true,"href":"https:\/\/www.buroperiodistico.com.mx\/index.php?rest_route=\/wp\/v2\/users\/1"}],"replies":[{"embeddable":true,"href":"https:\/\/www.buroperiodistico.com.mx\/index.php?rest_route=%2Fwp%2Fv2%2Fcomments&post=229432"}],"version-history":[{"count":1,"href":"https:\/\/www.buroperiodistico.com.mx\/index.php?rest_route=\/wp\/v2\/posts\/229432\/revisions"}],"predecessor-version":[{"id":229435,"href":"https:\/\/www.buroperiodistico.com.mx\/index.php?rest_route=\/wp\/v2\/posts\/229432\/revisions\/229435"}],"wp:featuredmedia":[{"embeddable":true,"href":"https:\/\/www.buroperiodistico.com.mx\/index.php?rest_route=\/wp\/v2\/media\/229434"}],"wp:attachment":[{"href":"https:\/\/www.buroperiodistico.com.mx\/index.php?rest_route=%2Fwp%2Fv2%2Fmedia&parent=229432"}],"wp:term":[{"taxonomy":"category","embeddable":true,"href":"https:\/\/www.buroperiodistico.com.mx\/index.php?rest_route=%2Fwp%2Fv2%2Fcategories&post=229432"},{"taxonomy":"post_tag","embeddable":true,"href":"https:\/\/www.buroperiodistico.com.mx\/index.php?rest_route=%2Fwp%2Fv2%2Ftags&post=229432"}],"curies":[{"name":"wp","href":"https:\/\/api.w.org\/{rel}","templated":true}]}}