{"id":229421,"date":"2026-09-04T22:51:39","date_gmt":"2026-09-05T03:51:39","guid":{"rendered":"https:\/\/www.buroperiodistico.com.mx\/?p=229421"},"modified":"2026-09-04T22:51:39","modified_gmt":"2026-09-05T03:51:39","slug":"formalizan-pemex-y-el-stprm-incremento-salarial-2026-2027","status":"publish","type":"post","link":"https:\/\/www.buroperiodistico.com.mx\/?p=229421","title":{"rendered":"Formalizan Pemex y el STPRM incremento salarial 2026-2027"},"content":{"rendered":"<ul>\n<li><em><strong>Se acord\u00f3 un incremento de 4% al salario ordinario y 2% a prestaciones; 3.12% en gas y gasolina conforme al INPC; y un ajuste adicional de 5% al salario tabulado a partir de 2027<\/strong><\/em><\/li>\n<\/ul>\n<p><em><strong><img loading=\"lazy\" decoding=\"async\" class=\" wp-image-229425 alignright\" src=\"https:\/\/www.buroperiodistico.com.mx\/wp-content\/uploads\/2026\/09\/Pemexz.jpg\" alt=\"\" width=\"531\" height=\"314\" srcset=\"https:\/\/www.buroperiodistico.com.mx\/wp-content\/uploads\/2026\/09\/Pemexz.jpg 1024w, https:\/\/www.buroperiodistico.com.mx\/wp-content\/uploads\/2026\/09\/Pemexz-300x177.jpg 300w, https:\/\/www.buroperiodistico.com.mx\/wp-content\/uploads\/2026\/09\/Pemexz-768x454.jpg 768w\" sizes=\"auto, (max-width: 531px) 100vw, 531px\" \/>Ciudad de M\u00e9xico (4-Septiembre-2026).-<\/strong><\/em> Petr\u00f3leos Mexicanos (Pemex) y el Sindicato de Trabajadores Petroleros de la Rep\u00fablica Mexicana (STPRM) firmaron el Acta de Conclusi\u00f3n de los Trabajos de la Revisi\u00f3n Salarial 2026-2027, como resultado del proceso de negociaci\u00f3n llevado a cabo entre ambas partes.<\/p>\n<p>En este marco, se acord\u00f3 otorgar un 4% de incremento al salario ordinario y 2% a prestaciones, a partir del 1 de agosto de 2026. Adicionalmente, se otorga un incremento del 3.12% a las prestaciones de gas y gasolina, conforme al \u00cdndice Nacional de Precios al Consumidor (INPC).<\/p>\n<p>De igual forma se convino que a partir del 1 de enero de 2027, se ajuste el salario tabulado con un 5 % adicional, lo cual representa un incremento en promedio del 1.5 %, por las repercusiones que aplican a los conceptos de pago que se calculan sobre el salario tabulado.<\/p>\n<p>El director general de Pemex, Juan Carlos Carpio Fragoso, afirm\u00f3 que la Empresa P\u00fablica del Estado trabaja para administrar responsablemente los recursos, fortalecer las capacidades t\u00e9cnicas y financieras de la empresa, as\u00ed como la seguridad y el bienestar de su personal.<\/p>\n<p>\u201cLa encomienda de la presidenta de M\u00e9xico, Claudia Sheinbaum Pardo, es clara: fortalecer a Petr\u00f3leos Mexicanos y contribuir a garantizar la soberan\u00eda energ\u00e9tica de nuestra naci\u00f3n. Cumplirla requiere sumar capacidades, actuar con disciplina y mantener una visi\u00f3n com\u00fan, teniendo siempre presente que nuestra principal responsabilidad es con M\u00e9xico\u201d, expres\u00f3 en el evento realizado en el \u201cAuditorio 18 de Marzo\u201d.<\/p>\n<p>Refiri\u00f3 que el proceso de revisi\u00f3n salarial permiti\u00f3 a la empresa y a la representaci\u00f3n sindical intercambiar puntos de vista, construir acuerdos con responsabilidad \u201cy nos confirma que el di\u00e1logo debe ser una pr\u00e1ctica permanente para enfrentar juntos los retos de Pemex\u201d.<\/p>\n<p>Por su parte, el secretario general del STPRM, Luis Ricardo Aldana Prieto, reconoci\u00f3 la disposici\u00f3n del director general de Petr\u00f3leos Mexicanos para encontrar soluciones a los temas urgentes de las y los trabajadores. Agreg\u00f3, que durante el proceso de negociaci\u00f3n se gener\u00f3 el espacio necesario para construir el consenso, en el que ambas partes dialogaron con responsabilidad y madurez institucional.<\/p>\n<p>En su mensaje, expres\u00f3 su agradecimiento a la presidenta Claudia Sheinbaum \u201cpor su permanente inter\u00e9s en las condiciones de las y los trabajadores de Petr\u00f3leos Mexicanos y por su decidido compromiso en recuperar a la empresa como baluarte fundamental del desarrollo nacional\u201d.<\/p>\n<p>A su vez, la directora de Administraci\u00f3n y Servicios (DAS) de Pemex, Marcela Villegas Silva, precis\u00f3 que el incremento salarial representa un esfuerzo importante que reconoce la relevancia del trabajo y del compromiso de los trabajadores ante los retos que enfrenta la empresa, los cuales obligan a administrar los recursos con mayor disciplina, responsabilidad y una visi\u00f3n de largo plazo.<\/p>\n<p>Con este acuerdo, Pemex y el STPRM refrendan su disposici\u00f3n para mantener una relaci\u00f3n laboral basada en el di\u00e1logo, el respeto, el entendimiento y la responsabilidad compartida, dentro del marco de sus respectivas atribuciones y responsabilidades.<\/p>\n<p><img loading=\"lazy\" decoding=\"async\" class=\"aligncenter size-full wp-image-229422\" src=\"https:\/\/www.buroperiodistico.com.mx\/wp-content\/uploads\/2026\/09\/Pemexz-I.jpg\" alt=\"\" width=\"640\" height=\"394\" srcset=\"https:\/\/www.buroperiodistico.com.mx\/wp-content\/uploads\/2026\/09\/Pemexz-I.jpg 640w, https:\/\/www.buroperiodistico.com.mx\/wp-content\/uploads\/2026\/09\/Pemexz-I-300x185.jpg 300w\" sizes=\"auto, (max-width: 640px) 100vw, 640px\" \/> <img loading=\"lazy\" decoding=\"async\" class=\"aligncenter size-full wp-image-229424\" src=\"https:\/\/www.buroperiodistico.com.mx\/wp-content\/uploads\/2026\/09\/Pemexz-III.jpg\" alt=\"\" width=\"640\" height=\"449\" srcset=\"https:\/\/www.buroperiodistico.com.mx\/wp-content\/uploads\/2026\/09\/Pemexz-III.jpg 640w, https:\/\/www.buroperiodistico.com.mx\/wp-content\/uploads\/2026\/09\/Pemexz-III-300x210.jpg 300w\" sizes=\"auto, (max-width: 640px) 100vw, 640px\" \/> <img loading=\"lazy\" decoding=\"async\" class=\"aligncenter size-full wp-image-229423\" src=\"https:\/\/www.buroperiodistico.com.mx\/wp-content\/uploads\/2026\/09\/Pemexz-II.jpg\" alt=\"\" width=\"640\" height=\"344\" srcset=\"https:\/\/www.buroperiodistico.com.mx\/wp-content\/uploads\/2026\/09\/Pemexz-II.jpg 640w, https:\/\/www.buroperiodistico.com.mx\/wp-content\/uploads\/2026\/09\/Pemexz-II-300x161.jpg 300w\" sizes=\"auto, (max-width: 640px) 100vw, 640px\" \/><\/p>\n","protected":false},"excerpt":{"rendered":"<p>Se acord\u00f3 un incremento de 4% al salario ordinario y 2% a prestaciones; 3.12% en&#8230;<\/p>\n","protected":false},"author":1,"featured_media":229425,"comment_status":"closed","ping_status":"closed","sticky":false,"template":"","format":"standard","meta":{"footnotes":"","jetpack_publicize_message":"","jetpack_publicize_feature_enabled":true,"jetpack_social_post_already_shared":true,"jetpack_social_options":{"image_generator_settings":{"template":"highway","default_image_id":0,"font":"","enabled":false},"version":2}},"categories":[11],"tags":[],"class_list":["post-229421","post","type-post","status-publish","format-standard","has-post-thumbnail","hentry","category-nacional"],"jetpack_publicize_connections":[],"_links":{"self":[{"href":"https:\/\/www.buroperiodistico.com.mx\/index.php?rest_route=\/wp\/v2\/posts\/229421","targetHints":{"allow":["GET"]}}],"collection":[{"href":"https:\/\/www.buroperiodistico.com.mx\/index.php?rest_route=\/wp\/v2\/posts"}],"about":[{"href":"https:\/\/www.buroperiodistico.com.mx\/index.php?rest_route=\/wp\/v2\/types\/post"}],"author":[{"embeddable":true,"href":"https:\/\/www.buroperiodistico.com.mx\/index.php?rest_route=\/wp\/v2\/users\/1"}],"replies":[{"embeddable":true,"href":"https:\/\/www.buroperiodistico.com.mx\/index.php?rest_route=%2Fwp%2Fv2%2Fcomments&post=229421"}],"version-history":[{"count":2,"href":"https:\/\/www.buroperiodistico.com.mx\/index.php?rest_route=\/wp\/v2\/posts\/229421\/revisions"}],"predecessor-version":[{"id":229427,"href":"https:\/\/www.buroperiodistico.com.mx\/index.php?rest_route=\/wp\/v2\/posts\/229421\/revisions\/229427"}],"wp:featuredmedia":[{"embeddable":true,"href":"https:\/\/www.buroperiodistico.com.mx\/index.php?rest_route=\/wp\/v2\/media\/229425"}],"wp:attachment":[{"href":"https:\/\/www.buroperiodistico.com.mx\/index.php?rest_route=%2Fwp%2Fv2%2Fmedia&parent=229421"}],"wp:term":[{"taxonomy":"category","embeddable":true,"href":"https:\/\/www.buroperiodistico.com.mx\/index.php?rest_route=%2Fwp%2Fv2%2Fcategories&post=229421"},{"taxonomy":"post_tag","embeddable":true,"href":"https:\/\/www.buroperiodistico.com.mx\/index.php?rest_route=%2Fwp%2Fv2%2Ftags&post=229421"}],"curies":[{"name":"wp","href":"https:\/\/api.w.org\/{rel}","templated":true}]}}