{"id":229415,"date":"2026-09-04T22:31:11","date_gmt":"2026-09-05T03:31:11","guid":{"rendered":"https:\/\/www.buroperiodistico.com.mx\/?p=229415"},"modified":"2026-09-04T22:31:11","modified_gmt":"2026-09-05T03:31:11","slug":"refrenda-americo-apoyo-a-miguel-aleman-para-generar-bienestar-y-desarrollo","status":"publish","type":"post","link":"https:\/\/www.buroperiodistico.com.mx\/?p=229415","title":{"rendered":"Refrenda Am\u00e9rico apoyo a Miguel Alem\u00e1n para generar bienestar y desarrollo"},"content":{"rendered":"<ul>\n<li><strong><em>Asisti\u00f3 al Segundo Informe del alcalde Ramiro Cortez<\/em><\/strong><\/li>\n<\/ul>\n<p><strong><img loading=\"lazy\" decoding=\"async\" class=\" wp-image-229419 alignright\" src=\"https:\/\/www.buroperiodistico.com.mx\/wp-content\/uploads\/2026\/09\/Goberx-1.jpg\" alt=\"\" width=\"535\" height=\"331\" srcset=\"https:\/\/www.buroperiodistico.com.mx\/wp-content\/uploads\/2026\/09\/Goberx-1.jpg 1024w, https:\/\/www.buroperiodistico.com.mx\/wp-content\/uploads\/2026\/09\/Goberx-1-300x186.jpg 300w, https:\/\/www.buroperiodistico.com.mx\/wp-content\/uploads\/2026\/09\/Goberx-1-768x476.jpg 768w\" sizes=\"auto, (max-width: 535px) 100vw, 535px\" \/>Miguel Alem\u00e1n, Tamaulipas (4-Septiembre-2026).-<\/strong> El gobernador Am\u00e9rico Villarreal Anaya asegur\u00f3 que el municipio de Miguel Alem\u00e1n es una pieza fundamental de la frontera norte de Tamaulipas, \u00abqueremos su recuperaci\u00f3n y la normalizaci\u00f3n cotidiana\u00bb, dijo y refrend\u00f3 todo su apoyo para seguir transformando la inversi\u00f3n p\u00fablica en acciones que generen bienestar y desarrollo para toda su poblaci\u00f3n.<\/p>\n<p>\u00abComo dijo el presidente municipal, soy su compa\u00f1ero, soy su amigo y el Gobierno del Estado siempre est\u00e1 abierto para atenderlos como lo est\u00e1 el gobierno municipal\u00bb, afirm\u00f3.<\/p>\n<p>Durante el Segundo Informe del presidente municipal, Ramiro Cortez Barrera, en el Centro C\u00edvico de esta ciudad, el gobernador record\u00f3 que desde el inicio del Gobierno de la Transformaci\u00f3n propuso un nuevo pacto, di\u00e1logo directo con las autoridades municipales, regenerar la vida p\u00fablica del estado y poner el gobierno verdaderamente al servicio de las y los tamaulipecos para que la pol\u00edtica desde todos los \u00e1mbitos y los poderes p\u00fablicos sirvan a la unidad, al entendimiento y la colaboraci\u00f3n.<\/p>\n<p>\u00abHoy el compromiso que nos une es infinitamente superior a cualquier diferencia porque est\u00e1 de por medio el servir bajo principios humanistas\u00bb, expres\u00f3.<\/p>\n<p>Afirm\u00f3 que ahora se escucha la voz de las y los presidentes municipales, identifican, juntos, obras que por sus dimensiones trascienden a veces los alcances territoriales o presupuestales del propio municipio y que el Gobierno del Estado impulsa, se hace cargo o tambi\u00e9n busca gestionar el apoyo federal correspondiente para lograrlos a trav\u00e9s del Gobierno de la presidenta Claudia Sheinbaum Pardo.<\/p>\n<p>\u00abCon ese impulso, con esa sinergia de los tres niveles de gobierno y una sociedad atenta de participar y colaborar para tener mejores niveles de bienestar, no hay problema que no se pueda resolver\u00bb, mencion\u00f3.<\/p>\n<p>El gobernador expuso que en Miguel Alem\u00e1n, entre el 2022 y 2026, se ha aplicado una inversi\u00f3n estatal y federal superior a los 983 millones de pesos, inversi\u00f3n que impacta de manera directa el bienestar, la educaci\u00f3n p\u00fablica, la infraestructura, el desarrollo econ\u00f3mico y la seguridad.<\/p>\n<p><img loading=\"lazy\" decoding=\"async\" class=\"size-full wp-image-229417 alignleft\" src=\"https:\/\/www.buroperiodistico.com.mx\/wp-content\/uploads\/2026\/09\/Goberx-I-1.jpg\" alt=\"\" width=\"480\" height=\"544\" srcset=\"https:\/\/www.buroperiodistico.com.mx\/wp-content\/uploads\/2026\/09\/Goberx-I-1.jpg 480w, https:\/\/www.buroperiodistico.com.mx\/wp-content\/uploads\/2026\/09\/Goberx-I-1-265x300.jpg 265w\" sizes=\"auto, (max-width: 480px) 100vw, 480px\" \/>Refiri\u00f3 que los Programas Federales para el Bienestar dispersan m\u00e1s de 741 millones de pesos en este municipio, una inversi\u00f3n anual que ha crecido de forma progresiva, pasando de 69 millones en el 2022 a 226 millones este a\u00f1o.<\/p>\n<p>En lo referente al apoyo destinado a obras, destac\u00f3 el haber rehabilitado la planta potabilizadora de Los Guerras, la modernizaci\u00f3n y equipamiento electromec\u00e1nico de la planta potabilizadora de la cabecera municipal, adem\u00e1s de pavimentaci\u00f3n y rehabilitaci\u00f3n de diversas vialidades, y la rehabilitaci\u00f3n del Centro C\u00edvico inaugurado previo al inicio del evento.<\/p>\n<p>En educaci\u00f3n, agreg\u00f3, se respalda a nuestras ni\u00f1as y ni\u00f1os con 2,904 becas, m\u00e1s de 10,000 paquetes de \u00fatiles y 9,382 uniformes escolares.<\/p>\n<p>\u00abNuestro compromiso es seguir transformando la inversi\u00f3n p\u00fablica en agua, mejores vialidades, educaci\u00f3n, bienestar, seguridad y oportunidades y seguir honrando nuestro compromiso de sumar voluntad y trabajo para todas y todos ustedes\u00bb, afirm\u00f3.<\/p>\n<p>Durante su mensaje, el gobernador dio una respuesta positiva a la petici\u00f3n que le hizo el alcalde para abastecer con mobiliario y equipo el asilo de abuelitos ubicado en la colonia Guadalupe, que ser\u00e1 de gran beneficio para las personas de la tercera edad en condiciones vulnerables.<\/p>\n<p>El presidente municipal, Ramiro Cortez Barrera, hizo un reconocimiento especial al gobernador Am\u00e9rico Villarreal por todo el apoyo brindado para sanear una deuda con el Servicio de Administraci\u00f3n Tributaria que se ven\u00eda arrastrando y creciendo desde el per\u00edodo fiscal 2019-2021 por 17.6 millones de pesos, logrando ponerse al corriente y regularizar la situaci\u00f3n con la aportaci\u00f3n del Gobierno del Estado con 13 millones de pesos, mientras que el municipio de Miguel Alem\u00e1n aportar\u00e1 el 25% restante, que son 4.5 millones de pesos.<\/p>\n<p>El alcalde tambi\u00e9n destac\u00f3 el respaldo del gobernador en materia de seguridad p\u00fablica al instalar en Miguel Alem\u00e1n una de las 15 Estaciones Seguras que se construyen en la carretera Ribere\u00f1a.<\/p>\n<p>Afirm\u00f3 que el gobierno municipal est\u00e1 decidido a reforzar el trabajo conjunto con el estado y la federaci\u00f3n para seguir construyendo un municipio pr\u00f3spero y sostenible para las generaciones presentes y futuras.<\/p>\n<p>\u00abSe\u00f1or gobernador, es para m\u00ed y para el gobierno que represento y para el pueblo de Miguel Alem\u00e1n, un honor y una gran distinci\u00f3n, el hecho que est\u00e9 aqu\u00ed con nosotros siendo testigo de este trabajo realizado en este segundo a\u00f1o de gobierno, el cual ha sido posible en gran medida gracias a todo el apoyo que nos ha brindado de manera personal y a trav\u00e9s de todas las secretar\u00edas de su gobierno\u00bb, mencion\u00f3.<\/p>\n<p>Expres\u00f3 que al presentar este Segundo Informe de Gobierno lo hace convencido y comprometido con la transparencia y la rendici\u00f3n de cuentas y tambi\u00e9n para compartir la visi\u00f3n y el deseo de que Miguel Alem\u00e1n siga adelante, \u00abque contin\u00fae siendo un escenario de grandes oportunidades para todas las familias\u00bb.<\/p>\n<p>El gobernador continuar\u00e1 este s\u00e1bado 5 de septiembre acompa\u00f1ando en sus respectivos informes a las presidentas municipales de Camargo y D\u00edaz Ordaz.<\/p>\n<p><img loading=\"lazy\" decoding=\"async\" class=\"aligncenter size-full wp-image-229418\" src=\"https:\/\/www.buroperiodistico.com.mx\/wp-content\/uploads\/2026\/09\/Goberx-II.jpg\" alt=\"\" width=\"640\" height=\"427\" srcset=\"https:\/\/www.buroperiodistico.com.mx\/wp-content\/uploads\/2026\/09\/Goberx-II.jpg 640w, https:\/\/www.buroperiodistico.com.mx\/wp-content\/uploads\/2026\/09\/Goberx-II-300x200.jpg 300w\" sizes=\"auto, (max-width: 640px) 100vw, 640px\" \/><\/p>\n","protected":false},"excerpt":{"rendered":"<p>Asisti\u00f3 al Segundo Informe del alcalde Ramiro Cortez Miguel Alem\u00e1n, Tamaulipas (4-Septiembre-2026).- El gobernador Am\u00e9rico&#8230;<\/p>\n","protected":false},"author":1,"featured_media":229419,"comment_status":"closed","ping_status":"closed","sticky":false,"template":"","format":"standard","meta":{"footnotes":"","jetpack_publicize_message":"","jetpack_publicize_feature_enabled":true,"jetpack_social_post_already_shared":true,"jetpack_social_options":{"image_generator_settings":{"template":"highway","default_image_id":0,"font":"","enabled":false},"version":2}},"categories":[25,10],"tags":[],"class_list":["post-229415","post","type-post","status-publish","format-standard","has-post-thumbnail","hentry","category-portada","category-tamaulipas"],"jetpack_publicize_connections":[],"_links":{"self":[{"href":"https:\/\/www.buroperiodistico.com.mx\/index.php?rest_route=\/wp\/v2\/posts\/229415","targetHints":{"allow":["GET"]}}],"collection":[{"href":"https:\/\/www.buroperiodistico.com.mx\/index.php?rest_route=\/wp\/v2\/posts"}],"about":[{"href":"https:\/\/www.buroperiodistico.com.mx\/index.php?rest_route=\/wp\/v2\/types\/post"}],"author":[{"embeddable":true,"href":"https:\/\/www.buroperiodistico.com.mx\/index.php?rest_route=\/wp\/v2\/users\/1"}],"replies":[{"embeddable":true,"href":"https:\/\/www.buroperiodistico.com.mx\/index.php?rest_route=%2Fwp%2Fv2%2Fcomments&post=229415"}],"version-history":[{"count":1,"href":"https:\/\/www.buroperiodistico.com.mx\/index.php?rest_route=\/wp\/v2\/posts\/229415\/revisions"}],"predecessor-version":[{"id":229420,"href":"https:\/\/www.buroperiodistico.com.mx\/index.php?rest_route=\/wp\/v2\/posts\/229415\/revisions\/229420"}],"wp:featuredmedia":[{"embeddable":true,"href":"https:\/\/www.buroperiodistico.com.mx\/index.php?rest_route=\/wp\/v2\/media\/229419"}],"wp:attachment":[{"href":"https:\/\/www.buroperiodistico.com.mx\/index.php?rest_route=%2Fwp%2Fv2%2Fmedia&parent=229415"}],"wp:term":[{"taxonomy":"category","embeddable":true,"href":"https:\/\/www.buroperiodistico.com.mx\/index.php?rest_route=%2Fwp%2Fv2%2Fcategories&post=229415"},{"taxonomy":"post_tag","embeddable":true,"href":"https:\/\/www.buroperiodistico.com.mx\/index.php?rest_route=%2Fwp%2Fv2%2Ftags&post=229415"}],"curies":[{"name":"wp","href":"https:\/\/api.w.org\/{rel}","templated":true}]}}