{"id":229402,"date":"2026-09-04T21:16:07","date_gmt":"2026-09-05T02:16:07","guid":{"rendered":"https:\/\/www.buroperiodistico.com.mx\/?p=229402"},"modified":"2026-09-04T21:16:07","modified_gmt":"2026-09-05T02:16:07","slug":"agenda-fronteriza-por-humberto-gutierrez-799","status":"publish","type":"post","link":"https:\/\/www.buroperiodistico.com.mx\/?p=229402","title":{"rendered":"AGENDA FRONTERIZA\/ POR HUMBERTO GUTIERREZ"},"content":{"rendered":"<p style=\"text-align: center;\"><em><strong>UAT PAVIEMENTA EL CAMINO : EDITA SUS INVESTIGACIONES<\/strong><\/em><\/p>\n<p><em><strong>(4-Septiembre-2026).-<\/strong><\/em> El gobernador sorprende por la nueva forma de asistir personalmente, sin mandar representantes a los informes de los presidentes municipales.<\/p>\n<p>Hace cuatro a\u00f1os, suspendi\u00f3 los enlaces municipales y, en su lugar, atend\u00eda personalmente a los presidentes.<\/p>\n<p>Mencion\u00f3 en Nuevo Laredo que la presidenta CARMEN LILIA CANTUROSAS, es con la que m\u00e1s acuerda y felicit\u00f3 a su equipo de trabajo por su competitividad, trabajo y humildad.<\/p>\n<p>Lo expres\u00f3 ante toda la clase pol\u00edtica del estado, ante la sociedad representada.<\/p>\n<p>Que fue total, los sectores productivos, clero, sindicatos estatales, universidades, funcionarios y representantes con cargos p\u00fablicos, partidos pol\u00edticos.<\/p>\n<p>En mi percepci\u00f3n este evento en particular, de un acontecimiento local, de Nuevo Laredo, pasa a ser de relevancia estatal.<\/p>\n<p>Como es tiempo de mujeres, \u00bfestaremos frente a la candidata a dirigir los destinos de Tamaulipas, en un futuro muy cercano?<\/p>\n<p>Chi lo sa.<\/p>\n<p>El caso es que aparenta, resulta siendo.<\/p>\n<p>La educaci\u00f3n y el fomento a la lectura, representan el cuadro b\u00e1sico de las pol\u00edticas p\u00fablicas de los gobiernos humanistas de la cuarta transformaci\u00f3n de vida social de M\u00e9xico.<\/p>\n<p>Un camino que se encuentra pavimentando la UAT- Universidad Aut\u00f3noma de Tamaulipas-, al haber logrado una producci\u00f3n cient\u00edfica hist\u00f3rica de m\u00e1s de 80 Libros (con may\u00fascula) Editados que llevan la marca UAT, que buscan entre sus lectores la divulgaci\u00f3n acad\u00e9mica en diferentes \u00e1reas del conocimiento.<\/p>\n<p>Honor a quien honor merece. Recuerdo que este aspecto de divulgaci\u00f3n acad\u00e9mica que estaba olvidada.<\/p>\n<p>Fue desde el inicio de la gesti\u00f3n del Rector D\u00c1MASO ANAYA ALVARAD se ha reforzado la formaci\u00f3n de lectores acad\u00e9micos que buscan en la ciencia m\u00e1s conocimiento con el sello UAT.<\/p>\n<p>Para mostrar evidencia, para 2024 se publicaron 19 ediciones. en 2025, la cifra ascendi\u00f3 a 38 libros en coedici\u00f3n y 5 con Sello UAT; mientras que, en este a\u00f1o, ya se han publicado 5 libros en coedici\u00f3n y 12 con Sello UAT, se encuentran en proceso de edici\u00f3n 24 libros, las cuales se pueden consultar de manera abierta en la plataforma web Libros UAT.<\/p>\n<p>Ha sido todo un \u00e9xito.<\/p>\n<p>Adem\u00e1s, que se han redoblado los esfuerzos en la producci\u00f3n de revistas acad\u00e9micas. En este rubro, la UAT cuenta con 13 revistas en total.<\/p>\n<p>Siete est\u00e1n dedicadas a la investigaci\u00f3n y seis corresponden a la divulgaci\u00f3n.<\/p>\n<p>El compromiso de la UAT, no es publicar cualquier tema. De las publicaciones de investigaci\u00f3n, fueron certificadas por la Secretar\u00eda de Ciencia, Humanidades, Tecnolog\u00eda e Innovaci\u00f3n (SECIHTI)-<\/p>\n<p>Haber logrado esta certificaci\u00f3n, representa un logro que aumenta el prestigio acad\u00e9mico de la Universidad a nivel nacional.<\/p>\n<p>Para el futuro universitario de la UAT, se plantea continuar con la generaci\u00f3n de publicaciones que ayuden a difundir el conocimiento derivado de los importantes proyectos de investigaci\u00f3n que desarrollan los especialistas de la m\u00e1xima casa de estudios en el estado.<\/p>\n<p>La licenciada GUADALUPE GOMEZ es la Presidenta del Estatal de MORENA, la vi antes de entrar al Segundo Informe de la Presidenta de Nuevo Laredo, CARMEN LILIA CANTUROSAS.<\/p>\n<p>Le pregunte por los tiempos pol\u00edticos de su partido; me contest\u00f3 ampliamente que las coordinaciones municipales y distritales se definir\u00e1n entre septiembre y octubre, mediante los mecanismos internos, del que guarda un porcentaje muy importante la opini\u00f3n de la militancia.<\/p>\n<p>Los primeros alumbramientos, se prev\u00e9, dijo la dirigente que alrededor del 15 de septiembre se dar\u00e1n a conocer respecto a las presidencias municipales, mientras que para las diputaciones a principios de octubre.<\/p>\n<p>Mientras eso sucede, los aspirantes \u201cdeber\u00e1n fortalecer su trabajo territorial y mantener un contacto permanente con la militancia\u201d.<\/p>\n<p>Los aspirantes que pretendan una candidatura no tendr\u00e1n que separarse de los cargos que actualmente ocupan.<\/p>\n<p>En lo que respecta al municipio de Reynosa, el gobierno municipal y su Presidente CARLOS PE\u00d1A ORTIZ invitan a la poblaci\u00f3n a seguir la transmisi\u00f3n en vivo de su Segundo Informe de Gobierno 2026, este domingo 6 de septiembre a las 10:00 de la ma\u00f1ana, a trav\u00e9s de Facebook Live en las p\u00e1ginas Carlos Pe\u00f1a Ortiz y Gobierno de Reynosa.<\/p>\n<p>En este informe se presentar\u00e1n los avances, programas y obras que han transformado a Reynosa, con un Gobierno cercano a la gente.<\/p>\n<p>Seguramente van a encontrar un Sal\u00f3n Cantera lleno a plenitud de representantes de la sociedad civil.<\/p>\n<p>Sucedi\u00f3 en la ciudad capital, donde el Presidente Municipal EDUARDO GATTAS BAEZ, se reuni\u00f3 con el presidente de la C\u00e1mara Nacional de Comercio, Servicios y Turismo de Victoria, FEDERICO GONZ\u00c1LEZ S\u00c1NCHEZ, para seguir impulsando con el sector empresarial la inversi\u00f3n y econom\u00eda en la Capital.<\/p>\n<p>En el encuentro coincidieron en impulsar estrategias conjuntas que detonen el consumo local, generen empleo y mejoren las condiciones para la apertura y operaci\u00f3n de negocios en la ciudad.<\/p>\n<p>En Victoria le apostamos al comercio local externo el alcalde GATTAS, por lo que vamos a trabajar juntos para que haya m\u00e1s inversi\u00f3n y m\u00e1s oportunidades.<\/p>\n<p>De esta forma LALO GATTAS reitera el compromiso contra\u00eddo hace cuatro a\u00f1os, el de mantener puertas abiertas al comercio organizado y de trabajar de la mano para agilizar tr\u00e1mites, reforzar la seguridad en zonas comerciales y mejorar la imagen urbana de los principales corredores de venta.<\/p>\n<p>El presidente de CANACO Victoria reconoci\u00f3 la disposici\u00f3n del Gobierno Municipal para escuchar al sector y construir acuerdos que beneficien a locatarios y consumidores.<\/p>\n<p>AGENDA FRONTERIZA es una colaboraci\u00f3n de temas relacionados con el desarrollo econ\u00f3mico \u2013 pol\u00edtico del estado de Tamaulipas y sus municipios. se distribuye a trav\u00e9s de la agencia informaci\u00f3n y an\u00e1lisis estad\u00edstico.<\/p>\n<p>mi correo: humbertografico@yahoo.com.mx<\/p>\n","protected":false},"excerpt":{"rendered":"<p>UAT PAVIEMENTA EL CAMINO : EDITA SUS INVESTIGACIONES (4-Septiembre-2026).- El gobernador sorprende por la nueva&#8230;<\/p>\n","protected":false},"author":1,"featured_media":149410,"comment_status":"closed","ping_status":"closed","sticky":false,"template":"","format":"standard","meta":{"footnotes":"","jetpack_publicize_message":"","jetpack_publicize_feature_enabled":true,"jetpack_social_post_already_shared":true,"jetpack_social_options":{"image_generator_settings":{"template":"highway","default_image_id":0,"font":"","enabled":false},"version":2}},"categories":[23],"tags":[],"class_list":["post-229402","post","type-post","status-publish","format-standard","has-post-thumbnail","hentry","category-columnas"],"jetpack_publicize_connections":[],"_links":{"self":[{"href":"https:\/\/www.buroperiodistico.com.mx\/index.php?rest_route=\/wp\/v2\/posts\/229402","targetHints":{"allow":["GET"]}}],"collection":[{"href":"https:\/\/www.buroperiodistico.com.mx\/index.php?rest_route=\/wp\/v2\/posts"}],"about":[{"href":"https:\/\/www.buroperiodistico.com.mx\/index.php?rest_route=\/wp\/v2\/types\/post"}],"author":[{"embeddable":true,"href":"https:\/\/www.buroperiodistico.com.mx\/index.php?rest_route=\/wp\/v2\/users\/1"}],"replies":[{"embeddable":true,"href":"https:\/\/www.buroperiodistico.com.mx\/index.php?rest_route=%2Fwp%2Fv2%2Fcomments&post=229402"}],"version-history":[{"count":1,"href":"https:\/\/www.buroperiodistico.com.mx\/index.php?rest_route=\/wp\/v2\/posts\/229402\/revisions"}],"predecessor-version":[{"id":229403,"href":"https:\/\/www.buroperiodistico.com.mx\/index.php?rest_route=\/wp\/v2\/posts\/229402\/revisions\/229403"}],"wp:featuredmedia":[{"embeddable":true,"href":"https:\/\/www.buroperiodistico.com.mx\/index.php?rest_route=\/wp\/v2\/media\/149410"}],"wp:attachment":[{"href":"https:\/\/www.buroperiodistico.com.mx\/index.php?rest_route=%2Fwp%2Fv2%2Fmedia&parent=229402"}],"wp:term":[{"taxonomy":"category","embeddable":true,"href":"https:\/\/www.buroperiodistico.com.mx\/index.php?rest_route=%2Fwp%2Fv2%2Fcategories&post=229402"},{"taxonomy":"post_tag","embeddable":true,"href":"https:\/\/www.buroperiodistico.com.mx\/index.php?rest_route=%2Fwp%2Fv2%2Ftags&post=229402"}],"curies":[{"name":"wp","href":"https:\/\/api.w.org\/{rel}","templated":true}]}}