{"id":229396,"date":"2026-09-04T21:04:53","date_gmt":"2026-09-05T02:04:53","guid":{"rendered":"https:\/\/www.buroperiodistico.com.mx\/?p=229396"},"modified":"2026-09-04T21:04:53","modified_gmt":"2026-09-05T02:04:53","slug":"invita-secretaria-de-economia-a-jovenes-tamaulipecos-a-registrar-su-marca-con-90-de-descuento","status":"publish","type":"post","link":"https:\/\/www.buroperiodistico.com.mx\/?p=229396","title":{"rendered":"Invita Secretar\u00eda de Econom\u00eda a j\u00f3venes tamaulipecos a registrar su marca con 90% de descuento"},"content":{"rendered":"<ul>\n<li><strong><em>Ninfa Cant\u00fa De\u00e1ndar inform\u00f3 que la convocatoria est\u00e1 dirigida a j\u00f3venes de 18 a 29 a\u00f1os y permanecer\u00e1 abierta hasta el 16 de septiembre<\/em><\/strong><\/li>\n<\/ul>\n<p><strong><img loading=\"lazy\" decoding=\"async\" class=\" wp-image-229397 alignright\" src=\"https:\/\/www.buroperiodistico.com.mx\/wp-content\/uploads\/2026\/09\/SECx.jpg\" alt=\"\" width=\"618\" height=\"334\" srcset=\"https:\/\/www.buroperiodistico.com.mx\/wp-content\/uploads\/2026\/09\/SECx.jpg 1110w, https:\/\/www.buroperiodistico.com.mx\/wp-content\/uploads\/2026\/09\/SECx-300x162.jpg 300w, https:\/\/www.buroperiodistico.com.mx\/wp-content\/uploads\/2026\/09\/SECx-1024x554.jpg 1024w, https:\/\/www.buroperiodistico.com.mx\/wp-content\/uploads\/2026\/09\/SECx-768x415.jpg 768w\" sizes=\"auto, (max-width: 618px) 100vw, 618px\" \/>Ciudad Victoria, Tamaulipas (4-Septiembre-2026).-<\/strong> Con el objetivo de impulsar el emprendimiento juvenil y fortalecer la identidad comercial de sus proyectos, la Secretar\u00eda de Econom\u00eda, en coordinaci\u00f3n con el Instituto Mexicano de la Propiedad Industrial (IMPI) y a trav\u00e9s del programa Hecho en Tamaulipas, invita a participar en la Campa\u00f1a de Precio Diferencial de Tarifas \u201cMarcas para el Bienestar 2026-III J\u00f3venes\u201d.<\/p>\n<p>La campa\u00f1a est\u00e1 dirigida a personas de 18 a 29 a\u00f1os y permitir\u00e1 acceder al estudio de una solicitud de registro de marca con un 90% de descuento, por lo que el tr\u00e1mite tendr\u00e1 un costo de 312.64 pesos.<\/p>\n<p>La secretaria de Econom\u00eda, Ninfa Cant\u00fa De\u00e1ndar, destac\u00f3 que el registro de marca brinda certeza jur\u00eddica a las y los j\u00f3venes emprendedores, al permitirles proteger la identidad de sus productos y servicios y fortalecer su presencia en el mercado.<\/p>\n<p>\u201cQueremos que m\u00e1s j\u00f3venes tamaulipecos protejan sus proyectos, consoliden sus negocios y cuenten con mejores herramientas para competir y crecer\u201d, se\u00f1al\u00f3 Cant\u00fa De\u00e1ndar.<\/p>\n<p>Las personas interesadas deber\u00e1n completar su registro a m\u00e1s tardar el 16 de septiembre de 2026, a trav\u00e9s del formulario disponible en: https:\/\/forms.gle\/7Q2iVdfwkgQ5dPdx7. El cupo es limitado.<\/p>\n<p>Cant\u00fa De\u00e1ndar reiter\u00f3 la invitaci\u00f3n a aprovechar este beneficio, que facilita el acceso de las juventudes tamaulipecas a la protecci\u00f3n de su propiedad industrial y contribuye al crecimiento de sus proyectos productivos.<\/p>\n<p>Para obtener m\u00e1s informaci\u00f3n, pueden comunicarse al tel\u00e9fono 834 107 8714, extensi\u00f3n 44283, o acudir a la Ventanilla Integral de Atenci\u00f3n m\u00e1s cercana<\/p>\n","protected":false},"excerpt":{"rendered":"<p>Ninfa Cant\u00fa De\u00e1ndar inform\u00f3 que la convocatoria est\u00e1 dirigida a j\u00f3venes de 18 a 29&#8230;<\/p>\n","protected":false},"author":1,"featured_media":229397,"comment_status":"closed","ping_status":"closed","sticky":false,"template":"","format":"standard","meta":{"footnotes":"","jetpack_publicize_message":"","jetpack_publicize_feature_enabled":true,"jetpack_social_post_already_shared":true,"jetpack_social_options":{"image_generator_settings":{"template":"highway","default_image_id":0,"font":"","enabled":false},"version":2}},"categories":[10],"tags":[],"class_list":["post-229396","post","type-post","status-publish","format-standard","has-post-thumbnail","hentry","category-tamaulipas"],"jetpack_publicize_connections":[],"_links":{"self":[{"href":"https:\/\/www.buroperiodistico.com.mx\/index.php?rest_route=\/wp\/v2\/posts\/229396","targetHints":{"allow":["GET"]}}],"collection":[{"href":"https:\/\/www.buroperiodistico.com.mx\/index.php?rest_route=\/wp\/v2\/posts"}],"about":[{"href":"https:\/\/www.buroperiodistico.com.mx\/index.php?rest_route=\/wp\/v2\/types\/post"}],"author":[{"embeddable":true,"href":"https:\/\/www.buroperiodistico.com.mx\/index.php?rest_route=\/wp\/v2\/users\/1"}],"replies":[{"embeddable":true,"href":"https:\/\/www.buroperiodistico.com.mx\/index.php?rest_route=%2Fwp%2Fv2%2Fcomments&post=229396"}],"version-history":[{"count":1,"href":"https:\/\/www.buroperiodistico.com.mx\/index.php?rest_route=\/wp\/v2\/posts\/229396\/revisions"}],"predecessor-version":[{"id":229398,"href":"https:\/\/www.buroperiodistico.com.mx\/index.php?rest_route=\/wp\/v2\/posts\/229396\/revisions\/229398"}],"wp:featuredmedia":[{"embeddable":true,"href":"https:\/\/www.buroperiodistico.com.mx\/index.php?rest_route=\/wp\/v2\/media\/229397"}],"wp:attachment":[{"href":"https:\/\/www.buroperiodistico.com.mx\/index.php?rest_route=%2Fwp%2Fv2%2Fmedia&parent=229396"}],"wp:term":[{"taxonomy":"category","embeddable":true,"href":"https:\/\/www.buroperiodistico.com.mx\/index.php?rest_route=%2Fwp%2Fv2%2Fcategories&post=229396"},{"taxonomy":"post_tag","embeddable":true,"href":"https:\/\/www.buroperiodistico.com.mx\/index.php?rest_route=%2Fwp%2Fv2%2Ftags&post=229396"}],"curies":[{"name":"wp","href":"https:\/\/api.w.org\/{rel}","templated":true}]}}