{"id":229389,"date":"2026-09-04T20:43:54","date_gmt":"2026-09-05T01:43:54","guid":{"rendered":"https:\/\/www.buroperiodistico.com.mx\/?p=229389"},"modified":"2026-09-04T20:43:54","modified_gmt":"2026-09-05T01:43:54","slug":"obtiene-fgr-vinculacion-a-proceso-contra-una-persona-detenida-con-vapeadores-con-thc-en-la-aduana-de-reynosa","status":"publish","type":"post","link":"https:\/\/www.buroperiodistico.com.mx\/?p=229389","title":{"rendered":"OBTIENE FGR VINCULACI\u00d3N A PROCESO CONTRA UNA PERSONA DETENIDA CON VAPEADORES CON THC EN LA ADUANA DE REYNOSA"},"content":{"rendered":"<p><em><strong><img loading=\"lazy\" decoding=\"async\" class=\" wp-image-229394 alignright\" src=\"https:\/\/www.buroperiodistico.com.mx\/wp-content\/uploads\/2026\/09\/FGRx.jpg\" alt=\"\" width=\"510\" height=\"344\" srcset=\"https:\/\/www.buroperiodistico.com.mx\/wp-content\/uploads\/2026\/09\/FGRx.jpg 1024w, https:\/\/www.buroperiodistico.com.mx\/wp-content\/uploads\/2026\/09\/FGRx-300x202.jpg 300w, https:\/\/www.buroperiodistico.com.mx\/wp-content\/uploads\/2026\/09\/FGRx-768x518.jpg 768w\" sizes=\"auto, (max-width: 510px) 100vw, 510px\" \/>Reynosa, Tam (4-Septiembre-2026).-<\/strong><\/em> Al ser puesto a disposici\u00f3n del Ministerio P\u00fablico por su probable participaci\u00f3n en el delito de introducci\u00f3n de narc\u00f3tico a territorio mexicano, Hansell \u201cN\u201d fue llevado a proceso por la Fiscal\u00eda General de la Rep\u00fablica (FGR) en Tamaulipas.<\/p>\n<p>El Ministerio P\u00fablico Federal aport\u00f3 datos de prueba al juez de Control del Centro de Justicia Penal Federal en la entidad, quien calific\u00f3 de legal la detenci\u00f3n, dict\u00f3 la vinculaci\u00f3n a proceso e impuso prisi\u00f3n preventiva a cumplir en el CEDES de esta Ciudad.<\/p>\n<p>La Fiscal\u00eda General de la Rep\u00fablica (FGR) inici\u00f3 las investigaciones contra dicha persona, detenida cuando intentaba ingresar al territorio nacional, por el Puente Internacional Nuevo Amanecer en la Ciudad de Reynosa, con cigarros electr\u00f3nicos.<\/p>\n<p>Al intentar cruzar, a Hansell \u201cN\u201d le correspondi\u00f3 luz roja, por lo que, al realizar la revisi\u00f3n correspondiente a su veh\u00edculo, las autoridades aduanales observaron cajas que, al revisarlas, conten\u00edan 235 cigarros electr\u00f3nicos conocidos como vapeadores con base de THC, considerados como psicotr\u00f3pico, por lo que fue puesto a disposici\u00f3n de la Fiscal\u00eda Especializada de Control Regional (FECOR) en el estado de Tamaulipas.<\/p>\n<p>A la persona mencionada en este comunicado se les presume inocente, mientras no exista sentencia condenatoria emitida por la autoridad judicial competente.<\/p>\n<p>Con estas acciones la FGR reafirma el compromiso con la sociedad para la investigaci\u00f3n y persecuci\u00f3n de los delitos en materia federal, por lo que se invita a la ciudadan\u00eda a que denuncie de forma presencial o an\u00f3nima las 24 horas de los 365 d\u00edas del a\u00f1o, y pone a disposici\u00f3n el tel\u00e9fono 8999219497 o en sus oficinas en Carretera Reynosa-Monterrey Km 211+500, Colonia Lomas Real de Jarachina Norte, C.P 88730 Reynosa, Tamaulipas.<\/p>\n<p><img loading=\"lazy\" decoding=\"async\" class=\"aligncenter size-full wp-image-229390\" src=\"https:\/\/www.buroperiodistico.com.mx\/wp-content\/uploads\/2026\/09\/FGRx-I.jpg\" alt=\"\" width=\"640\" height=\"248\" srcset=\"https:\/\/www.buroperiodistico.com.mx\/wp-content\/uploads\/2026\/09\/FGRx-I.jpg 640w, https:\/\/www.buroperiodistico.com.mx\/wp-content\/uploads\/2026\/09\/FGRx-I-300x116.jpg 300w\" sizes=\"auto, (max-width: 640px) 100vw, 640px\" \/> <img loading=\"lazy\" decoding=\"async\" class=\"aligncenter size-full wp-image-229393\" src=\"https:\/\/www.buroperiodistico.com.mx\/wp-content\/uploads\/2026\/09\/FGRx-IIII.jpg\" alt=\"\" width=\"640\" height=\"243\" srcset=\"https:\/\/www.buroperiodistico.com.mx\/wp-content\/uploads\/2026\/09\/FGRx-IIII.jpg 640w, https:\/\/www.buroperiodistico.com.mx\/wp-content\/uploads\/2026\/09\/FGRx-IIII-300x114.jpg 300w\" sizes=\"auto, (max-width: 640px) 100vw, 640px\" \/> <img loading=\"lazy\" decoding=\"async\" class=\"aligncenter size-full wp-image-229392\" src=\"https:\/\/www.buroperiodistico.com.mx\/wp-content\/uploads\/2026\/09\/FGRx-III.jpg\" alt=\"\" width=\"640\" height=\"271\" srcset=\"https:\/\/www.buroperiodistico.com.mx\/wp-content\/uploads\/2026\/09\/FGRx-III.jpg 640w, https:\/\/www.buroperiodistico.com.mx\/wp-content\/uploads\/2026\/09\/FGRx-III-300x127.jpg 300w\" sizes=\"auto, (max-width: 640px) 100vw, 640px\" \/> <img loading=\"lazy\" decoding=\"async\" class=\"aligncenter size-full wp-image-229391\" src=\"https:\/\/www.buroperiodistico.com.mx\/wp-content\/uploads\/2026\/09\/FGRx-II.jpg\" alt=\"\" width=\"621\" height=\"480\" srcset=\"https:\/\/www.buroperiodistico.com.mx\/wp-content\/uploads\/2026\/09\/FGRx-II.jpg 621w, https:\/\/www.buroperiodistico.com.mx\/wp-content\/uploads\/2026\/09\/FGRx-II-300x232.jpg 300w\" sizes=\"auto, (max-width: 621px) 100vw, 621px\" \/><\/p>\n","protected":false},"excerpt":{"rendered":"<p>Reynosa, Tam (4-Septiembre-2026).- Al ser puesto a disposici\u00f3n del Ministerio P\u00fablico por su probable participaci\u00f3n&#8230;<\/p>\n","protected":false},"author":1,"featured_media":229394,"comment_status":"closed","ping_status":"closed","sticky":false,"template":"","format":"standard","meta":{"footnotes":"","jetpack_publicize_message":"","jetpack_publicize_feature_enabled":true,"jetpack_social_post_already_shared":true,"jetpack_social_options":{"image_generator_settings":{"template":"highway","default_image_id":0,"font":"","enabled":false},"version":2}},"categories":[9],"tags":[],"class_list":["post-229389","post","type-post","status-publish","format-standard","has-post-thumbnail","hentry","category-reynosa"],"jetpack_publicize_connections":[],"_links":{"self":[{"href":"https:\/\/www.buroperiodistico.com.mx\/index.php?rest_route=\/wp\/v2\/posts\/229389","targetHints":{"allow":["GET"]}}],"collection":[{"href":"https:\/\/www.buroperiodistico.com.mx\/index.php?rest_route=\/wp\/v2\/posts"}],"about":[{"href":"https:\/\/www.buroperiodistico.com.mx\/index.php?rest_route=\/wp\/v2\/types\/post"}],"author":[{"embeddable":true,"href":"https:\/\/www.buroperiodistico.com.mx\/index.php?rest_route=\/wp\/v2\/users\/1"}],"replies":[{"embeddable":true,"href":"https:\/\/www.buroperiodistico.com.mx\/index.php?rest_route=%2Fwp%2Fv2%2Fcomments&post=229389"}],"version-history":[{"count":1,"href":"https:\/\/www.buroperiodistico.com.mx\/index.php?rest_route=\/wp\/v2\/posts\/229389\/revisions"}],"predecessor-version":[{"id":229395,"href":"https:\/\/www.buroperiodistico.com.mx\/index.php?rest_route=\/wp\/v2\/posts\/229389\/revisions\/229395"}],"wp:featuredmedia":[{"embeddable":true,"href":"https:\/\/www.buroperiodistico.com.mx\/index.php?rest_route=\/wp\/v2\/media\/229394"}],"wp:attachment":[{"href":"https:\/\/www.buroperiodistico.com.mx\/index.php?rest_route=%2Fwp%2Fv2%2Fmedia&parent=229389"}],"wp:term":[{"taxonomy":"category","embeddable":true,"href":"https:\/\/www.buroperiodistico.com.mx\/index.php?rest_route=%2Fwp%2Fv2%2Fcategories&post=229389"},{"taxonomy":"post_tag","embeddable":true,"href":"https:\/\/www.buroperiodistico.com.mx\/index.php?rest_route=%2Fwp%2Fv2%2Ftags&post=229389"}],"curies":[{"name":"wp","href":"https:\/\/api.w.org\/{rel}","templated":true}]}}