{"id":229382,"date":"2026-09-04T20:39:49","date_gmt":"2026-09-05T01:39:49","guid":{"rendered":"https:\/\/www.buroperiodistico.com.mx\/?p=229382"},"modified":"2026-09-04T21:39:25","modified_gmt":"2026-09-05T02:39:25","slug":"dio-arranque-a-nueva-canchas-deportiva-de-loma-blanca-el-alcalde-carlos-pena-ortiz","status":"publish","type":"post","link":"https:\/\/www.buroperiodistico.com.mx\/?p=229382","title":{"rendered":"Dio arranque a nueva cancha deportiva de Loma Blanca el Alcalde Carlos Pe\u00f1a Ortiz"},"content":{"rendered":"<ul>\n<li><strong><em>El espacio comunitario es parte de un circuito deportivo que beneficia a m\u00e1s de 51 Mil personas.<\/em><\/strong><\/li>\n<\/ul>\n<p><strong><img loading=\"lazy\" decoding=\"async\" class=\" wp-image-229387 alignright\" src=\"https:\/\/www.buroperiodistico.com.mx\/wp-content\/uploads\/2026\/09\/Alcalx-1.jpg\" alt=\"\" width=\"510\" height=\"329\" srcset=\"https:\/\/www.buroperiodistico.com.mx\/wp-content\/uploads\/2026\/09\/Alcalx-1.jpg 1024w, https:\/\/www.buroperiodistico.com.mx\/wp-content\/uploads\/2026\/09\/Alcalx-1-300x194.jpg 300w, https:\/\/www.buroperiodistico.com.mx\/wp-content\/uploads\/2026\/09\/Alcalx-1-768x496.jpg 768w\" sizes=\"auto, (max-width: 510px) 100vw, 510px\" \/>Reynosa, Tam (4-Septiembre-2026).-<\/strong> Impulsando el Programa de Obra P\u00fablica M\u00e1s Grande en la Historia de Reynosa, el Alcalde Carlos Pe\u00f1a Ortiz dio el banderazo de arranque a la construcci\u00f3n de una cancha deportiva con pasto sint\u00e9tico en la colonia Loma Blanca, acompa\u00f1ado de familias del sector.<\/p>\n<p>Fue el se\u00f1or Tom\u00e1s Ruiz Monsiv\u00e1is quien agradeci\u00f3 el beneficio que el nuevo espacio dejar\u00e1 para toda la comunidad.<\/p>\n<p>El Presidente Municipal asegur\u00f3 que su Gobierno sigue transformando a la ciudad: \u00ablo que buscamos es que nuestra ni\u00f1ez y juventud y todas las familias cuenten con \u00e1reas para convivir y para hacer deporte, es el Reynosa que queremos y por el que trabajamos a diario\u00bb.<\/p>\n<p>M\u00e1s de 51 mil habitantes ser\u00e1n beneficiados con este circuito de instalaciones para la activaci\u00f3n f\u00edsica y el esparcimiento familiar, uno en Loma Blanca; en Villas de La Joya; plaza p\u00fablica de Villa Florida A; Bugambilias y Terranova.<\/p>\n<p>Al Presidente lo acompa\u00f1aron: Eduardo L\u00f3pez Arias, Secretario de Obras P\u00fablicas; Hugo Felipe Ch\u00e1vez Herrera Secretario de Bienestar Social; Gabriela Rosas Blanco Directora del DIF-Reynosa y la especial y valiosa presencia de los vecinos del sector.<\/p>\n<p>#ReynosaImparable<br \/>\n#GobiernoMunicipalDeReynosa<\/p>\n<p><img loading=\"lazy\" decoding=\"async\" class=\"aligncenter size-full wp-image-229383\" src=\"https:\/\/www.buroperiodistico.com.mx\/wp-content\/uploads\/2026\/09\/Alcalx-I-1.jpg\" alt=\"\" width=\"640\" height=\"426\" srcset=\"https:\/\/www.buroperiodistico.com.mx\/wp-content\/uploads\/2026\/09\/Alcalx-I-1.jpg 640w, https:\/\/www.buroperiodistico.com.mx\/wp-content\/uploads\/2026\/09\/Alcalx-I-1-300x200.jpg 300w\" sizes=\"auto, (max-width: 640px) 100vw, 640px\" \/> <img loading=\"lazy\" decoding=\"async\" class=\"aligncenter size-full wp-image-229386\" src=\"https:\/\/www.buroperiodistico.com.mx\/wp-content\/uploads\/2026\/09\/Alcalx-IIII-1.jpg\" alt=\"\" width=\"640\" height=\"426\" srcset=\"https:\/\/www.buroperiodistico.com.mx\/wp-content\/uploads\/2026\/09\/Alcalx-IIII-1.jpg 640w, https:\/\/www.buroperiodistico.com.mx\/wp-content\/uploads\/2026\/09\/Alcalx-IIII-1-300x200.jpg 300w\" sizes=\"auto, (max-width: 640px) 100vw, 640px\" \/> <img loading=\"lazy\" decoding=\"async\" class=\"aligncenter size-full wp-image-229385\" src=\"https:\/\/www.buroperiodistico.com.mx\/wp-content\/uploads\/2026\/09\/Alcalx-III-1.jpg\" alt=\"\" width=\"640\" height=\"426\" srcset=\"https:\/\/www.buroperiodistico.com.mx\/wp-content\/uploads\/2026\/09\/Alcalx-III-1.jpg 640w, https:\/\/www.buroperiodistico.com.mx\/wp-content\/uploads\/2026\/09\/Alcalx-III-1-300x200.jpg 300w\" sizes=\"auto, (max-width: 640px) 100vw, 640px\" \/> <img loading=\"lazy\" decoding=\"async\" class=\"aligncenter size-full wp-image-229384\" src=\"https:\/\/www.buroperiodistico.com.mx\/wp-content\/uploads\/2026\/09\/Alcalx-II-1.jpg\" alt=\"\" width=\"640\" height=\"426\" srcset=\"https:\/\/www.buroperiodistico.com.mx\/wp-content\/uploads\/2026\/09\/Alcalx-II-1.jpg 640w, https:\/\/www.buroperiodistico.com.mx\/wp-content\/uploads\/2026\/09\/Alcalx-II-1-300x200.jpg 300w\" sizes=\"auto, (max-width: 640px) 100vw, 640px\" \/><\/p>\n","protected":false},"excerpt":{"rendered":"<p>El espacio comunitario es parte de un circuito deportivo que beneficia a m\u00e1s de 51&#8230;<\/p>\n","protected":false},"author":1,"featured_media":229387,"comment_status":"closed","ping_status":"closed","sticky":false,"template":"","format":"standard","meta":{"footnotes":"","jetpack_publicize_message":"","jetpack_publicize_feature_enabled":true,"jetpack_social_post_already_shared":true,"jetpack_social_options":{"image_generator_settings":{"template":"highway","default_image_id":0,"font":"","enabled":false},"version":2}},"categories":[25,9],"tags":[],"class_list":["post-229382","post","type-post","status-publish","format-standard","has-post-thumbnail","hentry","category-portada","category-reynosa"],"jetpack_publicize_connections":[],"_links":{"self":[{"href":"https:\/\/www.buroperiodistico.com.mx\/index.php?rest_route=\/wp\/v2\/posts\/229382","targetHints":{"allow":["GET"]}}],"collection":[{"href":"https:\/\/www.buroperiodistico.com.mx\/index.php?rest_route=\/wp\/v2\/posts"}],"about":[{"href":"https:\/\/www.buroperiodistico.com.mx\/index.php?rest_route=\/wp\/v2\/types\/post"}],"author":[{"embeddable":true,"href":"https:\/\/www.buroperiodistico.com.mx\/index.php?rest_route=\/wp\/v2\/users\/1"}],"replies":[{"embeddable":true,"href":"https:\/\/www.buroperiodistico.com.mx\/index.php?rest_route=%2Fwp%2Fv2%2Fcomments&post=229382"}],"version-history":[{"count":2,"href":"https:\/\/www.buroperiodistico.com.mx\/index.php?rest_route=\/wp\/v2\/posts\/229382\/revisions"}],"predecessor-version":[{"id":229405,"href":"https:\/\/www.buroperiodistico.com.mx\/index.php?rest_route=\/wp\/v2\/posts\/229382\/revisions\/229405"}],"wp:featuredmedia":[{"embeddable":true,"href":"https:\/\/www.buroperiodistico.com.mx\/index.php?rest_route=\/wp\/v2\/media\/229387"}],"wp:attachment":[{"href":"https:\/\/www.buroperiodistico.com.mx\/index.php?rest_route=%2Fwp%2Fv2%2Fmedia&parent=229382"}],"wp:term":[{"taxonomy":"category","embeddable":true,"href":"https:\/\/www.buroperiodistico.com.mx\/index.php?rest_route=%2Fwp%2Fv2%2Fcategories&post=229382"},{"taxonomy":"post_tag","embeddable":true,"href":"https:\/\/www.buroperiodistico.com.mx\/index.php?rest_route=%2Fwp%2Fv2%2Ftags&post=229382"}],"curies":[{"name":"wp","href":"https:\/\/api.w.org\/{rel}","templated":true}]}}