{"id":229375,"date":"2026-09-04T20:10:26","date_gmt":"2026-09-05T01:10:26","guid":{"rendered":"https:\/\/www.buroperiodistico.com.mx\/?p=229375"},"modified":"2026-09-04T20:10:26","modified_gmt":"2026-09-05T01:10:26","slug":"presidio-alcalde-carlos-pena-ortiz-lxxxviii-sesion-ordinaria-de-cabildo","status":"publish","type":"post","link":"https:\/\/www.buroperiodistico.com.mx\/?p=229375","title":{"rendered":"Presidi\u00f3 Alcalde Carlos Pe\u00f1a Ortiz LXXXVIII Sesi\u00f3n Ordinaria de Cabildo"},"content":{"rendered":"<p><em><strong><img loading=\"lazy\" decoding=\"async\" class=\" wp-image-229376 alignright\" src=\"https:\/\/www.buroperiodistico.com.mx\/wp-content\/uploads\/2026\/09\/CPox-3.jpg\" alt=\"\" width=\"437\" height=\"264\" srcset=\"https:\/\/www.buroperiodistico.com.mx\/wp-content\/uploads\/2026\/09\/CPox-3.jpg 1024w, https:\/\/www.buroperiodistico.com.mx\/wp-content\/uploads\/2026\/09\/CPox-3-300x181.jpg 300w, https:\/\/www.buroperiodistico.com.mx\/wp-content\/uploads\/2026\/09\/CPox-3-768x464.jpg 768w\" sizes=\"auto, (max-width: 437px) 100vw, 437px\" \/>Reynosa, Tam (4-Septiembre-2026).-<\/strong><\/em> El Alcalde Carlos V\u00edctor Pe\u00f1a Ortiz presidi\u00f3 la LXXXVIII, Octog\u00e9sima Octava Sesi\u00f3n de Cabildo, celebrada en forma Ordinaria este viernes 4 de septiembre de 2026.<\/p>\n<p>Durante la Sesi\u00f3n, el Cabildo del Republicano Ayuntamiento aprob\u00f3 por unanimidad el punto presentado por la Comisi\u00f3n de Hacienda, Presupuesto y Gasto P\u00fablico:<\/p>\n<p>Propuesta, an\u00e1lisis, discusi\u00f3n y, en su caso, aprobaci\u00f3n de la Tabla de Valores Catastrales para el Ejercicio Fiscal 2027 del Municipio de Reynosa, Tamaulipas.<\/p>\n<p>La aprobaci\u00f3n de las Tablas Catastrales permitir\u00e1 dar certeza jur\u00eddica y actualizar los valores conforme a la normatividad vigente para el pr\u00f3ximo Ejercicio Fiscal, al ser enviada para su revisi\u00f3n y en su caso aprobaci\u00f3n por parte del Congreso del Estado de Tamaulipas.<\/p>\n","protected":false},"excerpt":{"rendered":"<p>Reynosa, Tam (4-Septiembre-2026).- El Alcalde Carlos V\u00edctor Pe\u00f1a Ortiz presidi\u00f3 la LXXXVIII, Octog\u00e9sima Octava Sesi\u00f3n&#8230;<\/p>\n","protected":false},"author":1,"featured_media":229376,"comment_status":"closed","ping_status":"closed","sticky":false,"template":"","format":"standard","meta":{"footnotes":"","jetpack_publicize_message":"","jetpack_publicize_feature_enabled":true,"jetpack_social_post_already_shared":true,"jetpack_social_options":{"image_generator_settings":{"template":"highway","default_image_id":0,"font":"","enabled":false},"version":2}},"categories":[25,9],"tags":[],"class_list":["post-229375","post","type-post","status-publish","format-standard","has-post-thumbnail","hentry","category-portada","category-reynosa"],"jetpack_publicize_connections":[],"_links":{"self":[{"href":"https:\/\/www.buroperiodistico.com.mx\/index.php?rest_route=\/wp\/v2\/posts\/229375","targetHints":{"allow":["GET"]}}],"collection":[{"href":"https:\/\/www.buroperiodistico.com.mx\/index.php?rest_route=\/wp\/v2\/posts"}],"about":[{"href":"https:\/\/www.buroperiodistico.com.mx\/index.php?rest_route=\/wp\/v2\/types\/post"}],"author":[{"embeddable":true,"href":"https:\/\/www.buroperiodistico.com.mx\/index.php?rest_route=\/wp\/v2\/users\/1"}],"replies":[{"embeddable":true,"href":"https:\/\/www.buroperiodistico.com.mx\/index.php?rest_route=%2Fwp%2Fv2%2Fcomments&post=229375"}],"version-history":[{"count":1,"href":"https:\/\/www.buroperiodistico.com.mx\/index.php?rest_route=\/wp\/v2\/posts\/229375\/revisions"}],"predecessor-version":[{"id":229377,"href":"https:\/\/www.buroperiodistico.com.mx\/index.php?rest_route=\/wp\/v2\/posts\/229375\/revisions\/229377"}],"wp:featuredmedia":[{"embeddable":true,"href":"https:\/\/www.buroperiodistico.com.mx\/index.php?rest_route=\/wp\/v2\/media\/229376"}],"wp:attachment":[{"href":"https:\/\/www.buroperiodistico.com.mx\/index.php?rest_route=%2Fwp%2Fv2%2Fmedia&parent=229375"}],"wp:term":[{"taxonomy":"category","embeddable":true,"href":"https:\/\/www.buroperiodistico.com.mx\/index.php?rest_route=%2Fwp%2Fv2%2Fcategories&post=229375"},{"taxonomy":"post_tag","embeddable":true,"href":"https:\/\/www.buroperiodistico.com.mx\/index.php?rest_route=%2Fwp%2Fv2%2Ftags&post=229375"}],"curies":[{"name":"wp","href":"https:\/\/api.w.org\/{rel}","templated":true}]}}