{"id":229365,"date":"2026-09-04T19:55:53","date_gmt":"2026-09-05T00:55:53","guid":{"rendered":"https:\/\/www.buroperiodistico.com.mx\/?p=229365"},"modified":"2026-09-04T19:55:53","modified_gmt":"2026-09-05T00:55:53","slug":"confirman-extorsiones-a-vendedores-de-flores-en-reynosa","status":"publish","type":"post","link":"https:\/\/www.buroperiodistico.com.mx\/?p=229365","title":{"rendered":"Confirman extorsiones a vendedores de flores en Reynosa"},"content":{"rendered":"<p><em><strong><img loading=\"lazy\" decoding=\"async\" class=\" wp-image-229369 alignright\" src=\"https:\/\/www.buroperiodistico.com.mx\/wp-content\/uploads\/2026\/09\/Confirmax.jpg\" alt=\"\" width=\"598\" height=\"418\" srcset=\"https:\/\/www.buroperiodistico.com.mx\/wp-content\/uploads\/2026\/09\/Confirmax.jpg 1024w, https:\/\/www.buroperiodistico.com.mx\/wp-content\/uploads\/2026\/09\/Confirmax-300x210.jpg 300w, https:\/\/www.buroperiodistico.com.mx\/wp-content\/uploads\/2026\/09\/Confirmax-768x537.jpg 768w\" sizes=\"auto, (max-width: 598px) 100vw, 598px\" \/>REYNOSA, TAM (4-Septiembre-2026).-<\/strong> <\/em>Como parte de las estrategias de prevenci\u00f3n del delito impulsadas por la Fiscal\u00eda General de Justicia del Estado de Tamaulipas, personal de la Unidad Especializada en Combate al Secuestro y la Extorsi\u00f3n (UECSE), en coordinaci\u00f3n con elementos de la Polic\u00eda Investigadora, Distrito Reynosa, realiz\u00f3 un recorrido de atenci\u00f3n y acercamiento con propietarios y encargados de establecimientos dedicados a la venta de flores.<\/p>\n<p>Durante las visitas a aproximadamente 25 establecimientos, manifestaron tener conocimiento de las situaciones se\u00f1aladas en publicaciones difundidas en redes sociales, relacionadas con una presunta distribuci\u00f3n de flores vinculada con personas relacionadas con la delincuencia organizada, situaci\u00f3n que, de acuerdo con los testimonios recabados, se habr\u00eda presentado desde 2025.<\/p>\n<p>Con estas acciones, la Fiscal\u00eda General de Justicia del Estado de Tamaulipas reafirma su compromiso con la prevenci\u00f3n del delito, la proximidad social y el fortalecimiento de la cultura de la denuncia.<\/p>\n<p><img loading=\"lazy\" decoding=\"async\" class=\"aligncenter size-full wp-image-229366\" src=\"https:\/\/www.buroperiodistico.com.mx\/wp-content\/uploads\/2026\/09\/Confirmax-I.jpg\" alt=\"\" width=\"584\" height=\"480\" srcset=\"https:\/\/www.buroperiodistico.com.mx\/wp-content\/uploads\/2026\/09\/Confirmax-I.jpg 584w, https:\/\/www.buroperiodistico.com.mx\/wp-content\/uploads\/2026\/09\/Confirmax-I-300x247.jpg 300w\" sizes=\"auto, (max-width: 584px) 100vw, 584px\" \/> <img loading=\"lazy\" decoding=\"async\" class=\"aligncenter size-full wp-image-229368\" src=\"https:\/\/www.buroperiodistico.com.mx\/wp-content\/uploads\/2026\/09\/Confirmax-III.jpg\" alt=\"\" width=\"584\" height=\"480\" srcset=\"https:\/\/www.buroperiodistico.com.mx\/wp-content\/uploads\/2026\/09\/Confirmax-III.jpg 584w, https:\/\/www.buroperiodistico.com.mx\/wp-content\/uploads\/2026\/09\/Confirmax-III-300x247.jpg 300w\" sizes=\"auto, (max-width: 584px) 100vw, 584px\" \/> <img loading=\"lazy\" decoding=\"async\" class=\"aligncenter size-full wp-image-229367\" src=\"https:\/\/www.buroperiodistico.com.mx\/wp-content\/uploads\/2026\/09\/Confirmax-II.jpg\" alt=\"\" width=\"640\" height=\"411\" srcset=\"https:\/\/www.buroperiodistico.com.mx\/wp-content\/uploads\/2026\/09\/Confirmax-II.jpg 640w, https:\/\/www.buroperiodistico.com.mx\/wp-content\/uploads\/2026\/09\/Confirmax-II-300x193.jpg 300w\" sizes=\"auto, (max-width: 640px) 100vw, 640px\" \/><\/p>\n","protected":false},"excerpt":{"rendered":"<p>REYNOSA, TAM (4-Septiembre-2026).- Como parte de las estrategias de prevenci\u00f3n del delito impulsadas por la&#8230;<\/p>\n","protected":false},"author":1,"featured_media":229369,"comment_status":"closed","ping_status":"closed","sticky":false,"template":"","format":"standard","meta":{"footnotes":"","jetpack_publicize_message":"","jetpack_publicize_feature_enabled":true,"jetpack_social_post_already_shared":true,"jetpack_social_options":{"image_generator_settings":{"template":"highway","default_image_id":0,"font":"","enabled":false},"version":2}},"categories":[9],"tags":[],"class_list":["post-229365","post","type-post","status-publish","format-standard","has-post-thumbnail","hentry","category-reynosa"],"jetpack_publicize_connections":[],"_links":{"self":[{"href":"https:\/\/www.buroperiodistico.com.mx\/index.php?rest_route=\/wp\/v2\/posts\/229365","targetHints":{"allow":["GET"]}}],"collection":[{"href":"https:\/\/www.buroperiodistico.com.mx\/index.php?rest_route=\/wp\/v2\/posts"}],"about":[{"href":"https:\/\/www.buroperiodistico.com.mx\/index.php?rest_route=\/wp\/v2\/types\/post"}],"author":[{"embeddable":true,"href":"https:\/\/www.buroperiodistico.com.mx\/index.php?rest_route=\/wp\/v2\/users\/1"}],"replies":[{"embeddable":true,"href":"https:\/\/www.buroperiodistico.com.mx\/index.php?rest_route=%2Fwp%2Fv2%2Fcomments&post=229365"}],"version-history":[{"count":1,"href":"https:\/\/www.buroperiodistico.com.mx\/index.php?rest_route=\/wp\/v2\/posts\/229365\/revisions"}],"predecessor-version":[{"id":229370,"href":"https:\/\/www.buroperiodistico.com.mx\/index.php?rest_route=\/wp\/v2\/posts\/229365\/revisions\/229370"}],"wp:featuredmedia":[{"embeddable":true,"href":"https:\/\/www.buroperiodistico.com.mx\/index.php?rest_route=\/wp\/v2\/media\/229369"}],"wp:attachment":[{"href":"https:\/\/www.buroperiodistico.com.mx\/index.php?rest_route=%2Fwp%2Fv2%2Fmedia&parent=229365"}],"wp:term":[{"taxonomy":"category","embeddable":true,"href":"https:\/\/www.buroperiodistico.com.mx\/index.php?rest_route=%2Fwp%2Fv2%2Fcategories&post=229365"},{"taxonomy":"post_tag","embeddable":true,"href":"https:\/\/www.buroperiodistico.com.mx\/index.php?rest_route=%2Fwp%2Fv2%2Ftags&post=229365"}],"curies":[{"name":"wp","href":"https:\/\/api.w.org\/{rel}","templated":true}]}}