{"id":229360,"date":"2026-09-04T19:52:45","date_gmt":"2026-09-05T00:52:45","guid":{"rendered":"https:\/\/www.buroperiodistico.com.mx\/?p=229360"},"modified":"2026-09-04T19:52:45","modified_gmt":"2026-09-05T00:52:45","slug":"arranca-carlos-pena-ortiz-construccion-de-cancha-con-pasto-sintetico-en-loma-blanca","status":"publish","type":"post","link":"https:\/\/www.buroperiodistico.com.mx\/?p=229360","title":{"rendered":"Arranca Carlos Pe\u00f1a Ortiz construcci\u00f3n de cancha con pasto sint\u00e9tico en Loma Blanca"},"content":{"rendered":"<ul>\n<li><strong><em>Vecinos reconocen trabajo constante del gobierno reynosense en materia de Obra P\u00fablica.<\/em><\/strong><\/li>\n<\/ul>\n<p><strong><img loading=\"lazy\" decoding=\"async\" class=\" wp-image-229362 alignright\" src=\"https:\/\/www.buroperiodistico.com.mx\/wp-content\/uploads\/2026\/09\/Arquix.jpg\" alt=\"\" width=\"535\" height=\"289\" srcset=\"https:\/\/www.buroperiodistico.com.mx\/wp-content\/uploads\/2026\/09\/Arquix.jpg 1110w, https:\/\/www.buroperiodistico.com.mx\/wp-content\/uploads\/2026\/09\/Arquix-300x162.jpg 300w, https:\/\/www.buroperiodistico.com.mx\/wp-content\/uploads\/2026\/09\/Arquix-1024x554.jpg 1024w, https:\/\/www.buroperiodistico.com.mx\/wp-content\/uploads\/2026\/09\/Arquix-768x415.jpg 768w\" sizes=\"auto, (max-width: 535px) 100vw, 535px\" \/>Reynosa, Tamaulipas (4-Septiembre-2026).-<\/strong> Con el objetivo de fortalecer los espacios deportivos y brindar a las familias \u00e1reas dignas para la convivencia y la activaci\u00f3n f\u00edsica, el alcalde Carlos Pe\u00f1a Ortiz encabez\u00f3 el arranque de los trabajos para la construcci\u00f3n de una cancha deportiva con pasto sint\u00e9tico en la colonia Loma Blanca.<\/p>\n<p>Durante el inicio de esta importante obra, el presidente municipal estuvo acompa\u00f1ado por el secretario de Obras P\u00fablicas, el Arqui Eduardo L\u00f3pez Arias, quien estar\u00e1 en constante supervisi\u00f3n de la ejecuci\u00f3n de los trabajos para garantizar que el proyecto se desarrolle bajo los est\u00e1ndares establecidos y cumpla con las necesidades planteadas por los habitantes del sector.<\/p>\n<p>El alcalde destac\u00f3 que la obra responde a una petici\u00f3n de los vecinos y forma parte de las acciones encaminadas a recuperar y mejorar espacios p\u00fablicos para que ni\u00f1as, ni\u00f1os, j\u00f3venes y adultos puedan realizar actividades deportivas en mejores condiciones.<\/p>\n<p>\u201cHace un par de meses venimos aqu\u00ed a supervisar el bacheo y tambi\u00e9n ciertos recarpeteos que se hicieron en el sector, as\u00ed que les agradecemos siempre a todos los que pagan el predial, porque con ese dinero hacemos mucho en la ciudad\u201d, declar\u00f3.<\/p>\n<p>Pe\u00f1a Ortiz se\u00f1al\u00f3 que, adem\u00e1s de atender las necesidades de infraestructura urbana, su administraci\u00f3n busca generar espacios que contribuyan a la convivencia familiar y al desarrollo de actividades deportivas.<\/p>\n<p>Por su parte, Tom\u00e1s Ruiz, vecino de la colonia Loma Blanca, agradeci\u00f3 al alcalde y a su equipo de trabajo por atender una petici\u00f3n que, dijo, representa un beneficio directo para las familias de la colonia.<\/p>\n<p>\u201cComo ciudadano de esta comunidad, quiero expresar mi m\u00e1s sincero agradecimiento al se\u00f1or alcalde y a todo su equipo de trabajo por hacer posible el inicio de esta importante obra, la construcci\u00f3n de nuestra cancha deportiva\u201d, se\u00f1al\u00f3 en el acto protocolario.<\/p>\n<p>El representante vecinal resalt\u00f3 que el proyecto trasciende la construcci\u00f3n de un espacio para practicar f\u00fatbol, al considerar que representa una inversi\u00f3n en la salud, la convivencia y el desarrollo de ni\u00f1as, ni\u00f1os y j\u00f3venes.<\/p>\n<p>\u201cEste proyecto representa mucho m\u00e1s que un espacio para practicar deporte. Es una inversi\u00f3n en la salud, la convivencia y el cuidado de los ni\u00f1os, j\u00f3venes y familias. Contar con un lugar digno donde podamos reunirnos, ejercitarnos y fortalecer los lazos de nuestra comunidad es un beneficio que todos valoramos\u201d, expres\u00f3.<\/p>\n<p>Con el arranque de esta obra, el Gobierno Municipal refrenda su compromiso de atender las necesidades planteadas directamente por los habitantes y avanzar en la recuperaci\u00f3n y modernizaci\u00f3n de espacios p\u00fablicos, con el acompa\u00f1amiento de la Secretar\u00eda de Obras P\u00fablicas, encabezada por el Arqui Eduardo L\u00f3pez Arias.<\/p>\n<div style=\"width: 576px;\" class=\"wp-video\"><video class=\"wp-video-shortcode\" id=\"video-229360-1\" width=\"576\" height=\"1024\" preload=\"metadata\" controls=\"controls\"><source type=\"video\/mp4\" src=\"https:\/\/www.buroperiodistico.com.mx\/wp-content\/uploads\/2026\/09\/WhatsApp-Video-2026-09-04-at-6.28.09-PM.mp4?_=1\" \/><a href=\"https:\/\/www.buroperiodistico.com.mx\/wp-content\/uploads\/2026\/09\/WhatsApp-Video-2026-09-04-at-6.28.09-PM.mp4\">https:\/\/www.buroperiodistico.com.mx\/wp-content\/uploads\/2026\/09\/WhatsApp-Video-2026-09-04-at-6.28.09-PM.mp4<\/a><\/video><\/div>\n","protected":false},"excerpt":{"rendered":"<p>Vecinos reconocen trabajo constante del gobierno reynosense en materia de Obra P\u00fablica. Reynosa, Tamaulipas (4-Septiembre-2026).-&#8230;<\/p>\n","protected":false},"author":1,"featured_media":229362,"comment_status":"closed","ping_status":"closed","sticky":false,"template":"","format":"standard","meta":{"footnotes":"","jetpack_publicize_message":"","jetpack_publicize_feature_enabled":true,"jetpack_social_post_already_shared":true,"jetpack_social_options":{"image_generator_settings":{"template":"highway","default_image_id":0,"font":"","enabled":false},"version":2}},"categories":[9],"tags":[],"class_list":["post-229360","post","type-post","status-publish","format-standard","has-post-thumbnail","hentry","category-reynosa"],"jetpack_publicize_connections":[],"_links":{"self":[{"href":"https:\/\/www.buroperiodistico.com.mx\/index.php?rest_route=\/wp\/v2\/posts\/229360","targetHints":{"allow":["GET"]}}],"collection":[{"href":"https:\/\/www.buroperiodistico.com.mx\/index.php?rest_route=\/wp\/v2\/posts"}],"about":[{"href":"https:\/\/www.buroperiodistico.com.mx\/index.php?rest_route=\/wp\/v2\/types\/post"}],"author":[{"embeddable":true,"href":"https:\/\/www.buroperiodistico.com.mx\/index.php?rest_route=\/wp\/v2\/users\/1"}],"replies":[{"embeddable":true,"href":"https:\/\/www.buroperiodistico.com.mx\/index.php?rest_route=%2Fwp%2Fv2%2Fcomments&post=229360"}],"version-history":[{"count":2,"href":"https:\/\/www.buroperiodistico.com.mx\/index.php?rest_route=\/wp\/v2\/posts\/229360\/revisions"}],"predecessor-version":[{"id":229364,"href":"https:\/\/www.buroperiodistico.com.mx\/index.php?rest_route=\/wp\/v2\/posts\/229360\/revisions\/229364"}],"wp:featuredmedia":[{"embeddable":true,"href":"https:\/\/www.buroperiodistico.com.mx\/index.php?rest_route=\/wp\/v2\/media\/229362"}],"wp:attachment":[{"href":"https:\/\/www.buroperiodistico.com.mx\/index.php?rest_route=%2Fwp%2Fv2%2Fmedia&parent=229360"}],"wp:term":[{"taxonomy":"category","embeddable":true,"href":"https:\/\/www.buroperiodistico.com.mx\/index.php?rest_route=%2Fwp%2Fv2%2Fcategories&post=229360"},{"taxonomy":"post_tag","embeddable":true,"href":"https:\/\/www.buroperiodistico.com.mx\/index.php?rest_route=%2Fwp%2Fv2%2Ftags&post=229360"}],"curies":[{"name":"wp","href":"https:\/\/api.w.org\/{rel}","templated":true}]}}