{"id":229340,"date":"2026-09-04T16:52:37","date_gmt":"2026-09-04T21:52:37","guid":{"rendered":"https:\/\/www.buroperiodistico.com.mx\/?p=229340"},"modified":"2026-09-04T16:52:37","modified_gmt":"2026-09-04T21:52:37","slug":"tamaulipas-esta-mejor-y-los-indicadores-lo-demuestran-americo-villarreal","status":"publish","type":"post","link":"https:\/\/www.buroperiodistico.com.mx\/?p=229340","title":{"rendered":"Tamaulipas est\u00e1 mejor y los indicadores lo demuestran: Am\u00e9rico Villarreal"},"content":{"rendered":"<ul>\n<li><strong><em>Al acudir al informe de la presidenta de Mier, Adriana Hinojosa Ib\u00e1\u00f1ez, tambi\u00e9n confirm\u00f3 la visita de la presidenta Claudia Sheinbaum a la capital<\/em><\/strong><\/li>\n<\/ul>\n<p><strong><img loading=\"lazy\" decoding=\"async\" class=\" wp-image-229348 alignright\" src=\"https:\/\/www.buroperiodistico.com.mx\/wp-content\/uploads\/2026\/09\/Tamaulipas-esta-mejor.jpeg\" alt=\"\" width=\"468\" height=\"289\" srcset=\"https:\/\/www.buroperiodistico.com.mx\/wp-content\/uploads\/2026\/09\/Tamaulipas-esta-mejor.jpeg 1024w, https:\/\/www.buroperiodistico.com.mx\/wp-content\/uploads\/2026\/09\/Tamaulipas-esta-mejor-300x185.jpeg 300w, https:\/\/www.buroperiodistico.com.mx\/wp-content\/uploads\/2026\/09\/Tamaulipas-esta-mejor-768x474.jpeg 768w\" sizes=\"auto, (max-width: 468px) 100vw, 468px\" \/>Mier, Tamaulipas (4-Septiembre-2026).-<\/strong> Mier es un municipio en donde la transformaci\u00f3n ha sido evidente y en donde los resultados est\u00e1n a la vista, \u00abno seamos de corta memoria, recordemos c\u00f3mo est\u00e1bamos hace apenas seis a\u00f1os y ahorita tenemos cuatro a\u00f1os de una nueva forma de ser pol\u00edtica\u00bb, dijo.<\/p>\n<p>Durante la sesi\u00f3n solemne del Cabildo 2024-2027, en el Centro de Arte y Cultura, declarado recinto oficial con motivo del segundo informe de la presidenta municipal, Adriana Hinojosa Ib\u00e1\u00f1ez, el gobernador confirm\u00f3 la visita de la presidenta de M\u00e9xico, Claudia Sheinbaum Pardo, el pr\u00f3ximo jueves 10 en el Polyforum de Ciudad Victoria, a donde, dijo, est\u00e1n invitados todas y todos los tamaulipecos.<\/p>\n<p>Am\u00e9rico Villarreal indic\u00f3 que en Tamaulipas se ha recuperado la esencia de las instituciones del gobierno, avanza la democratizaci\u00f3n en todos los sentidos y el humanismo es m\u00e1s que una gu\u00eda moral e ideolog\u00eda, \u00abes pr\u00e1ctica cotidiana\u00bb, afirm\u00f3.<\/p>\n<p>\u00abEn este esfuerzo com\u00fan, a nivel general, hoy Tamaulipas est\u00e1 objetivamente mejor, as\u00ed lo demuestran los indicadores de desempe\u00f1o y las posiciones que tenemos frente al resto de las entidades\u00bb, destac\u00f3.<\/p>\n<p>Asegur\u00f3 que con la suma de esfuerzos a trav\u00e9s de los Programas de Bienestar de la presidenta y con la acci\u00f3n social conjunta del estado, en Mier, se ha destinado una inversi\u00f3n estatal y federal de 2022 a 2026 de 436 millones de pesos, destinada al bienestar social, la educaci\u00f3n, la salud, la infraestructura y la seguridad.<\/p>\n<p>Mencion\u00f3 que a trav\u00e9s de los Programas Federales para el Bienestar se ha generado una derrama acumulada cercana a los 270 millones de pesos, mientras que la inversi\u00f3n anual creci\u00f3 de 35 a 81 millones de pesos, lo que representa un incremento de m\u00e1s del 130 por ciento.<\/p>\n<p>A estas acciones, dijo, se suman casi 24 millones de pesos en programas estatales estrat\u00e9gicos del Gobierno del Estado que se traducen en beneficios a la poblaci\u00f3n. Tambi\u00e9n explic\u00f3 que a trav\u00e9s del DIF Tamaulipas se han entregado m\u00e1s de 535 mil raciones de desayunos escolares y m\u00e1s de 8 mil despensas, fortaleciendo la alimentaci\u00f3n de ni\u00f1as, ni\u00f1os y familiares.<\/p>\n<p>En educaci\u00f3n, se entregan 765 becas, adem\u00e1s de 1 mil 949 uniformes y m\u00e1s de 2 mil 100 paquetes de \u00fatiles escolares. Al reiterar su felicitaci\u00f3n por este ejercicio de rendici\u00f3n de cuentas de la presidenta municipal, Adriana Hinojosa, el gobernador del Estado ofreci\u00f3 redoblar el trabajo y que la f\u00f3rmula de trabajo colaborativo siga dando los mejores resultados y que el gobierno est\u00e9 verdaderamente al servicio del pueblo.<\/p>\n<p>Al reconocer el trabajo y el respaldo del gobernador Am\u00e9rico Villarreal y su presencia en este evento, la presidenta municipal de Mier, Adriana Hinojosa Ib\u00e1\u00f1ez, le agradeci\u00f3 por ser un mandatario que est\u00e1 cerca de su gente y conoce las necesidades de su pueblo.<\/p>\n<p>\u00abEl doctor Am\u00e9rico Villarreal nos ha respaldado, nos ha dedicado su tiempo, su disposici\u00f3n permanente, ha escuchado las necesidades y las peticiones que le hago, ha mantenido a las familias de nuestro municipio cerca de \u00e9l, su apoyo ha sido fundamental para fortalecer las acciones emprendidas en esta administraci\u00f3n municipal y al mismo tiempo nos motiva a seguir tomando esfuerzos para alcanzar mayores resultados\u00bb, expres\u00f3.<\/p>\n<p>La alcaldesa de Mier asegur\u00f3 que cuando existe coordinaci\u00f3n entre los distintos \u00f3rdenes de gobierno es posible avanzar con firmeza hacia un mejor bienestar.<\/p>\n<p>Asimismo, envi\u00f3 un agradecimiento a la doctora Mar\u00eda de Villarreal, presidenta del Sistema DIF Tamaulipas, por su sensibilidad, solidaridad y entrega hacia las causas que necesitan las familias de Mier, \u00absu compromiso con las familias de Tamaulipas, especialmente con quienes atraviesan situaciones de mayor vulnerabilidad, representa un ejemplo de servicio humano cercano\u00bb, dijo.<\/p>\n<p>Agreg\u00f3 que los apoyos que ha hecho llegar a este municipio se convierten en oportunidades para cada familia, aliviando y sembrando esperanza en cada una de las familias.<\/p>\n<p>La alcaldesa dijo que el Segundo Informe de Gobierno da cuenta del estado que guarda la administraci\u00f3n p\u00fablica, de las acciones emprendidas, de las pol\u00edticas p\u00fablicas implementadas, del manejo transparente de los recursos p\u00fablicos, reflejado en el compromiso de gobierno con la rendici\u00f3n de cuentas y la transparencia, y reiter\u00f3 que gracias al esfuerzo coordinado entre las distintas \u00e1reas de gobierno municipal, el respaldo del Gobierno del Estado, el Gobierno Federal y la participaci\u00f3n ciudadana se lograron consolidar avances que hoy se traducen en mejores oportunidades y una mayor calidad de vida para las familias mierenses.<\/p>\n<p>Al t\u00e9rmino del evento, el gobernador salud\u00f3 a las familias presentes y atendi\u00f3 peticiones, adem\u00e1s de que realiz\u00f3 una visita a la Casa Club para el Adulto Mayor del DIF Municipal.<\/p>\n<p><img loading=\"lazy\" decoding=\"async\" class=\"aligncenter size-full wp-image-229341\" src=\"https:\/\/www.buroperiodistico.com.mx\/wp-content\/uploads\/2026\/09\/Tamaulipas-esta-mejor-I.jpeg\" alt=\"\" width=\"640\" height=\"427\" srcset=\"https:\/\/www.buroperiodistico.com.mx\/wp-content\/uploads\/2026\/09\/Tamaulipas-esta-mejor-I.jpeg 640w, https:\/\/www.buroperiodistico.com.mx\/wp-content\/uploads\/2026\/09\/Tamaulipas-esta-mejor-I-300x200.jpeg 300w\" sizes=\"auto, (max-width: 640px) 100vw, 640px\" \/> <img loading=\"lazy\" decoding=\"async\" class=\"aligncenter size-full wp-image-229347\" src=\"https:\/\/www.buroperiodistico.com.mx\/wp-content\/uploads\/2026\/09\/Tamaulipas-esta-mejor-IIIIIII.jpeg\" alt=\"\" width=\"640\" height=\"427\" srcset=\"https:\/\/www.buroperiodistico.com.mx\/wp-content\/uploads\/2026\/09\/Tamaulipas-esta-mejor-IIIIIII.jpeg 640w, https:\/\/www.buroperiodistico.com.mx\/wp-content\/uploads\/2026\/09\/Tamaulipas-esta-mejor-IIIIIII-300x200.jpeg 300w\" sizes=\"auto, (max-width: 640px) 100vw, 640px\" \/> <img loading=\"lazy\" decoding=\"async\" class=\"aligncenter size-full wp-image-229346\" src=\"https:\/\/www.buroperiodistico.com.mx\/wp-content\/uploads\/2026\/09\/Tamaulipas-esta-mejor-IIIIII.jpeg\" alt=\"\" width=\"640\" height=\"427\" srcset=\"https:\/\/www.buroperiodistico.com.mx\/wp-content\/uploads\/2026\/09\/Tamaulipas-esta-mejor-IIIIII.jpeg 640w, https:\/\/www.buroperiodistico.com.mx\/wp-content\/uploads\/2026\/09\/Tamaulipas-esta-mejor-IIIIII-300x200.jpeg 300w\" sizes=\"auto, (max-width: 640px) 100vw, 640px\" \/> <img loading=\"lazy\" decoding=\"async\" class=\"aligncenter size-full wp-image-229345\" src=\"https:\/\/www.buroperiodistico.com.mx\/wp-content\/uploads\/2026\/09\/Tamaulipas-esta-mejor-IIIII.jpeg\" alt=\"\" width=\"640\" height=\"427\" srcset=\"https:\/\/www.buroperiodistico.com.mx\/wp-content\/uploads\/2026\/09\/Tamaulipas-esta-mejor-IIIII.jpeg 640w, https:\/\/www.buroperiodistico.com.mx\/wp-content\/uploads\/2026\/09\/Tamaulipas-esta-mejor-IIIII-300x200.jpeg 300w\" sizes=\"auto, (max-width: 640px) 100vw, 640px\" \/> <img loading=\"lazy\" decoding=\"async\" class=\"aligncenter size-full wp-image-229344\" src=\"https:\/\/www.buroperiodistico.com.mx\/wp-content\/uploads\/2026\/09\/Tamaulipas-esta-mejor-IIII.jpeg\" alt=\"\" width=\"640\" height=\"427\" srcset=\"https:\/\/www.buroperiodistico.com.mx\/wp-content\/uploads\/2026\/09\/Tamaulipas-esta-mejor-IIII.jpeg 640w, https:\/\/www.buroperiodistico.com.mx\/wp-content\/uploads\/2026\/09\/Tamaulipas-esta-mejor-IIII-300x200.jpeg 300w\" sizes=\"auto, (max-width: 640px) 100vw, 640px\" \/> <img loading=\"lazy\" decoding=\"async\" class=\"aligncenter size-full wp-image-229343\" src=\"https:\/\/www.buroperiodistico.com.mx\/wp-content\/uploads\/2026\/09\/Tamaulipas-esta-mejor-III.jpeg\" alt=\"\" width=\"640\" height=\"427\" srcset=\"https:\/\/www.buroperiodistico.com.mx\/wp-content\/uploads\/2026\/09\/Tamaulipas-esta-mejor-III.jpeg 640w, https:\/\/www.buroperiodistico.com.mx\/wp-content\/uploads\/2026\/09\/Tamaulipas-esta-mejor-III-300x200.jpeg 300w\" sizes=\"auto, (max-width: 640px) 100vw, 640px\" \/> <img loading=\"lazy\" decoding=\"async\" class=\"aligncenter size-full wp-image-229342\" src=\"https:\/\/www.buroperiodistico.com.mx\/wp-content\/uploads\/2026\/09\/Tamaulipas-esta-mejor-II.jpeg\" alt=\"\" width=\"640\" height=\"427\" srcset=\"https:\/\/www.buroperiodistico.com.mx\/wp-content\/uploads\/2026\/09\/Tamaulipas-esta-mejor-II.jpeg 640w, https:\/\/www.buroperiodistico.com.mx\/wp-content\/uploads\/2026\/09\/Tamaulipas-esta-mejor-II-300x200.jpeg 300w\" sizes=\"auto, (max-width: 640px) 100vw, 640px\" \/><\/p>\n","protected":false},"excerpt":{"rendered":"<p>Al acudir al informe de la presidenta de Mier, Adriana Hinojosa Ib\u00e1\u00f1ez, tambi\u00e9n confirm\u00f3 la&#8230;<\/p>\n","protected":false},"author":1,"featured_media":229348,"comment_status":"closed","ping_status":"closed","sticky":false,"template":"","format":"standard","meta":{"footnotes":"","jetpack_publicize_message":"","jetpack_publicize_feature_enabled":true,"jetpack_social_post_already_shared":true,"jetpack_social_options":{"image_generator_settings":{"template":"highway","default_image_id":0,"font":"","enabled":false},"version":2}},"categories":[25,10],"tags":[],"class_list":["post-229340","post","type-post","status-publish","format-standard","has-post-thumbnail","hentry","category-portada","category-tamaulipas"],"jetpack_publicize_connections":[],"_links":{"self":[{"href":"https:\/\/www.buroperiodistico.com.mx\/index.php?rest_route=\/wp\/v2\/posts\/229340","targetHints":{"allow":["GET"]}}],"collection":[{"href":"https:\/\/www.buroperiodistico.com.mx\/index.php?rest_route=\/wp\/v2\/posts"}],"about":[{"href":"https:\/\/www.buroperiodistico.com.mx\/index.php?rest_route=\/wp\/v2\/types\/post"}],"author":[{"embeddable":true,"href":"https:\/\/www.buroperiodistico.com.mx\/index.php?rest_route=\/wp\/v2\/users\/1"}],"replies":[{"embeddable":true,"href":"https:\/\/www.buroperiodistico.com.mx\/index.php?rest_route=%2Fwp%2Fv2%2Fcomments&post=229340"}],"version-history":[{"count":1,"href":"https:\/\/www.buroperiodistico.com.mx\/index.php?rest_route=\/wp\/v2\/posts\/229340\/revisions"}],"predecessor-version":[{"id":229349,"href":"https:\/\/www.buroperiodistico.com.mx\/index.php?rest_route=\/wp\/v2\/posts\/229340\/revisions\/229349"}],"wp:featuredmedia":[{"embeddable":true,"href":"https:\/\/www.buroperiodistico.com.mx\/index.php?rest_route=\/wp\/v2\/media\/229348"}],"wp:attachment":[{"href":"https:\/\/www.buroperiodistico.com.mx\/index.php?rest_route=%2Fwp%2Fv2%2Fmedia&parent=229340"}],"wp:term":[{"taxonomy":"category","embeddable":true,"href":"https:\/\/www.buroperiodistico.com.mx\/index.php?rest_route=%2Fwp%2Fv2%2Fcategories&post=229340"},{"taxonomy":"post_tag","embeddable":true,"href":"https:\/\/www.buroperiodistico.com.mx\/index.php?rest_route=%2Fwp%2Fv2%2Ftags&post=229340"}],"curies":[{"name":"wp","href":"https:\/\/api.w.org\/{rel}","templated":true}]}}