{"id":229327,"date":"2026-09-04T16:23:04","date_gmt":"2026-09-04T21:23:04","guid":{"rendered":"https:\/\/www.buroperiodistico.com.mx\/?p=229327"},"modified":"2026-09-04T16:23:04","modified_gmt":"2026-09-04T21:23:04","slug":"finanzas-publicas-solidas-impulsan-desarrollo-y-certidumbre-para-constructores-carlos-iran-ramirez","status":"publish","type":"post","link":"https:\/\/www.buroperiodistico.com.mx\/?p=229327","title":{"rendered":"Finanzas p\u00fablicas s\u00f3lidas impulsan desarrollo y certidumbre para constructores: Carlos Ir\u00e1n Ram\u00edrez"},"content":{"rendered":"<ul>\n<li><strong><em>El Secretario de Finanzas sostuvo un encuentro con integrantes de la CMIC y representantes empresariales para fortalecer la colaboraci\u00f3n entre el Gobierno del Estado y los sectores productivos del sur.<\/em><\/strong><\/li>\n<\/ul>\n<p><strong><img loading=\"lazy\" decoding=\"async\" class=\" wp-image-229331 alignright\" src=\"https:\/\/www.buroperiodistico.com.mx\/wp-content\/uploads\/2026\/09\/SFx.jpg\" alt=\"\" width=\"545\" height=\"322\" srcset=\"https:\/\/www.buroperiodistico.com.mx\/wp-content\/uploads\/2026\/09\/SFx.jpg 1024w, https:\/\/www.buroperiodistico.com.mx\/wp-content\/uploads\/2026\/09\/SFx-300x177.jpg 300w, https:\/\/www.buroperiodistico.com.mx\/wp-content\/uploads\/2026\/09\/SFx-768x454.jpg 768w\" sizes=\"auto, (max-width: 545px) 100vw, 545px\" \/>Tampico, Tamaulipas (4-Septiembre-2026).-<\/strong> El secretario de Finanzas, Carlos Ir\u00e1n Ram\u00edrez Gonz\u00e1lez, sostuvo una reuni\u00f3n de trabajo con integrantes de la C\u00e1mara Mexicana de la Industria de la Construcci\u00f3n (CMIC) Tamaulipas y representantes de organismos empresariales, como parte de la pol\u00edtica de di\u00e1logo y colaboraci\u00f3n con los sectores productivos impulsada por el gobernador Am\u00e9rico Villarreal Anaya.<\/p>\n<p>El encuentro se realiz\u00f3 en las instalaciones de la CMIC Tamaulipas, en Tampico, atendiendo la invitaci\u00f3n de su presidente, Pablo Eduardo Haro Panduro, con el objetivo de dialogar sobre temas relacionados con la industria de la construcci\u00f3n, fortalecer la colaboraci\u00f3n y dar difusi\u00f3n al nuevo paquete de est\u00edmulos fiscales.<\/p>\n<p>Durante su mensaje, Ram\u00edrez Gonz\u00e1lez reconoci\u00f3 la importancia de la industria de la construcci\u00f3n como un sector que genera empleos, dinamiza la econom\u00eda y contribuye al desarrollo de infraestructura, adem\u00e1s de felicitar a la CMIC Tamaulipas por sus 50 a\u00f1os de trayectoria y su aportaci\u00f3n al desarrollo del estado.<\/p>\n<p>\u201cEs fundamental mantener un di\u00e1logo directo con quienes invierten, generan empleos y participan todos los d\u00edas en el crecimiento de Tamaulipas\u201d, expres\u00f3 el Secretario.<\/p>\n<p>Ram\u00edrez Gonz\u00e1lez destac\u00f3 que, bajo el liderazgo del gobernador Am\u00e9rico Villarreal Anaya, se ha impulsado una administraci\u00f3n responsable, ordenada y transparente de los recursos p\u00fablicos, se\u00f1alando que una planeaci\u00f3n financiera rigurosa permite dar estabilidad y viabilidad a los proyectos de infraestructura que requiere Tamaulipas.<\/p>\n<p>Finalmente, reconoci\u00f3 a la CMIC como un aliado estrat\u00e9gico para dinamizar la econom\u00eda estatal y destac\u00f3 la importancia de mantener canales abiertos de comunicaci\u00f3n que permitan conocer directamente la perspectiva del sector constructor y de las distintas organizaciones empresariales, as\u00ed como fortalecer la coordinaci\u00f3n con el Gobierno del Estado.<\/p>\n<p><img loading=\"lazy\" decoding=\"async\" class=\"aligncenter size-full wp-image-229328\" src=\"https:\/\/www.buroperiodistico.com.mx\/wp-content\/uploads\/2026\/09\/SFx-I.jpg\" alt=\"\" width=\"640\" height=\"427\" srcset=\"https:\/\/www.buroperiodistico.com.mx\/wp-content\/uploads\/2026\/09\/SFx-I.jpg 640w, https:\/\/www.buroperiodistico.com.mx\/wp-content\/uploads\/2026\/09\/SFx-I-300x200.jpg 300w\" sizes=\"auto, (max-width: 640px) 100vw, 640px\" \/> <img loading=\"lazy\" decoding=\"async\" class=\"aligncenter size-full wp-image-229330\" src=\"https:\/\/www.buroperiodistico.com.mx\/wp-content\/uploads\/2026\/09\/SFx-III.jpg\" alt=\"\" width=\"640\" height=\"427\" srcset=\"https:\/\/www.buroperiodistico.com.mx\/wp-content\/uploads\/2026\/09\/SFx-III.jpg 640w, https:\/\/www.buroperiodistico.com.mx\/wp-content\/uploads\/2026\/09\/SFx-III-300x200.jpg 300w\" sizes=\"auto, (max-width: 640px) 100vw, 640px\" \/> <img loading=\"lazy\" decoding=\"async\" class=\"aligncenter size-full wp-image-229329\" src=\"https:\/\/www.buroperiodistico.com.mx\/wp-content\/uploads\/2026\/09\/SFx-II.jpg\" alt=\"\" width=\"640\" height=\"426\" srcset=\"https:\/\/www.buroperiodistico.com.mx\/wp-content\/uploads\/2026\/09\/SFx-II.jpg 640w, https:\/\/www.buroperiodistico.com.mx\/wp-content\/uploads\/2026\/09\/SFx-II-300x200.jpg 300w\" sizes=\"auto, (max-width: 640px) 100vw, 640px\" \/><\/p>\n","protected":false},"excerpt":{"rendered":"<p>El Secretario de Finanzas sostuvo un encuentro con integrantes de la CMIC y representantes empresariales&#8230;<\/p>\n","protected":false},"author":1,"featured_media":229331,"comment_status":"closed","ping_status":"closed","sticky":false,"template":"","format":"standard","meta":{"footnotes":"","jetpack_publicize_message":"","jetpack_publicize_feature_enabled":true,"jetpack_social_post_already_shared":true,"jetpack_social_options":{"image_generator_settings":{"template":"highway","default_image_id":0,"font":"","enabled":false},"version":2}},"categories":[18],"tags":[],"class_list":["post-229327","post","type-post","status-publish","format-standard","has-post-thumbnail","hentry","category-tampico"],"jetpack_publicize_connections":[],"_links":{"self":[{"href":"https:\/\/www.buroperiodistico.com.mx\/index.php?rest_route=\/wp\/v2\/posts\/229327","targetHints":{"allow":["GET"]}}],"collection":[{"href":"https:\/\/www.buroperiodistico.com.mx\/index.php?rest_route=\/wp\/v2\/posts"}],"about":[{"href":"https:\/\/www.buroperiodistico.com.mx\/index.php?rest_route=\/wp\/v2\/types\/post"}],"author":[{"embeddable":true,"href":"https:\/\/www.buroperiodistico.com.mx\/index.php?rest_route=\/wp\/v2\/users\/1"}],"replies":[{"embeddable":true,"href":"https:\/\/www.buroperiodistico.com.mx\/index.php?rest_route=%2Fwp%2Fv2%2Fcomments&post=229327"}],"version-history":[{"count":1,"href":"https:\/\/www.buroperiodistico.com.mx\/index.php?rest_route=\/wp\/v2\/posts\/229327\/revisions"}],"predecessor-version":[{"id":229332,"href":"https:\/\/www.buroperiodistico.com.mx\/index.php?rest_route=\/wp\/v2\/posts\/229327\/revisions\/229332"}],"wp:featuredmedia":[{"embeddable":true,"href":"https:\/\/www.buroperiodistico.com.mx\/index.php?rest_route=\/wp\/v2\/media\/229331"}],"wp:attachment":[{"href":"https:\/\/www.buroperiodistico.com.mx\/index.php?rest_route=%2Fwp%2Fv2%2Fmedia&parent=229327"}],"wp:term":[{"taxonomy":"category","embeddable":true,"href":"https:\/\/www.buroperiodistico.com.mx\/index.php?rest_route=%2Fwp%2Fv2%2Fcategories&post=229327"},{"taxonomy":"post_tag","embeddable":true,"href":"https:\/\/www.buroperiodistico.com.mx\/index.php?rest_route=%2Fwp%2Fv2%2Ftags&post=229327"}],"curies":[{"name":"wp","href":"https:\/\/api.w.org\/{rel}","templated":true}]}}