{"id":229303,"date":"2026-09-04T14:49:46","date_gmt":"2026-09-04T19:49:46","guid":{"rendered":"https:\/\/www.buroperiodistico.com.mx\/?p=229303"},"modified":"2026-09-04T14:49:46","modified_gmt":"2026-09-04T19:49:46","slug":"premia-fundacion-pantaleon-la-excelencia-academica-de-estudiantes-del-tecnologico-de-el-mante","status":"publish","type":"post","link":"https:\/\/www.buroperiodistico.com.mx\/?p=229303","title":{"rendered":"Premia Fundaci\u00f3n Pantale\u00f3n la excelencia acad\u00e9mica de estudiantes del Tecnol\u00f3gico de El Mante"},"content":{"rendered":"<p><em><strong><img loading=\"lazy\" decoding=\"async\" class=\" wp-image-229307 alignright\" src=\"https:\/\/www.buroperiodistico.com.mx\/wp-content\/uploads\/2026\/09\/ITSMante.jpeg\" alt=\"\" width=\"441\" height=\"250\" srcset=\"https:\/\/www.buroperiodistico.com.mx\/wp-content\/uploads\/2026\/09\/ITSMante.jpeg 1024w, https:\/\/www.buroperiodistico.com.mx\/wp-content\/uploads\/2026\/09\/ITSMante-300x170.jpeg 300w, https:\/\/www.buroperiodistico.com.mx\/wp-content\/uploads\/2026\/09\/ITSMante-768x436.jpeg 768w\" sizes=\"auto, (max-width: 441px) 100vw, 441px\" \/>Ciudad Mante, Tamaulipas (4-Septiembre-2026).-<\/strong><\/em> Como reconocimiento a su desempe\u00f1o acad\u00e9mico y dedicaci\u00f3n, el Instituto Tecnol\u00f3gico Superior de El Mante (ITSM) en colaboraci\u00f3n con Fundaci\u00f3n Pantale\u00f3n, entreg\u00f3 reconocimientos y est\u00edmulos a las y los estudiantes con los promedios m\u00e1s altos del ciclo escolar 2025-2026.<\/p>\n<p>Los reconocimientos fueron entregados por personal de Fundaci\u00f3n Pantale\u00f3n, dirigido por Melissa Mart\u00ednez-Benecke, gerente regional; Martha Patricia Altamirano Castillo, gerente M\u00e9xico de Fundaci\u00f3n Pantale\u00f3n; y Karol Herrera Tolosa, coordinadora de Fundaci\u00f3n Pantale\u00f3n y Desarrollo Social en el Ingenio El Mante, inform\u00f3 Jes\u00fas Alberto Moctezuma Sandoval, director general del instituto.<\/p>\n<p>Indic\u00f3 que los estudiantes distinguidos por su promedio general fueron: Angieliz Barr\u00f3n Quevedo, de octavo semestre de Ingenier\u00eda Industrial, con promedio de 99.18; Germ\u00e1n del \u00c1ngel Cardona Rojas, de octavo semestre de Ingenier\u00eda en Sistemas Computacionales, con promedio de 97.93; y Diana Maricela Salas Urbina, de octavo semestre de Ingenier\u00eda en Gesti\u00f3n Empresarial, con promedio de 99.78.<\/p>\n<p>Tambi\u00e9n se reconoci\u00f3 a la estudiante Monserrat Montellano M\u00e9ndez, de segundo semestre de la carrera de Ingenier\u00eda en Innovaci\u00f3n Agr\u00edcola Sustentable, con promedio de 96.08, y a Jes\u00fas Antonio Sandoval Araujo, de segundo semestre de Ingenier\u00eda Qu\u00edmica, con promedio de 97.75.<\/p>\n<p>Asimismo dijo que se otorg\u00f3 un reconocimiento especial, el Premio a la Perseverancia, al estudiante Edgar Emmanuel Basoria, de quinto semestre de la carrera de Ingenier\u00eda Industrial, en reconocimiento a su esfuerzo y constancia a lo largo de su trayectoria acad\u00e9mica en el plantel.<\/p>\n<p>\u201cReconocemos el esfuerzo de nuestras y nuestros estudiantes con los mejores promedios y agradecemos profundamente a Fundaci\u00f3n Pantale\u00f3n por su compromiso social y su respaldo constante a la educaci\u00f3n superior en nuestra regi\u00f3n\u201d, resalt\u00f3.<\/p>\n<p>Por su parte, Melissa Mart\u00ednez-Benecke, gerente regional de Fundaci\u00f3n Pantale\u00f3n, destac\u00f3 el compromiso de la fundaci\u00f3n con el desarrollo educativo de la regi\u00f3n, ya que est\u00e1n convencidos de que invertir en el talento de las y los j\u00f3venes universitarios es invertir en el futuro de Tamaulipas.<\/p>\n<p>Moctezuma Sandoval se\u00f1al\u00f3 que, con este tipo de acciones, el ITSM refrenda a la vinculaci\u00f3n entre instituciones educativas y organizaciones socialmente responsables, como Fundaci\u00f3n Pantale\u00f3n, como iniciativa fundamental para el fortalecimiento de la educaci\u00f3n superior tecnol\u00f3gica, en sinton\u00eda con la pol\u00edtica impulsada por el gobernador Am\u00e9rico Villarreal Anaya para ampliar las oportunidades de desarrollo acad\u00e9mico y profesional a las y los j\u00f3venes tamaulipecos.<\/p>\n<p><img loading=\"lazy\" decoding=\"async\" class=\"aligncenter size-full wp-image-229304\" src=\"https:\/\/www.buroperiodistico.com.mx\/wp-content\/uploads\/2026\/09\/ITSMante-I.jpeg\" alt=\"\" width=\"640\" height=\"426\" srcset=\"https:\/\/www.buroperiodistico.com.mx\/wp-content\/uploads\/2026\/09\/ITSMante-I.jpeg 640w, https:\/\/www.buroperiodistico.com.mx\/wp-content\/uploads\/2026\/09\/ITSMante-I-300x200.jpeg 300w\" sizes=\"auto, (max-width: 640px) 100vw, 640px\" \/> <img loading=\"lazy\" decoding=\"async\" class=\"aligncenter size-full wp-image-229306\" src=\"https:\/\/www.buroperiodistico.com.mx\/wp-content\/uploads\/2026\/09\/ITSMante-III.jpeg\" alt=\"\" width=\"640\" height=\"426\" srcset=\"https:\/\/www.buroperiodistico.com.mx\/wp-content\/uploads\/2026\/09\/ITSMante-III.jpeg 640w, https:\/\/www.buroperiodistico.com.mx\/wp-content\/uploads\/2026\/09\/ITSMante-III-300x200.jpeg 300w\" sizes=\"auto, (max-width: 640px) 100vw, 640px\" \/> <img loading=\"lazy\" decoding=\"async\" class=\"aligncenter size-full wp-image-229305\" src=\"https:\/\/www.buroperiodistico.com.mx\/wp-content\/uploads\/2026\/09\/ITSMante-II.jpeg\" alt=\"\" width=\"640\" height=\"426\" srcset=\"https:\/\/www.buroperiodistico.com.mx\/wp-content\/uploads\/2026\/09\/ITSMante-II.jpeg 640w, https:\/\/www.buroperiodistico.com.mx\/wp-content\/uploads\/2026\/09\/ITSMante-II-300x200.jpeg 300w\" sizes=\"auto, (max-width: 640px) 100vw, 640px\" \/><\/p>\n","protected":false},"excerpt":{"rendered":"<p>Ciudad Mante, Tamaulipas (4-Septiembre-2026).- Como reconocimiento a su desempe\u00f1o acad\u00e9mico y dedicaci\u00f3n, el Instituto Tecnol\u00f3gico&#8230;<\/p>\n","protected":false},"author":1,"featured_media":229307,"comment_status":"closed","ping_status":"closed","sticky":false,"template":"","format":"standard","meta":{"footnotes":"","jetpack_publicize_message":"","jetpack_publicize_feature_enabled":true,"jetpack_social_post_already_shared":true,"jetpack_social_options":{"image_generator_settings":{"template":"highway","default_image_id":0,"font":"","enabled":false},"version":2}},"categories":[10],"tags":[],"class_list":["post-229303","post","type-post","status-publish","format-standard","has-post-thumbnail","hentry","category-tamaulipas"],"jetpack_publicize_connections":[],"_links":{"self":[{"href":"https:\/\/www.buroperiodistico.com.mx\/index.php?rest_route=\/wp\/v2\/posts\/229303","targetHints":{"allow":["GET"]}}],"collection":[{"href":"https:\/\/www.buroperiodistico.com.mx\/index.php?rest_route=\/wp\/v2\/posts"}],"about":[{"href":"https:\/\/www.buroperiodistico.com.mx\/index.php?rest_route=\/wp\/v2\/types\/post"}],"author":[{"embeddable":true,"href":"https:\/\/www.buroperiodistico.com.mx\/index.php?rest_route=\/wp\/v2\/users\/1"}],"replies":[{"embeddable":true,"href":"https:\/\/www.buroperiodistico.com.mx\/index.php?rest_route=%2Fwp%2Fv2%2Fcomments&post=229303"}],"version-history":[{"count":1,"href":"https:\/\/www.buroperiodistico.com.mx\/index.php?rest_route=\/wp\/v2\/posts\/229303\/revisions"}],"predecessor-version":[{"id":229308,"href":"https:\/\/www.buroperiodistico.com.mx\/index.php?rest_route=\/wp\/v2\/posts\/229303\/revisions\/229308"}],"wp:featuredmedia":[{"embeddable":true,"href":"https:\/\/www.buroperiodistico.com.mx\/index.php?rest_route=\/wp\/v2\/media\/229307"}],"wp:attachment":[{"href":"https:\/\/www.buroperiodistico.com.mx\/index.php?rest_route=%2Fwp%2Fv2%2Fmedia&parent=229303"}],"wp:term":[{"taxonomy":"category","embeddable":true,"href":"https:\/\/www.buroperiodistico.com.mx\/index.php?rest_route=%2Fwp%2Fv2%2Fcategories&post=229303"},{"taxonomy":"post_tag","embeddable":true,"href":"https:\/\/www.buroperiodistico.com.mx\/index.php?rest_route=%2Fwp%2Fv2%2Ftags&post=229303"}],"curies":[{"name":"wp","href":"https:\/\/api.w.org\/{rel}","templated":true}]}}