{"id":229298,"date":"2026-09-04T14:39:15","date_gmt":"2026-09-04T19:39:15","guid":{"rendered":"https:\/\/www.buroperiodistico.com.mx\/?p=229298"},"modified":"2026-09-04T14:39:15","modified_gmt":"2026-09-04T19:39:15","slug":"fortalece-secretaria-de-salud-la-parteria-profesional-y-tradicional-en-el-sistema-sanitario","status":"publish","type":"post","link":"https:\/\/www.buroperiodistico.com.mx\/?p=229298","title":{"rendered":"Fortalece Secretar\u00eda de Salud la parter\u00eda profesional y tradicional en el sistema sanitario"},"content":{"rendered":"<p><em><strong><img loading=\"lazy\" decoding=\"async\" class=\" wp-image-229301 alignright\" src=\"https:\/\/www.buroperiodistico.com.mx\/wp-content\/uploads\/2026\/09\/SSTsalud.jpeg\" alt=\"\" width=\"486\" height=\"298\" srcset=\"https:\/\/www.buroperiodistico.com.mx\/wp-content\/uploads\/2026\/09\/SSTsalud.jpeg 1024w, https:\/\/www.buroperiodistico.com.mx\/wp-content\/uploads\/2026\/09\/SSTsalud-300x184.jpeg 300w, https:\/\/www.buroperiodistico.com.mx\/wp-content\/uploads\/2026\/09\/SSTsalud-768x471.jpeg 768w\" sizes=\"auto, (max-width: 486px) 100vw, 486px\" \/>Ciudad Victoria, Tamaulipas (4-Septiembre-2026).-<\/strong><\/em> Como parte de la estrategia nacional para mejorar la salud materna, neonatal e infantil en M\u00e9xico, se instal\u00f3 el Comit\u00e9 Estatal de Parter\u00eda, el cual busca disminuir barreras socioculturales, geogr\u00e1ficas y de atenci\u00f3n obst\u00e9trica para otorgar mayor seguridad hacia un parto positivo y vinculado al sistema de salud.<\/p>\n<p>En representaci\u00f3n del secretario de Salud, Ricardo Gerardo Guerrero Morales, la directora de Pol\u00edticas de Salud y Bienestar Poblacional, Sergia Ju\u00e1rez Delgado, presidi\u00f3 los trabajos de este evento que representa la coordinaci\u00f3n, vinculaci\u00f3n con los servicios hospitalarios, respeto a sus m\u00e9todos, recursos y perspectivas de las parteras.<\/p>\n<p>\u201cEn Tamaulipas contamos con 53 parteras tradicionales que simbolizan conocimiento, experiencia, confianza y comunidad, y nuestro compromiso es hacer que ninguna de ellas se sienta sola y siempre unida a nuestro sistema de salud\u201d, destac\u00f3 Ju\u00e1rez Delgado.<\/p>\n<p>En su mensaje, dijo que ninguna mujer debe elegir entre tradici\u00f3n y seguridad, porque cuando la experiencia de las parteras se une con la ciencia, la capacitaci\u00f3n y la capacidad resolutiva de los servicios de salud, la distancia deja de ser una barrera y se convierte en una oportunidad para salvar una vida.<\/p>\n<p>\u201cDetr\u00e1s de este comit\u00e9, tambi\u00e9n existe una decisi\u00f3n pol\u00edtica y, sobre todo, una visi\u00f3n humanista de la salud como la del gobernador Am\u00e9rico Villarreal Anaya, que reconoce que las parteras son parte de la historia, de la comunidad, lo que permite avanzar hacia un modelo de salud m\u00e1s humano, m\u00e1s cercano y m\u00e1s justo\u201d, afirm\u00f3.<\/p>\n<p>El Comit\u00e9 Estatal de Parter\u00eda es un paso significativo para el fortalecimiento a la salud materna y neonatal en Tamaulipas, representa la construcci\u00f3n de un espacio permanente de coordinaci\u00f3n, di\u00e1logo y trabajo en conjunto para impulsar una atenci\u00f3n m\u00e1s humana, segura y cercana para las mujeres, sus familias y comunidades.<\/p>\n<p>El evento que se llev\u00f3 a cabo en las instalaciones del Hospital Regional de Alta Especialidad de esta ciudad y cont\u00f3 con la asistencia del titular de este nosocomio, Daniel Dur\u00e1n Perales; el director general de Coordinaci\u00f3n de Servicios M\u00e9dicos, Calidad y Ense\u00f1anza, Carlos Arturo Gonz\u00e1lez Castro; el coordinador estatal del Servicio Nacional de Salud P\u00fablica en el Estado de Tamaulipas, Ra\u00fal Ernesto Huidobro Guevara; la directora de Salud Reproductiva y Atenci\u00f3n a la Infancia y Adolescencia, Blanca Idalia Garc\u00eda S\u00e1nchez; y Mar\u00eda de los \u00c1ngeles \u00c1vila Rodr\u00edguez, partera tradicional del municipio de Bustamante.<\/p>\n<p><img loading=\"lazy\" decoding=\"async\" class=\"aligncenter size-full wp-image-229300\" src=\"https:\/\/www.buroperiodistico.com.mx\/wp-content\/uploads\/2026\/09\/SSTsalud-II.jpeg\" alt=\"\" width=\"640\" height=\"386\" srcset=\"https:\/\/www.buroperiodistico.com.mx\/wp-content\/uploads\/2026\/09\/SSTsalud-II.jpeg 640w, https:\/\/www.buroperiodistico.com.mx\/wp-content\/uploads\/2026\/09\/SSTsalud-II-300x181.jpeg 300w\" sizes=\"auto, (max-width: 640px) 100vw, 640px\" \/><\/p>\n","protected":false},"excerpt":{"rendered":"<p>Ciudad Victoria, Tamaulipas (4-Septiembre-2026).- Como parte de la estrategia nacional para mejorar la salud materna,&#8230;<\/p>\n","protected":false},"author":1,"featured_media":229301,"comment_status":"closed","ping_status":"closed","sticky":false,"template":"","format":"standard","meta":{"footnotes":"","jetpack_publicize_message":"","jetpack_publicize_feature_enabled":true,"jetpack_social_post_already_shared":true,"jetpack_social_options":{"image_generator_settings":{"template":"highway","default_image_id":0,"font":"","enabled":false},"version":2}},"categories":[10],"tags":[],"class_list":["post-229298","post","type-post","status-publish","format-standard","has-post-thumbnail","hentry","category-tamaulipas"],"jetpack_publicize_connections":[],"_links":{"self":[{"href":"https:\/\/www.buroperiodistico.com.mx\/index.php?rest_route=\/wp\/v2\/posts\/229298","targetHints":{"allow":["GET"]}}],"collection":[{"href":"https:\/\/www.buroperiodistico.com.mx\/index.php?rest_route=\/wp\/v2\/posts"}],"about":[{"href":"https:\/\/www.buroperiodistico.com.mx\/index.php?rest_route=\/wp\/v2\/types\/post"}],"author":[{"embeddable":true,"href":"https:\/\/www.buroperiodistico.com.mx\/index.php?rest_route=\/wp\/v2\/users\/1"}],"replies":[{"embeddable":true,"href":"https:\/\/www.buroperiodistico.com.mx\/index.php?rest_route=%2Fwp%2Fv2%2Fcomments&post=229298"}],"version-history":[{"count":1,"href":"https:\/\/www.buroperiodistico.com.mx\/index.php?rest_route=\/wp\/v2\/posts\/229298\/revisions"}],"predecessor-version":[{"id":229302,"href":"https:\/\/www.buroperiodistico.com.mx\/index.php?rest_route=\/wp\/v2\/posts\/229298\/revisions\/229302"}],"wp:featuredmedia":[{"embeddable":true,"href":"https:\/\/www.buroperiodistico.com.mx\/index.php?rest_route=\/wp\/v2\/media\/229301"}],"wp:attachment":[{"href":"https:\/\/www.buroperiodistico.com.mx\/index.php?rest_route=%2Fwp%2Fv2%2Fmedia&parent=229298"}],"wp:term":[{"taxonomy":"category","embeddable":true,"href":"https:\/\/www.buroperiodistico.com.mx\/index.php?rest_route=%2Fwp%2Fv2%2Fcategories&post=229298"},{"taxonomy":"post_tag","embeddable":true,"href":"https:\/\/www.buroperiodistico.com.mx\/index.php?rest_route=%2Fwp%2Fv2%2Ftags&post=229298"}],"curies":[{"name":"wp","href":"https:\/\/api.w.org\/{rel}","templated":true}]}}