{"id":229292,"date":"2026-09-04T14:34:09","date_gmt":"2026-09-04T19:34:09","guid":{"rendered":"https:\/\/www.buroperiodistico.com.mx\/?p=229292"},"modified":"2026-09-04T14:34:09","modified_gmt":"2026-09-04T19:34:09","slug":"formalizan-convenio-para-fortalecer-la-sanidad-del-hato-ganadero-de-tamaulipas","status":"publish","type":"post","link":"https:\/\/www.buroperiodistico.com.mx\/?p=229292","title":{"rendered":"Formalizan convenio para fortalecer la sanidad del hato ganadero de Tamaulipas"},"content":{"rendered":"<p><em><strong><img loading=\"lazy\" decoding=\"async\" class=\" wp-image-229296 alignright\" src=\"https:\/\/www.buroperiodistico.com.mx\/wp-content\/uploads\/2026\/09\/SRUTamaulipas-2.jpeg\" alt=\"\" width=\"495\" height=\"315\" srcset=\"https:\/\/www.buroperiodistico.com.mx\/wp-content\/uploads\/2026\/09\/SRUTamaulipas-2.jpeg 1024w, https:\/\/www.buroperiodistico.com.mx\/wp-content\/uploads\/2026\/09\/SRUTamaulipas-2-300x191.jpeg 300w, https:\/\/www.buroperiodistico.com.mx\/wp-content\/uploads\/2026\/09\/SRUTamaulipas-2-768x488.jpeg 768w\" sizes=\"auto, (max-width: 495px) 100vw, 495px\" \/>Ciudad Victoria, Tamaulipas (4-Septiembre-2026).-<\/strong><\/em> La Secretar\u00eda de Desarrollo Rural, Pesca y Acuacultura de Tamaulipas formaliz\u00f3 un convenio con la Uni\u00f3n Ganadera Regional de Tamaulipas (UGRT) para ejercer 21 millones de pesos, recursos destinados por el gobernador Am\u00e9rico Villarreal Anaya al fortalecimiento de las campa\u00f1as sanitarias del sector pecuario.<\/p>\n<p>Los recursos permitir\u00e1n intensificar las acciones de prevenci\u00f3n, diagn\u00f3stico y control de la tuberculosis bovina, la brucelosis y el gusano barrenador del ganado, con el prop\u00f3sito de preservar la sanidad del hato estatal y fortalecer la actividad ganadera en la entidad.<\/p>\n<p>Entre las prioridades se encuentra concluir durante 2026 el barrido de tuberculosis bovina en los 43 municipios de Tamaulipas. A la fecha, se han diagnosticado 670 mil animales con resultados negativos, y se prev\u00e9 que los trabajos concluyan entre octubre y noviembre, en atenci\u00f3n a las recomendaciones del Departamento de Agricultura de Estados Unidos (USDA).<\/p>\n<p>De igual manera, continuar\u00e1 la campa\u00f1a de diagn\u00f3stico de brucelosis en coordinaci\u00f3n con la Comisi\u00f3n Estatal para la Protecci\u00f3n contra Riesgos Sanitarios (Coepris). En tanto, los recursos destinados a la atenci\u00f3n del gusano barrenador del ganado permitir\u00e1n reforzar las labores de vigilancia, diagn\u00f3stico y atenci\u00f3n de los casos registrados en la entidad.<\/p>\n<p>El secretario de Desarrollo Rural, Pesca y Acuacultura, Antonio Varela Flores, destac\u00f3 que la formalizaci\u00f3n de este convenio permitir\u00e1 agilizar la aplicaci\u00f3n de los recursos y atender los pendientes de las campa\u00f1as sanitarias, en beneficio directo de las y los productores pecuarios de Tamaulipas.<\/p>\n<p>El acuerdo fue suscrito por Antonio Varela Flores, secretario de Desarrollo Rural, Pesca y Acuacultura; Jos\u00e9 Guerrero Gamboa, presidente de la Uni\u00f3n Ganadera Regional de Tamaulipas; y Cuauht\u00e9moc Amaya Garc\u00eda, subsecretario de Desarrollo Pecuario y Forestal.<\/p>\n<p>De esta manera, el Gobierno de Tamaulipas refrenda su compromiso con la sanidad pecuaria, la protecci\u00f3n del hato estatal y el fortalecimiento de la competitividad y la productividad de la actividad ganadera, en beneficio de las familias dedicadas al sector.<\/p>\n<p><img loading=\"lazy\" decoding=\"async\" class=\"aligncenter size-full wp-image-229293\" src=\"https:\/\/www.buroperiodistico.com.mx\/wp-content\/uploads\/2026\/09\/SRUTamaulipas-I-2.jpeg\" alt=\"\" width=\"640\" height=\"410\" srcset=\"https:\/\/www.buroperiodistico.com.mx\/wp-content\/uploads\/2026\/09\/SRUTamaulipas-I-2.jpeg 640w, https:\/\/www.buroperiodistico.com.mx\/wp-content\/uploads\/2026\/09\/SRUTamaulipas-I-2-300x192.jpeg 300w\" sizes=\"auto, (max-width: 640px) 100vw, 640px\" \/> <img loading=\"lazy\" decoding=\"async\" class=\"aligncenter size-full wp-image-229295\" src=\"https:\/\/www.buroperiodistico.com.mx\/wp-content\/uploads\/2026\/09\/SRUTamaulipas-III-1.jpeg\" alt=\"\" width=\"640\" height=\"427\" srcset=\"https:\/\/www.buroperiodistico.com.mx\/wp-content\/uploads\/2026\/09\/SRUTamaulipas-III-1.jpeg 640w, https:\/\/www.buroperiodistico.com.mx\/wp-content\/uploads\/2026\/09\/SRUTamaulipas-III-1-300x200.jpeg 300w\" sizes=\"auto, (max-width: 640px) 100vw, 640px\" \/> <img loading=\"lazy\" decoding=\"async\" class=\"aligncenter size-full wp-image-229294\" src=\"https:\/\/www.buroperiodistico.com.mx\/wp-content\/uploads\/2026\/09\/SRUTamaulipas-II-2.jpeg\" alt=\"\" width=\"640\" height=\"360\" srcset=\"https:\/\/www.buroperiodistico.com.mx\/wp-content\/uploads\/2026\/09\/SRUTamaulipas-II-2.jpeg 640w, https:\/\/www.buroperiodistico.com.mx\/wp-content\/uploads\/2026\/09\/SRUTamaulipas-II-2-300x169.jpeg 300w\" sizes=\"auto, (max-width: 640px) 100vw, 640px\" \/><\/p>\n","protected":false},"excerpt":{"rendered":"<p>Ciudad Victoria, Tamaulipas (4-Septiembre-2026).- La Secretar\u00eda de Desarrollo Rural, Pesca y Acuacultura de Tamaulipas formaliz\u00f3&#8230;<\/p>\n","protected":false},"author":1,"featured_media":229296,"comment_status":"closed","ping_status":"closed","sticky":false,"template":"","format":"standard","meta":{"footnotes":"","jetpack_publicize_message":"","jetpack_publicize_feature_enabled":true,"jetpack_social_post_already_shared":true,"jetpack_social_options":{"image_generator_settings":{"template":"highway","default_image_id":0,"font":"","enabled":false},"version":2}},"categories":[10],"tags":[],"class_list":["post-229292","post","type-post","status-publish","format-standard","has-post-thumbnail","hentry","category-tamaulipas"],"jetpack_publicize_connections":[],"_links":{"self":[{"href":"https:\/\/www.buroperiodistico.com.mx\/index.php?rest_route=\/wp\/v2\/posts\/229292","targetHints":{"allow":["GET"]}}],"collection":[{"href":"https:\/\/www.buroperiodistico.com.mx\/index.php?rest_route=\/wp\/v2\/posts"}],"about":[{"href":"https:\/\/www.buroperiodistico.com.mx\/index.php?rest_route=\/wp\/v2\/types\/post"}],"author":[{"embeddable":true,"href":"https:\/\/www.buroperiodistico.com.mx\/index.php?rest_route=\/wp\/v2\/users\/1"}],"replies":[{"embeddable":true,"href":"https:\/\/www.buroperiodistico.com.mx\/index.php?rest_route=%2Fwp%2Fv2%2Fcomments&post=229292"}],"version-history":[{"count":1,"href":"https:\/\/www.buroperiodistico.com.mx\/index.php?rest_route=\/wp\/v2\/posts\/229292\/revisions"}],"predecessor-version":[{"id":229297,"href":"https:\/\/www.buroperiodistico.com.mx\/index.php?rest_route=\/wp\/v2\/posts\/229292\/revisions\/229297"}],"wp:featuredmedia":[{"embeddable":true,"href":"https:\/\/www.buroperiodistico.com.mx\/index.php?rest_route=\/wp\/v2\/media\/229296"}],"wp:attachment":[{"href":"https:\/\/www.buroperiodistico.com.mx\/index.php?rest_route=%2Fwp%2Fv2%2Fmedia&parent=229292"}],"wp:term":[{"taxonomy":"category","embeddable":true,"href":"https:\/\/www.buroperiodistico.com.mx\/index.php?rest_route=%2Fwp%2Fv2%2Fcategories&post=229292"},{"taxonomy":"post_tag","embeddable":true,"href":"https:\/\/www.buroperiodistico.com.mx\/index.php?rest_route=%2Fwp%2Fv2%2Ftags&post=229292"}],"curies":[{"name":"wp","href":"https:\/\/api.w.org\/{rel}","templated":true}]}}