{"id":229284,"date":"2026-09-04T14:21:43","date_gmt":"2026-09-04T19:21:43","guid":{"rendered":"https:\/\/www.buroperiodistico.com.mx\/?p=229284"},"modified":"2026-09-04T14:21:43","modified_gmt":"2026-09-04T19:21:43","slug":"agradecen-vecinos-de-arboledas-atencion-de-carlos-pena-ortiz-y-el-arqui-eduardo-lopez-arias-a-necesidades-de-la-colonia","status":"publish","type":"post","link":"https:\/\/www.buroperiodistico.com.mx\/?p=229284","title":{"rendered":"Agradecen vecinos de Arboledas atenci\u00f3n de Carlos Pe\u00f1a Ortiz y el Arqui Eduardo L\u00f3pez Arias a necesidades de la colonia"},"content":{"rendered":"<p><em><strong><img loading=\"lazy\" decoding=\"async\" class=\" wp-image-229285 alignright\" src=\"https:\/\/www.buroperiodistico.com.mx\/wp-content\/uploads\/2026\/09\/Lalinx.jpg\" alt=\"\" width=\"477\" height=\"258\" srcset=\"https:\/\/www.buroperiodistico.com.mx\/wp-content\/uploads\/2026\/09\/Lalinx.jpg 1110w, https:\/\/www.buroperiodistico.com.mx\/wp-content\/uploads\/2026\/09\/Lalinx-300x162.jpg 300w, https:\/\/www.buroperiodistico.com.mx\/wp-content\/uploads\/2026\/09\/Lalinx-1024x554.jpg 1024w, https:\/\/www.buroperiodistico.com.mx\/wp-content\/uploads\/2026\/09\/Lalinx-768x415.jpg 768w\" sizes=\"auto, (max-width: 477px) 100vw, 477px\" \/>Reynosa, Tamaulipas (4-Septiembre-2026).-<\/strong><\/em> La rehabilitaci\u00f3n de calles en la colonia Arboledas, mediante acciones de bacheo y recarpeteo, fue recibida con satisfacci\u00f3n por habitantes del sector, quienes destacaron la atenci\u00f3n y seguimiento brindado por el alcalde Carlos Pe\u00f1a Ortiz y el secretario de Obras P\u00fablicas, el Arqui Eduardo L\u00f3pez Arias, ante las necesidades que durante tiempo hab\u00edan planteado los vecinos.<\/p>\n<p>Durante la supervisi\u00f3n de los trabajos, una vecina de la colonia expres\u00f3 su agradecimiento tanto al Presidente Municipal como al titular de Obras P\u00fablicas, al se\u00f1alar que ambos han dado seguimiento a las condiciones de las vialidades y han contribuido para que las peticiones ciudadanas comiencen a verse reflejadas en acciones concretas.<\/p>\n<p>\u201cQueremos dar las gracias a Carlos Pe\u00f1a porque ha visto nuestra colonia, toda la necesidad que tenemos, y tambi\u00e9n al personal que est\u00e1 sumando, como el Arqui Eduardo L\u00f3pez, porque estuvimos platicando con \u00e9l para que viera lo de la obra y estamos viendo que se est\u00e1 reflejando en nuestra colonia. Ya nos hac\u00eda mucha falta, de verdad, muchas gracias\u201d, expres\u00f3.<\/p>\n<p>La vecina destac\u00f3 particularmente la disposici\u00f3n para escuchar y atender las solicitudes de los habitantes, reconociendo en el Arqui Eduardo L\u00f3pez Arias a uno de los funcionarios que ha dado seguimiento a las necesidades planteadas por la comunidad para concretar la rehabilitaci\u00f3n de las vialidades.<\/p>\n<p>El agradecimiento de los vecinos se da en el marco de los trabajos que actualmente se desarrollan en Arboledas, donde se busca mejorar las condiciones de las calles y facilitar la movilidad de las familias que diariamente transitan por este sector.<\/p>\n<p>Por su parte, el secretario de Obras P\u00fablicas, Eduardo L\u00f3pez Arias, inform\u00f3 que las acciones forman parte del programa de bacheo y recarpeteo, mediante el cual se continuar\u00e1 interviniendo las vialidades que presentan mayor necesidad.<\/p>\n<p>\u201cEstamos ahora aqu\u00ed en la colonia Arboledas con el programa de Bacheo y Recarpeteo y vamos a continuar en esta colonia rehabilitando y bacheando la mayor cantidad de calles. Y muy pronto estaremos en tu colonia con este mismo programa\u201d, se\u00f1al\u00f3.<\/p>\n<p>Con estas acciones, el Gobierno Municipal refrenda su compromiso de mantener una atenci\u00f3n cercana a las colonias, escuchar las necesidades de la ciudadan\u00eda y traducir sus gestiones en obras que contribuyan a mejorar las condiciones de movilidad y la calidad de vida de las familias reynosenses.<\/p>\n<div style=\"width: 576px;\" class=\"wp-video\"><video class=\"wp-video-shortcode\" id=\"video-229284-1\" width=\"576\" height=\"1024\" preload=\"metadata\" controls=\"controls\"><source type=\"video\/mp4\" src=\"https:\/\/www.buroperiodistico.com.mx\/wp-content\/uploads\/2026\/09\/WhatsApp-Video-2026-09-04-at-2.09.57-PM.mp4?_=1\" \/><a href=\"https:\/\/www.buroperiodistico.com.mx\/wp-content\/uploads\/2026\/09\/WhatsApp-Video-2026-09-04-at-2.09.57-PM.mp4\">https:\/\/www.buroperiodistico.com.mx\/wp-content\/uploads\/2026\/09\/WhatsApp-Video-2026-09-04-at-2.09.57-PM.mp4<\/a><\/video><\/div>\n","protected":false},"excerpt":{"rendered":"<p>Reynosa, Tamaulipas (4-Septiembre-2026).- La rehabilitaci\u00f3n de calles en la colonia Arboledas, mediante acciones de bacheo&#8230;<\/p>\n","protected":false},"author":1,"featured_media":229285,"comment_status":"closed","ping_status":"closed","sticky":false,"template":"","format":"standard","meta":{"footnotes":"","jetpack_publicize_message":"","jetpack_publicize_feature_enabled":true,"jetpack_social_post_already_shared":true,"jetpack_social_options":{"image_generator_settings":{"template":"highway","default_image_id":0,"font":"","enabled":false},"version":2}},"categories":[25,9],"tags":[],"class_list":["post-229284","post","type-post","status-publish","format-standard","has-post-thumbnail","hentry","category-portada","category-reynosa"],"jetpack_publicize_connections":[],"_links":{"self":[{"href":"https:\/\/www.buroperiodistico.com.mx\/index.php?rest_route=\/wp\/v2\/posts\/229284","targetHints":{"allow":["GET"]}}],"collection":[{"href":"https:\/\/www.buroperiodistico.com.mx\/index.php?rest_route=\/wp\/v2\/posts"}],"about":[{"href":"https:\/\/www.buroperiodistico.com.mx\/index.php?rest_route=\/wp\/v2\/types\/post"}],"author":[{"embeddable":true,"href":"https:\/\/www.buroperiodistico.com.mx\/index.php?rest_route=\/wp\/v2\/users\/1"}],"replies":[{"embeddable":true,"href":"https:\/\/www.buroperiodistico.com.mx\/index.php?rest_route=%2Fwp%2Fv2%2Fcomments&post=229284"}],"version-history":[{"count":1,"href":"https:\/\/www.buroperiodistico.com.mx\/index.php?rest_route=\/wp\/v2\/posts\/229284\/revisions"}],"predecessor-version":[{"id":229287,"href":"https:\/\/www.buroperiodistico.com.mx\/index.php?rest_route=\/wp\/v2\/posts\/229284\/revisions\/229287"}],"wp:featuredmedia":[{"embeddable":true,"href":"https:\/\/www.buroperiodistico.com.mx\/index.php?rest_route=\/wp\/v2\/media\/229285"}],"wp:attachment":[{"href":"https:\/\/www.buroperiodistico.com.mx\/index.php?rest_route=%2Fwp%2Fv2%2Fmedia&parent=229284"}],"wp:term":[{"taxonomy":"category","embeddable":true,"href":"https:\/\/www.buroperiodistico.com.mx\/index.php?rest_route=%2Fwp%2Fv2%2Fcategories&post=229284"},{"taxonomy":"post_tag","embeddable":true,"href":"https:\/\/www.buroperiodistico.com.mx\/index.php?rest_route=%2Fwp%2Fv2%2Ftags&post=229284"}],"curies":[{"name":"wp","href":"https:\/\/api.w.org\/{rel}","templated":true}]}}