{"id":229275,"date":"2026-09-04T14:16:23","date_gmt":"2026-09-04T19:16:23","guid":{"rendered":"https:\/\/www.buroperiodistico.com.mx\/?p=229275"},"modified":"2026-09-04T14:16:23","modified_gmt":"2026-09-04T19:16:23","slug":"ya-esta-cerca-la-carrera-5k-y-1k-super-heroes-con-el-apoyo-del-gobierno-de-reynosa","status":"publish","type":"post","link":"https:\/\/www.buroperiodistico.com.mx\/?p=229275","title":{"rendered":"Ya est\u00e1 cerca la Carrera 5K y 1K \u201cSuper H\u00e9roes\u201d con el apoyo del Gobierno de Reynosa"},"content":{"rendered":"<p><em><strong>Reynosa, Tam (4-Septiembre-2026).-<\/strong><\/em> Cada vez est\u00e1 m\u00e1s cerca la Carrera 5K y 1K \u201cSuper H\u00e9roes\u201d, evento deportivo con causa que cuenta con el respaldo del Alcalde Carlos Pe\u00f1a Ortiz y que se realizar\u00e1 en beneficio de Casa de los Michis A.C.<\/p>\n<p>La carrera se llevar\u00e1 a cabo este 27 de septiembre, en punto de las 7:00 de la ma\u00f1ana, teniendo como sede el Estadio del Polideportivo, donde se espera la participaci\u00f3n de familias, j\u00f3venes y ciudadan\u00eda que deseen sumarse a esta noble causa.<\/p>\n<p>Por su parte, el Instituto Municipal del Deporte participa en la coordinaci\u00f3n y log\u00edstica del evento, brindando las facilidades necesarias para su realizaci\u00f3n.<\/p>\n<p>#Reynosaimparable<\/p>\n<p><img loading=\"lazy\" decoding=\"async\" class=\"aligncenter  wp-image-229276\" src=\"https:\/\/www.buroperiodistico.com.mx\/wp-content\/uploads\/2026\/09\/SuperrHero.jpg\" alt=\"\" width=\"894\" height=\"483\" srcset=\"https:\/\/www.buroperiodistico.com.mx\/wp-content\/uploads\/2026\/09\/SuperrHero.jpg 1110w, https:\/\/www.buroperiodistico.com.mx\/wp-content\/uploads\/2026\/09\/SuperrHero-300x162.jpg 300w, https:\/\/www.buroperiodistico.com.mx\/wp-content\/uploads\/2026\/09\/SuperrHero-1024x554.jpg 1024w, https:\/\/www.buroperiodistico.com.mx\/wp-content\/uploads\/2026\/09\/SuperrHero-768x415.jpg 768w\" sizes=\"auto, (max-width: 894px) 100vw, 894px\" \/><\/p>\n","protected":false},"excerpt":{"rendered":"<p>Reynosa, Tam (4-Septiembre-2026).- Cada vez est\u00e1 m\u00e1s cerca la Carrera 5K y 1K \u201cSuper H\u00e9roes\u201d,&#8230;<\/p>\n","protected":false},"author":1,"featured_media":229276,"comment_status":"closed","ping_status":"closed","sticky":false,"template":"","format":"standard","meta":{"footnotes":"","jetpack_publicize_message":"","jetpack_publicize_feature_enabled":true,"jetpack_social_post_already_shared":true,"jetpack_social_options":{"image_generator_settings":{"template":"highway","default_image_id":0,"font":"","enabled":false},"version":2}},"categories":[9],"tags":[],"class_list":["post-229275","post","type-post","status-publish","format-standard","has-post-thumbnail","hentry","category-reynosa"],"jetpack_publicize_connections":[],"_links":{"self":[{"href":"https:\/\/www.buroperiodistico.com.mx\/index.php?rest_route=\/wp\/v2\/posts\/229275","targetHints":{"allow":["GET"]}}],"collection":[{"href":"https:\/\/www.buroperiodistico.com.mx\/index.php?rest_route=\/wp\/v2\/posts"}],"about":[{"href":"https:\/\/www.buroperiodistico.com.mx\/index.php?rest_route=\/wp\/v2\/types\/post"}],"author":[{"embeddable":true,"href":"https:\/\/www.buroperiodistico.com.mx\/index.php?rest_route=\/wp\/v2\/users\/1"}],"replies":[{"embeddable":true,"href":"https:\/\/www.buroperiodistico.com.mx\/index.php?rest_route=%2Fwp%2Fv2%2Fcomments&post=229275"}],"version-history":[{"count":1,"href":"https:\/\/www.buroperiodistico.com.mx\/index.php?rest_route=\/wp\/v2\/posts\/229275\/revisions"}],"predecessor-version":[{"id":229277,"href":"https:\/\/www.buroperiodistico.com.mx\/index.php?rest_route=\/wp\/v2\/posts\/229275\/revisions\/229277"}],"wp:featuredmedia":[{"embeddable":true,"href":"https:\/\/www.buroperiodistico.com.mx\/index.php?rest_route=\/wp\/v2\/media\/229276"}],"wp:attachment":[{"href":"https:\/\/www.buroperiodistico.com.mx\/index.php?rest_route=%2Fwp%2Fv2%2Fmedia&parent=229275"}],"wp:term":[{"taxonomy":"category","embeddable":true,"href":"https:\/\/www.buroperiodistico.com.mx\/index.php?rest_route=%2Fwp%2Fv2%2Fcategories&post=229275"},{"taxonomy":"post_tag","embeddable":true,"href":"https:\/\/www.buroperiodistico.com.mx\/index.php?rest_route=%2Fwp%2Fv2%2Ftags&post=229275"}],"curies":[{"name":"wp","href":"https:\/\/api.w.org\/{rel}","templated":true}]}}