{"id":229268,"date":"2026-09-04T12:17:55","date_gmt":"2026-09-04T17:17:55","guid":{"rendered":"https:\/\/www.buroperiodistico.com.mx\/?p=229268"},"modified":"2026-09-04T12:17:55","modified_gmt":"2026-09-04T17:17:55","slug":"coinciden-foros-estatales-y-regionales-en-prohibir-el-uso-de-celulares-en-escuelas-set","status":"publish","type":"post","link":"https:\/\/www.buroperiodistico.com.mx\/?p=229268","title":{"rendered":"Coinciden foros estatales y regionales en prohibir el uso de celulares en escuelas: SET"},"content":{"rendered":"<p><em><strong><img loading=\"lazy\" decoding=\"async\" class=\" wp-image-229269 alignright\" src=\"https:\/\/www.buroperiodistico.com.mx\/wp-content\/uploads\/2026\/09\/SETescuelas.jpeg\" alt=\"\" width=\"570\" height=\"356\" srcset=\"https:\/\/www.buroperiodistico.com.mx\/wp-content\/uploads\/2026\/09\/SETescuelas.jpeg 1024w, https:\/\/www.buroperiodistico.com.mx\/wp-content\/uploads\/2026\/09\/SETescuelas-300x188.jpeg 300w, https:\/\/www.buroperiodistico.com.mx\/wp-content\/uploads\/2026\/09\/SETescuelas-768x480.jpeg 768w\" sizes=\"auto, (max-width: 570px) 100vw, 570px\" \/>Ciudad Victoria, Tamaulipas (4-Septiembre-2026).-<\/strong><\/em> En las entidades y regiones donde ya se celebraron los foros para analizar la regulaci\u00f3n de los celulares en las escuelas, las y los participantes coinciden en la prohibici\u00f3n de estos dispositivos m\u00f3viles, se\u00f1al\u00f3 Miguel \u00c1ngel Valdez Garc\u00eda, secretario de Educaci\u00f3n de Tamaulipas.<\/p>\n<p>\u201cS\u00ed es necesaria la prohibici\u00f3n, es decir, que no se lleven. Ya es, en general, consenso nacional que el 85 por ciento est\u00e1 a favor (de prohibirlos). Ya va a ser una instrucci\u00f3n de la Secretar\u00eda federal de Educaci\u00f3n; hay que acatarla, nada m\u00e1s vamos a ver la modalidad de c\u00f3mo seguimos incorporando la tecnolog\u00eda al sal\u00f3n con un uso regulado, pero ya sin celulares en los bolsillos de los ni\u00f1os\u201d, precis\u00f3.<\/p>\n<p>Indic\u00f3 que, de aprobarse esta restricci\u00f3n, como parece ser, se deber\u00e1 aprobar una ley que proh\u00edba el uso de celulares en las escuelas, para posteriormente elaborar una gu\u00eda operativa que d\u00e9 a conocer los lineamientos, incluidas las sanciones para quienes incumplan con la disposici\u00f3n.<\/p>\n<p>\u201cAh\u00ed nos vamos a poner de acuerdo con las y los padres de familia, a trav\u00e9s de las mesas directivas y sociedades de padres, para que cada escuela escoja un poco c\u00f3mo se hace el mecanismo de revisar que no traigan el celular\u201d, precis\u00f3.<\/p>\n<p>Dijo que, en el caso de Tamaulipas, el foro estatal se llevar\u00e1 a cabo el 28 de septiembre, por lo que probablemente este viernes se publicar\u00e1n la invitaci\u00f3n y la convocatoria para que figuras educativas como especialistas, directivos, docentes y, por supuesto, madres y padres de familia participen y validen la conclusi\u00f3n a la que se llegue.<\/p>\n<p>Descart\u00f3 que las comisiones de derechos humanos intervengan en contra de la posible prohibici\u00f3n, debido a que ser\u00e1 una restricci\u00f3n que favorecer\u00eda el proceso de ense\u00f1anza en las aulas. \u201cEn general, al ser un tema que salvaguarde el derecho al aprendizaje de todos los ni\u00f1os, est\u00e1 totalmente alineado. La comisi\u00f3n lo revis\u00f3 y, desde luego, ser\u00e1 una disposici\u00f3n general que adoptaremos los 32 estados\u201d, enfatiz\u00f3.<\/p>\n<p>Resalt\u00f3 el compromiso del Gobierno de Tamaulipas, que, bajo el liderazgo del gobernador Am\u00e9rico Villarreal Anaya, se sumar\u00e1 a las disposiciones que establezcan las autoridades educativas al concluir los foros, reiterando la responsabilidad que la administraci\u00f3n estatal tiene con la educaci\u00f3n de ni\u00f1as, ni\u00f1os, adolescentes y j\u00f3venes tamaulipecos.<\/p>\n","protected":false},"excerpt":{"rendered":"<p>Ciudad Victoria, Tamaulipas (4-Septiembre-2026).- En las entidades y regiones donde ya se celebraron los foros&#8230;<\/p>\n","protected":false},"author":1,"featured_media":229269,"comment_status":"closed","ping_status":"closed","sticky":false,"template":"","format":"standard","meta":{"footnotes":"","jetpack_publicize_message":"","jetpack_publicize_feature_enabled":true,"jetpack_social_post_already_shared":true,"jetpack_social_options":{"image_generator_settings":{"template":"highway","default_image_id":0,"font":"","enabled":false},"version":2}},"categories":[10],"tags":[],"class_list":["post-229268","post","type-post","status-publish","format-standard","has-post-thumbnail","hentry","category-tamaulipas"],"jetpack_publicize_connections":[],"_links":{"self":[{"href":"https:\/\/www.buroperiodistico.com.mx\/index.php?rest_route=\/wp\/v2\/posts\/229268","targetHints":{"allow":["GET"]}}],"collection":[{"href":"https:\/\/www.buroperiodistico.com.mx\/index.php?rest_route=\/wp\/v2\/posts"}],"about":[{"href":"https:\/\/www.buroperiodistico.com.mx\/index.php?rest_route=\/wp\/v2\/types\/post"}],"author":[{"embeddable":true,"href":"https:\/\/www.buroperiodistico.com.mx\/index.php?rest_route=\/wp\/v2\/users\/1"}],"replies":[{"embeddable":true,"href":"https:\/\/www.buroperiodistico.com.mx\/index.php?rest_route=%2Fwp%2Fv2%2Fcomments&post=229268"}],"version-history":[{"count":1,"href":"https:\/\/www.buroperiodistico.com.mx\/index.php?rest_route=\/wp\/v2\/posts\/229268\/revisions"}],"predecessor-version":[{"id":229270,"href":"https:\/\/www.buroperiodistico.com.mx\/index.php?rest_route=\/wp\/v2\/posts\/229268\/revisions\/229270"}],"wp:featuredmedia":[{"embeddable":true,"href":"https:\/\/www.buroperiodistico.com.mx\/index.php?rest_route=\/wp\/v2\/media\/229269"}],"wp:attachment":[{"href":"https:\/\/www.buroperiodistico.com.mx\/index.php?rest_route=%2Fwp%2Fv2%2Fmedia&parent=229268"}],"wp:term":[{"taxonomy":"category","embeddable":true,"href":"https:\/\/www.buroperiodistico.com.mx\/index.php?rest_route=%2Fwp%2Fv2%2Fcategories&post=229268"},{"taxonomy":"post_tag","embeddable":true,"href":"https:\/\/www.buroperiodistico.com.mx\/index.php?rest_route=%2Fwp%2Fv2%2Ftags&post=229268"}],"curies":[{"name":"wp","href":"https:\/\/api.w.org\/{rel}","templated":true}]}}