{"id":229262,"date":"2026-09-04T12:09:06","date_gmt":"2026-09-04T17:09:06","guid":{"rendered":"https:\/\/www.buroperiodistico.com.mx\/?p=229262"},"modified":"2026-09-04T12:09:06","modified_gmt":"2026-09-04T17:09:06","slug":"posiciona-tamaulipas-su-experiencia-ambiental-en-el-mexico-carbon-forum-2026","status":"publish","type":"post","link":"https:\/\/www.buroperiodistico.com.mx\/?p=229262","title":{"rendered":"Posiciona Tamaulipas su experiencia ambiental en el M\u00e9xico Carbon Forum 2026"},"content":{"rendered":"<ul>\n<li><strong><em>A trav\u00e9s de la SEDUMA, Tamaulipas fortalece su presencia en espacios nacionales de di\u00e1logo y colaboraci\u00f3n para avanzar hacia un desarrollo m\u00e1s sostenible<\/em><\/strong><\/li>\n<\/ul>\n<p><strong><img loading=\"lazy\" decoding=\"async\" class=\" wp-image-229266 alignright\" src=\"https:\/\/www.buroperiodistico.com.mx\/wp-content\/uploads\/2026\/09\/SDUForum.jpeg\" alt=\"\" width=\"437\" height=\"240\" srcset=\"https:\/\/www.buroperiodistico.com.mx\/wp-content\/uploads\/2026\/09\/SDUForum.jpeg 1024w, https:\/\/www.buroperiodistico.com.mx\/wp-content\/uploads\/2026\/09\/SDUForum-300x165.jpeg 300w, https:\/\/www.buroperiodistico.com.mx\/wp-content\/uploads\/2026\/09\/SDUForum-768x422.jpeg 768w\" sizes=\"auto, (max-width: 437px) 100vw, 437px\" \/>Aguascalientes, Aguascalientes (4-Septiembre-2026).-<\/strong> Con el objetivo de convertir la acci\u00f3n clim\u00e1tica en beneficios ambientales, econ\u00f3micos y sociales para las comunidades, Tamaulipas particip\u00f3 en la sexta edici\u00f3n del M\u00e9xico Carbon Forum 2026, realizada en el Complejo Ferrocarrilero Tres Centurias, donde present\u00f3 avances de su pol\u00edtica ambiental e intercambi\u00f3 experiencias sobre mercados de carbono, financiamiento y reducci\u00f3n de emisiones.<\/p>\n<p>Tras haber sido sede de este encuentro nacional en 2025, la entidad dio continuidad a su presencia en uno de los principales espacios especializados del pa\u00eds, bajo la pol\u00edtica que impulsa el gobernador Am\u00e9rico Villarreal Anaya, orientada a enfrentar el cambio clim\u00e1tico con planeaci\u00f3n, responsabilidad, innovaci\u00f3n y resultados que contribuyan al bienestar de la poblaci\u00f3n.<\/p>\n<p>En representaci\u00f3n del secretario de Desarrollo Urbano y Medio Ambiente, Karl Heinz Becker Hern\u00e1ndez, particip\u00f3 el coordinador de Fortalecimiento Institucional, Humberto Calder\u00f3n Z\u00fa\u00f1iga, quien intervino en paneles, conferencias y mesas de an\u00e1lisis junto con autoridades, especialistas y representantes de diversas entidades.<\/p>\n<p>Durante el segundo d\u00eda, Tamaulipas form\u00f3 parte del panel \u201cEstructuraci\u00f3n del mercado de carbono en M\u00e9xico a nivel subnacional y sellos bajos en carbono\u201d, junto con representantes de Aguascalientes, Quer\u00e9taro, Guanajuato y Colima. Ah\u00ed se expuso la evoluci\u00f3n del impuesto ambiental en el estado, as\u00ed como los ajustes legales, el di\u00e1logo con los contribuyentes y el acompa\u00f1amiento t\u00e9cnico que han permitido avanzar en la medici\u00f3n de emisiones y facilitar el cumplimiento de las obligaciones ambientales.<\/p>\n<p>Calder\u00f3n Z\u00fa\u00f1iga se\u00f1al\u00f3 que uno de los desaf\u00edos es consolidar reglas claras y mejores condiciones para que la compensaci\u00f3n mediante cr\u00e9ditos de carbono pueda convertirse en una alternativa viable para las empresas, sin perder de vista el objetivo central de disminuir contaminantes y generar una mayor responsabilidad frente al entorno.<\/p>\n<p>M\u00e1s adelante, en el panel \u201cDel instrumento al impacto: uso de recursos en la pol\u00edtica del precio al carbono\u201d, con representantes de Guanajuato, Colima y la Delegaci\u00f3n General de Qu\u00e9bec en M\u00e9xico, destac\u00f3 que la estrategia ambiental de Tamaulipas se encuentra vinculada desde su planeaci\u00f3n con los Objetivos de Desarrollo Sostenible y con medidas concretas de mitigaci\u00f3n y adaptaci\u00f3n.<\/p>\n<p>Explic\u00f3 que los recursos provenientes del impuesto a las emisiones ser\u00e1n canalizados mediante un fideicomiso para respaldar proyectos enfocados en reducir contaminantes, atender la vulnerabilidad clim\u00e1tica y fortalecer la capacidad de respuesta ante fen\u00f3menos hidrometeorol\u00f3gicos extremos.<\/p>\n<p>\u201cEl verdadero impacto est\u00e1 en convertir esos recursos en resultados verificables, fortalecer las capacidades de los municipios y acompa\u00f1ar a empresas y gobiernos locales para prevenir emisiones antes de que representen mayores costos ambientales y econ\u00f3micos\u201d, destac\u00f3.<\/p>\n<p>La participaci\u00f3n de Tamaulipas durante el M\u00e9xico Carbon Forum 2026 permiti\u00f3 adem\u00e1s que personal de la Secretar\u00eda de Desarrollo Urbano y Medio Ambiente ampliara conocimientos sobre descarbonizaci\u00f3n, inversiones sostenibles y mecanismos financieros susceptibles de adaptarse a las condiciones del estado.<\/p>\n<p>Frente a un cambio clim\u00e1tico cuyos efectos son cada vez m\u00e1s evidentes, el reto ya no es solamente reducir emisiones. Tambi\u00e9n implica anticiparse, aprender de otras experiencias y utilizar con responsabilidad los instrumentos disponibles. Bajo esa visi\u00f3n, en Tamaulipas se avanza en la construcci\u00f3n de una pol\u00edtica clim\u00e1tica que busca traducir la planeaci\u00f3n ambiental en acciones medibles, protecci\u00f3n de los recursos naturales y mejores condiciones para las generaciones presentes y futuras.<\/p>\n","protected":false},"excerpt":{"rendered":"<p>A trav\u00e9s de la SEDUMA, Tamaulipas fortalece su presencia en espacios nacionales de di\u00e1logo y&#8230;<\/p>\n","protected":false},"author":1,"featured_media":229266,"comment_status":"closed","ping_status":"closed","sticky":false,"template":"","format":"standard","meta":{"footnotes":"","jetpack_publicize_message":"","jetpack_publicize_feature_enabled":true,"jetpack_social_post_already_shared":true,"jetpack_social_options":{"image_generator_settings":{"template":"highway","default_image_id":0,"font":"","enabled":false},"version":2}},"categories":[10],"tags":[],"class_list":["post-229262","post","type-post","status-publish","format-standard","has-post-thumbnail","hentry","category-tamaulipas"],"jetpack_publicize_connections":[],"_links":{"self":[{"href":"https:\/\/www.buroperiodistico.com.mx\/index.php?rest_route=\/wp\/v2\/posts\/229262","targetHints":{"allow":["GET"]}}],"collection":[{"href":"https:\/\/www.buroperiodistico.com.mx\/index.php?rest_route=\/wp\/v2\/posts"}],"about":[{"href":"https:\/\/www.buroperiodistico.com.mx\/index.php?rest_route=\/wp\/v2\/types\/post"}],"author":[{"embeddable":true,"href":"https:\/\/www.buroperiodistico.com.mx\/index.php?rest_route=\/wp\/v2\/users\/1"}],"replies":[{"embeddable":true,"href":"https:\/\/www.buroperiodistico.com.mx\/index.php?rest_route=%2Fwp%2Fv2%2Fcomments&post=229262"}],"version-history":[{"count":1,"href":"https:\/\/www.buroperiodistico.com.mx\/index.php?rest_route=\/wp\/v2\/posts\/229262\/revisions"}],"predecessor-version":[{"id":229267,"href":"https:\/\/www.buroperiodistico.com.mx\/index.php?rest_route=\/wp\/v2\/posts\/229262\/revisions\/229267"}],"wp:featuredmedia":[{"embeddable":true,"href":"https:\/\/www.buroperiodistico.com.mx\/index.php?rest_route=\/wp\/v2\/media\/229266"}],"wp:attachment":[{"href":"https:\/\/www.buroperiodistico.com.mx\/index.php?rest_route=%2Fwp%2Fv2%2Fmedia&parent=229262"}],"wp:term":[{"taxonomy":"category","embeddable":true,"href":"https:\/\/www.buroperiodistico.com.mx\/index.php?rest_route=%2Fwp%2Fv2%2Fcategories&post=229262"},{"taxonomy":"post_tag","embeddable":true,"href":"https:\/\/www.buroperiodistico.com.mx\/index.php?rest_route=%2Fwp%2Fv2%2Ftags&post=229262"}],"curies":[{"name":"wp","href":"https:\/\/api.w.org\/{rel}","templated":true}]}}