{"id":229256,"date":"2026-09-04T12:01:19","date_gmt":"2026-09-04T17:01:19","guid":{"rendered":"https:\/\/www.buroperiodistico.com.mx\/?p=229256"},"modified":"2026-09-04T12:01:19","modified_gmt":"2026-09-04T17:01:19","slug":"tamaulipas-lider-en-simplificacion-y-digitalizacion","status":"publish","type":"post","link":"https:\/\/www.buroperiodistico.com.mx\/?p=229256","title":{"rendered":"Tamaulipas, l\u00edder en simplificaci\u00f3n y digitalizaci\u00f3n"},"content":{"rendered":"<p><em><strong><img loading=\"lazy\" decoding=\"async\" class=\" wp-image-229260 alignright\" src=\"https:\/\/www.buroperiodistico.com.mx\/wp-content\/uploads\/2026\/09\/SIDdigitalizacion.jpg\" alt=\"\" width=\"465\" height=\"278\" srcset=\"https:\/\/www.buroperiodistico.com.mx\/wp-content\/uploads\/2026\/09\/SIDdigitalizacion.jpg 1024w, https:\/\/www.buroperiodistico.com.mx\/wp-content\/uploads\/2026\/09\/SIDdigitalizacion-300x179.jpg 300w, https:\/\/www.buroperiodistico.com.mx\/wp-content\/uploads\/2026\/09\/SIDdigitalizacion-768x459.jpg 768w\" sizes=\"auto, (max-width: 465px) 100vw, 465px\" \/>Ciudad Victoria, Tamaulipas (4-Septiembre-2026).-<\/strong><\/em> Tamaulipas contin\u00faa avanzando como estado l\u00edder en simplificaci\u00f3n y digitalizaci\u00f3n, sum\u00e1ndose a los esfuerzos nacionales para construir un gobierno m\u00e1s \u00e1gil, eficiente y cercano a la ciudadan\u00eda, lo cual se puso de manifiesto durante la presentaci\u00f3n del Plan Nacional de Implementaci\u00f3n del Modelo Nacional de Homologaci\u00f3n.<\/p>\n<p>En el evento celebrado en el Sal\u00f3n Independencia de Palacio de Gobierno, la Agencia de Transformaci\u00f3n Digital y Telecomunicaciones del Gobierno de M\u00e9xico reconoci\u00f3 los avances de Tamaulipas a trav\u00e9s en esta materia, impulsando una transformaci\u00f3n que se traduzca en tr\u00e1mites m\u00e1s sencillos, servicios m\u00e1s \u00e1giles y un Gobierno m\u00e1s cercano a las personas.<\/p>\n<p>Se cont\u00f3 con la participaci\u00f3n de Jessica Pantale\u00f3n Becerril, directora de Vinculaci\u00f3n y Coordinaci\u00f3n Zona Norte, y Patricia Stefano Garc\u00eda, jefa de Oficina de la Coordinaci\u00f3n Nacional de Transformaci\u00f3n Digital.<\/p>\n<p>Durante el encuentro se abordaron la estrategia de implementaci\u00f3n, los modelos y plataformas, as\u00ed como los mecanismos de seguimiento y monitoreo.<\/p>\n<p>Adem\u00e1s, iniciaron las mesas estrat\u00e9gicas y regionales de trabajo, con la participaci\u00f3n de secretarios, titulares de \u00e1rea, equipos de trabajo y Enlaces de Simplificaci\u00f3n y Digitalizaci\u00f3n.<\/p>\n<p>Tambi\u00e9n tomaron parte, secretarios, titulares de \u00e1rea, equipos de trabajo y Enlaces de Simplificaci\u00f3n y Digitalizaci\u00f3n del Gobierno del Estado, quienes ser\u00e1n parte fundamental de la implementaci\u00f3n de estas acciones en Tamaulipas.<\/p>\n<p><img loading=\"lazy\" decoding=\"async\" class=\"aligncenter size-full wp-image-229258\" src=\"https:\/\/www.buroperiodistico.com.mx\/wp-content\/uploads\/2026\/09\/SIDdigitalizacion-II.png\" alt=\"\" width=\"640\" height=\"427\" srcset=\"https:\/\/www.buroperiodistico.com.mx\/wp-content\/uploads\/2026\/09\/SIDdigitalizacion-II.png 640w, https:\/\/www.buroperiodistico.com.mx\/wp-content\/uploads\/2026\/09\/SIDdigitalizacion-II-300x200.png 300w\" sizes=\"auto, (max-width: 640px) 100vw, 640px\" \/> <img loading=\"lazy\" decoding=\"async\" class=\"aligncenter size-full wp-image-229257\" src=\"https:\/\/www.buroperiodistico.com.mx\/wp-content\/uploads\/2026\/09\/SIDdigitalizacion-I.png\" alt=\"\" width=\"640\" height=\"427\" srcset=\"https:\/\/www.buroperiodistico.com.mx\/wp-content\/uploads\/2026\/09\/SIDdigitalizacion-I.png 640w, https:\/\/www.buroperiodistico.com.mx\/wp-content\/uploads\/2026\/09\/SIDdigitalizacion-I-300x200.png 300w\" sizes=\"auto, (max-width: 640px) 100vw, 640px\" \/> <img loading=\"lazy\" decoding=\"async\" class=\"aligncenter size-full wp-image-229259\" src=\"https:\/\/www.buroperiodistico.com.mx\/wp-content\/uploads\/2026\/09\/SIDdigitalizacion-III.png\" alt=\"\" width=\"640\" height=\"427\" srcset=\"https:\/\/www.buroperiodistico.com.mx\/wp-content\/uploads\/2026\/09\/SIDdigitalizacion-III.png 640w, https:\/\/www.buroperiodistico.com.mx\/wp-content\/uploads\/2026\/09\/SIDdigitalizacion-III-300x200.png 300w\" sizes=\"auto, (max-width: 640px) 100vw, 640px\" \/><\/p>\n","protected":false},"excerpt":{"rendered":"<p>Ciudad Victoria, Tamaulipas (4-Septiembre-2026).- Tamaulipas contin\u00faa avanzando como estado l\u00edder en simplificaci\u00f3n y digitalizaci\u00f3n, sum\u00e1ndose&#8230;<\/p>\n","protected":false},"author":1,"featured_media":229260,"comment_status":"closed","ping_status":"closed","sticky":false,"template":"","format":"standard","meta":{"footnotes":"","jetpack_publicize_message":"","jetpack_publicize_feature_enabled":true,"jetpack_social_post_already_shared":true,"jetpack_social_options":{"image_generator_settings":{"template":"highway","default_image_id":0,"font":"","enabled":false},"version":2}},"categories":[10],"tags":[],"class_list":["post-229256","post","type-post","status-publish","format-standard","has-post-thumbnail","hentry","category-tamaulipas"],"jetpack_publicize_connections":[],"_links":{"self":[{"href":"https:\/\/www.buroperiodistico.com.mx\/index.php?rest_route=\/wp\/v2\/posts\/229256","targetHints":{"allow":["GET"]}}],"collection":[{"href":"https:\/\/www.buroperiodistico.com.mx\/index.php?rest_route=\/wp\/v2\/posts"}],"about":[{"href":"https:\/\/www.buroperiodistico.com.mx\/index.php?rest_route=\/wp\/v2\/types\/post"}],"author":[{"embeddable":true,"href":"https:\/\/www.buroperiodistico.com.mx\/index.php?rest_route=\/wp\/v2\/users\/1"}],"replies":[{"embeddable":true,"href":"https:\/\/www.buroperiodistico.com.mx\/index.php?rest_route=%2Fwp%2Fv2%2Fcomments&post=229256"}],"version-history":[{"count":1,"href":"https:\/\/www.buroperiodistico.com.mx\/index.php?rest_route=\/wp\/v2\/posts\/229256\/revisions"}],"predecessor-version":[{"id":229261,"href":"https:\/\/www.buroperiodistico.com.mx\/index.php?rest_route=\/wp\/v2\/posts\/229256\/revisions\/229261"}],"wp:featuredmedia":[{"embeddable":true,"href":"https:\/\/www.buroperiodistico.com.mx\/index.php?rest_route=\/wp\/v2\/media\/229260"}],"wp:attachment":[{"href":"https:\/\/www.buroperiodistico.com.mx\/index.php?rest_route=%2Fwp%2Fv2%2Fmedia&parent=229256"}],"wp:term":[{"taxonomy":"category","embeddable":true,"href":"https:\/\/www.buroperiodistico.com.mx\/index.php?rest_route=%2Fwp%2Fv2%2Fcategories&post=229256"},{"taxonomy":"post_tag","embeddable":true,"href":"https:\/\/www.buroperiodistico.com.mx\/index.php?rest_route=%2Fwp%2Fv2%2Ftags&post=229256"}],"curies":[{"name":"wp","href":"https:\/\/api.w.org\/{rel}","templated":true}]}}