{"id":229251,"date":"2026-09-04T11:42:02","date_gmt":"2026-09-04T16:42:02","guid":{"rendered":"https:\/\/www.buroperiodistico.com.mx\/?p=229251"},"modified":"2026-09-04T11:42:02","modified_gmt":"2026-09-04T16:42:02","slug":"adios-a-las-tapas-sueltas-senadora-olga-sosa-propone-reforma-para-que-permanezcan-unidas-a-las-botellas-de-plastico","status":"publish","type":"post","link":"https:\/\/www.buroperiodistico.com.mx\/?p=229251","title":{"rendered":"\u00bfAdi\u00f3s a las tapas sueltas? Senadora Olga Sosa propone reforma para que permanezcan unidas a las botellas de pl\u00e1stico"},"content":{"rendered":"<ul>\n<li><strong><em>La senadora de Morena Olga Sosa presenta la iniciativa \u201cTapa y Botella Juntas\u201d, una reforma de econom\u00eda circular para que las tapas permanezcan unidas a las botellas y evitar que millones de ellas terminen dispersas como residuos pl\u00e1sticos.<\/em><\/strong><\/li>\n<\/ul>\n<p><strong><img loading=\"lazy\" decoding=\"async\" class=\" wp-image-229254 alignright\" src=\"https:\/\/www.buroperiodistico.com.mx\/wp-content\/uploads\/2026\/09\/Olgax-4.jpg\" alt=\"\" width=\"552\" height=\"344\" srcset=\"https:\/\/www.buroperiodistico.com.mx\/wp-content\/uploads\/2026\/09\/Olgax-4.jpg 1024w, https:\/\/www.buroperiodistico.com.mx\/wp-content\/uploads\/2026\/09\/Olgax-4-300x187.jpg 300w, https:\/\/www.buroperiodistico.com.mx\/wp-content\/uploads\/2026\/09\/Olgax-4-768x479.jpg 768w\" sizes=\"auto, (max-width: 552px) 100vw, 552px\" \/>Ciudad de M\u00e9xico (4-Septiembre-2026).-<\/strong> La senadora Olga Patricia Sosa Ru\u00edz present\u00f3 en el Senado de la Rep\u00fablica una iniciativa para que las botellas de pl\u00e1stico de un solo uso comercializadas en M\u00e9xico incorporen tapas que permanezcan adheridas al envase, con el objetivo de prevenir desde el dise\u00f1o la generaci\u00f3n y dispersi\u00f3n de residuos pl\u00e1sticos.<\/p>\n<p>La propuesta, denominada \u201cTapa y Botella Juntas\u201d, plantea incorporar este principio a la Ley General de Econom\u00eda Circular y dar un paso de una pol\u00edtica centrada \u00fanicamente en recoger los residuos despu\u00e9s de que se generan, hacia una pol\u00edtica que busque evitar que se conviertan en contaminaci\u00f3n desde el momento mismo en que los productos son dise\u00f1ados.<\/p>\n<p>\u201cLa econom\u00eda circular no comienza cuando recogemos una botella; comienza cuando la dise\u00f1amos. Si tapa y botella forman parte del mismo producto, podemos procurar que permanezcan juntas hasta llegar a los sistemas de recuperaci\u00f3n y reciclaje\u201d, se\u00f1al\u00f3 la senadora Olga Sosa.<\/p>\n<p>La legisladora explic\u00f3 que las tapas representan un desaf\u00edo particular debido a su peque\u00f1o tama\u00f1o y facilidad para separarse del envase. Una vez desprendidas, pueden extraviarse o ser transportadas por el viento, la lluvia, los drenajes y los escurrimientos hasta r\u00edos, lagos, costas y mares.<\/p>\n<p>La experiencia internacional muestra la dimensi\u00f3n del problema.<\/p>\n<p>La Comisi\u00f3n Europea ha identificado que las tapas y tapones de pl\u00e1stico aparecen en la naturaleza entre dos y tres veces con mayor frecuencia que las propias botellas y se encuentran entre los productos pl\u00e1sticos de un solo uso detectados con mayor frecuencia en playas.<\/p>\n<p>En M\u00e9xico, el reto adquiere una escala considerable. El Diagn\u00f3stico B\u00e1sico para la Gesti\u00f3n Integral de los Residuos 2026 estima que el pa\u00eds genera cerca de 139 mil 903 toneladas de residuos s\u00f3lidos urbanos diariamente, alrededor de 51 millones de toneladas al a\u00f1o.<\/p>\n<p>Al mismo tiempo, M\u00e9xico cuenta con una importante infraestructura de recuperaci\u00f3n de PET. Durante 2023 se utilizaron aproximadamente 868 mil toneladas de PET para envases, de las cuales cerca de 547 mil toneladas fueron recuperadas, equivalente a una tasa cercana al 63 por ciento.<\/p>\n<p>Para Olga Sosa, precisamente esa capacidad instalada abre la oportunidad de dar el siguiente paso.<\/p>\n<p>\u201cM\u00e9xico ya cuenta con una s\u00f3lida cadena de recuperaci\u00f3n y reciclaje de botellas. El siguiente paso es importante: procurar que la tapa llegue con la botella y que ambas puedan incorporarse a los procesos de recuperaci\u00f3n y aprovechamiento, en lugar de que una de ellas termine dispersa en el ambiente\u201d, afirm\u00f3.<\/p>\n<p>La dimensi\u00f3n potencial es significativa. Una referencia difundida por la Comisi\u00f3n Nacional de \u00c1reas Naturales Protegidas estima alrededor de 200 botellas de PET por persona al a\u00f1o; aplicada de manera ilustrativa a la poblaci\u00f3n registrada en el Censo 2020, representa un universo cercano a 25 mil millones de botellas anuales.<\/p>\n<p>\u201cCuando hablamos de miles de millones de envases, una peque\u00f1a modificaci\u00f3n en el dise\u00f1o puede producir un gran impacto acumulado para el medio ambiente\u201d, destac\u00f3 la senadora.<\/p>\n<p>No se proh\u00edben las botellas: se propone dise\u00f1arlas mejor<br \/>\nLa iniciativa no establece una prohibici\u00f3n a las botellas de pl\u00e1stico ni obliga a sustituirlas por otro material.<\/p>\n<p>La reforma propone que los envases para bebidas de pl\u00e1stico de un solo uso, con capacidad de hasta tres litros, que sean fabricados, importados o comercializados en M\u00e9xico cuenten con una Tapa Adherida, dise\u00f1ada para permanecer f\u00edsicamente unida al recipiente durante su apertura, consumo y, cuando corresponda, cierres posteriores.<\/p>\n<p>El proyecto contempla adem\u00e1s que las soluciones garanticen seguridad, funcionalidad e inocuidad y sean compatibles con los procesos de recolecci\u00f3n, separaci\u00f3n, aprovechamiento y reciclaje.<br \/>\nM\u00e9xico podr\u00eda adoptar una medida que ya funciona en Europa.<\/p>\n<p>La propuesta retoma como referencia la experiencia de la Uni\u00f3n Europea, donde desde julio de 2024 determinados recipientes para bebidas de hasta tres litros deben contar con tapas que permanezcan unidas al envase durante su utilizaci\u00f3n.<\/p>\n<p>Para la legisladora, el precedente demuestra que es posible implementar este tipo de innovaci\u00f3n a gran escala sin detener la competencia ni el desarrollo tecnol\u00f3gico.<\/p>\n<p>\u201cSi tapa y botella forman parte del mismo producto, su dise\u00f1o debe procurar que permanezcan juntas hasta llegar a los sistemas de recuperaci\u00f3n y reciclaje.<br \/>\nTapa y botella, juntas de principio a fin\u201d, explic\u00f3.<\/p>\n<p><img loading=\"lazy\" decoding=\"async\" class=\"aligncenter size-full wp-image-229253\" src=\"https:\/\/www.buroperiodistico.com.mx\/wp-content\/uploads\/2026\/09\/Olgax-II-3.jpg\" alt=\"\" width=\"640\" height=\"427\" srcset=\"https:\/\/www.buroperiodistico.com.mx\/wp-content\/uploads\/2026\/09\/Olgax-II-3.jpg 640w, https:\/\/www.buroperiodistico.com.mx\/wp-content\/uploads\/2026\/09\/Olgax-II-3-300x200.jpg 300w\" sizes=\"auto, (max-width: 640px) 100vw, 640px\" \/> <img loading=\"lazy\" decoding=\"async\" class=\"aligncenter size-full wp-image-229252\" src=\"https:\/\/www.buroperiodistico.com.mx\/wp-content\/uploads\/2026\/09\/Olgax-I-4.jpg\" alt=\"\" width=\"640\" height=\"426\" srcset=\"https:\/\/www.buroperiodistico.com.mx\/wp-content\/uploads\/2026\/09\/Olgax-I-4.jpg 640w, https:\/\/www.buroperiodistico.com.mx\/wp-content\/uploads\/2026\/09\/Olgax-I-4-300x200.jpg 300w\" sizes=\"auto, (max-width: 640px) 100vw, 640px\" \/><\/p>\n","protected":false},"excerpt":{"rendered":"<p>La senadora de Morena Olga Sosa presenta la iniciativa \u201cTapa y Botella Juntas\u201d, una reforma&#8230;<\/p>\n","protected":false},"author":1,"featured_media":229254,"comment_status":"closed","ping_status":"closed","sticky":false,"template":"","format":"standard","meta":{"footnotes":"","jetpack_publicize_message":"","jetpack_publicize_feature_enabled":true,"jetpack_social_post_already_shared":true,"jetpack_social_options":{"image_generator_settings":{"template":"highway","default_image_id":0,"font":"","enabled":false},"version":2}},"categories":[11],"tags":[],"class_list":["post-229251","post","type-post","status-publish","format-standard","has-post-thumbnail","hentry","category-nacional"],"jetpack_publicize_connections":[],"_links":{"self":[{"href":"https:\/\/www.buroperiodistico.com.mx\/index.php?rest_route=\/wp\/v2\/posts\/229251","targetHints":{"allow":["GET"]}}],"collection":[{"href":"https:\/\/www.buroperiodistico.com.mx\/index.php?rest_route=\/wp\/v2\/posts"}],"about":[{"href":"https:\/\/www.buroperiodistico.com.mx\/index.php?rest_route=\/wp\/v2\/types\/post"}],"author":[{"embeddable":true,"href":"https:\/\/www.buroperiodistico.com.mx\/index.php?rest_route=\/wp\/v2\/users\/1"}],"replies":[{"embeddable":true,"href":"https:\/\/www.buroperiodistico.com.mx\/index.php?rest_route=%2Fwp%2Fv2%2Fcomments&post=229251"}],"version-history":[{"count":1,"href":"https:\/\/www.buroperiodistico.com.mx\/index.php?rest_route=\/wp\/v2\/posts\/229251\/revisions"}],"predecessor-version":[{"id":229255,"href":"https:\/\/www.buroperiodistico.com.mx\/index.php?rest_route=\/wp\/v2\/posts\/229251\/revisions\/229255"}],"wp:featuredmedia":[{"embeddable":true,"href":"https:\/\/www.buroperiodistico.com.mx\/index.php?rest_route=\/wp\/v2\/media\/229254"}],"wp:attachment":[{"href":"https:\/\/www.buroperiodistico.com.mx\/index.php?rest_route=%2Fwp%2Fv2%2Fmedia&parent=229251"}],"wp:term":[{"taxonomy":"category","embeddable":true,"href":"https:\/\/www.buroperiodistico.com.mx\/index.php?rest_route=%2Fwp%2Fv2%2Fcategories&post=229251"},{"taxonomy":"post_tag","embeddable":true,"href":"https:\/\/www.buroperiodistico.com.mx\/index.php?rest_route=%2Fwp%2Fv2%2Ftags&post=229251"}],"curies":[{"name":"wp","href":"https:\/\/api.w.org\/{rel}","templated":true}]}}