{"id":229248,"date":"2026-09-04T11:35:23","date_gmt":"2026-09-04T16:35:23","guid":{"rendered":"https:\/\/www.buroperiodistico.com.mx\/?p=229248"},"modified":"2026-09-04T11:35:23","modified_gmt":"2026-09-04T16:35:23","slug":"inauguro-gobierno-de-carlos-pena-ortiz-el-festival-fotoseptiembre","status":"publish","type":"post","link":"https:\/\/www.buroperiodistico.com.mx\/?p=229248","title":{"rendered":"Inaugur\u00f3 Gobierno de Carlos Pe\u00f1a Ortiz el festival FOTOSEPTIEMBRE"},"content":{"rendered":"<p><em><strong><img loading=\"lazy\" decoding=\"async\" class=\" wp-image-229249 alignright\" src=\"https:\/\/www.buroperiodistico.com.mx\/wp-content\/uploads\/2026\/09\/Fotoxsep.jpg\" alt=\"\" width=\"549\" height=\"367\" srcset=\"https:\/\/www.buroperiodistico.com.mx\/wp-content\/uploads\/2026\/09\/Fotoxsep.jpg 1024w, https:\/\/www.buroperiodistico.com.mx\/wp-content\/uploads\/2026\/09\/Fotoxsep-300x201.jpg 300w, https:\/\/www.buroperiodistico.com.mx\/wp-content\/uploads\/2026\/09\/Fotoxsep-768x514.jpg 768w\" sizes=\"auto, (max-width: 549px) 100vw, 549px\" \/>Reynosa, Tam (4-Septiembre-2026).-<\/strong><\/em> Siguiendo instrucciones del Alcalde Carlos Pe\u00f1a Ortiz, el Instituto Reynosense para la Cultura y las Artes, IRCA, inaugur\u00f3 la exposici\u00f3n colectiva FOTOSEPTIEMBRE \/ Festival Internacional de Fotograf\u00eda de M\u00e9xico en el Museo Hist\u00f3rico Reynosa, con la participaci\u00f3n de 42 expositores.<\/p>\n<p>Este encuentro se realiza en colaboraci\u00f3n con el Centro de la Imagen a trav\u00e9s de la Red de la Imagen, un programa organizado por la comunidad fotogr\u00e1fica que otorga un alcance nacional e internacional al integrar a creadores de M\u00e9xico y el extranjero.<\/p>\n<p>Bajo el t\u00edtulo \u00abNaturalezas no humanas\u00bb, la edici\u00f3n 2026 propone una reflexi\u00f3n sobre el territorio, el paisaje y lo no humano desde perspectivas contempor\u00e1neas que superan la representaci\u00f3n tradicional de la naturaleza.<\/p>\n<p>La primera autoridad municipal invita a visitar la muestra, la cual estar\u00e1 vigente hasta el 8 de octubre en el Museo Hist\u00f3rico Reynosa. Los horarios de visita son de martes a viernes de 9:00 a 17:00 horas, y s\u00e1bados y domingos de 10:00 a 14:00 horas. La entrada es libre.<\/p>\n<p>#ReynosaImparable #Reynosa #Tamaulipas<\/p>\n","protected":false},"excerpt":{"rendered":"<p>Reynosa, Tam (4-Septiembre-2026).- Siguiendo instrucciones del Alcalde Carlos Pe\u00f1a Ortiz, el Instituto Reynosense para la&#8230;<\/p>\n","protected":false},"author":1,"featured_media":229249,"comment_status":"closed","ping_status":"closed","sticky":false,"template":"","format":"standard","meta":{"footnotes":"","jetpack_publicize_message":"","jetpack_publicize_feature_enabled":true,"jetpack_social_post_already_shared":true,"jetpack_social_options":{"image_generator_settings":{"template":"highway","default_image_id":0,"font":"","enabled":false},"version":2}},"categories":[9],"tags":[],"class_list":["post-229248","post","type-post","status-publish","format-standard","has-post-thumbnail","hentry","category-reynosa"],"jetpack_publicize_connections":[],"_links":{"self":[{"href":"https:\/\/www.buroperiodistico.com.mx\/index.php?rest_route=\/wp\/v2\/posts\/229248","targetHints":{"allow":["GET"]}}],"collection":[{"href":"https:\/\/www.buroperiodistico.com.mx\/index.php?rest_route=\/wp\/v2\/posts"}],"about":[{"href":"https:\/\/www.buroperiodistico.com.mx\/index.php?rest_route=\/wp\/v2\/types\/post"}],"author":[{"embeddable":true,"href":"https:\/\/www.buroperiodistico.com.mx\/index.php?rest_route=\/wp\/v2\/users\/1"}],"replies":[{"embeddable":true,"href":"https:\/\/www.buroperiodistico.com.mx\/index.php?rest_route=%2Fwp%2Fv2%2Fcomments&post=229248"}],"version-history":[{"count":1,"href":"https:\/\/www.buroperiodistico.com.mx\/index.php?rest_route=\/wp\/v2\/posts\/229248\/revisions"}],"predecessor-version":[{"id":229250,"href":"https:\/\/www.buroperiodistico.com.mx\/index.php?rest_route=\/wp\/v2\/posts\/229248\/revisions\/229250"}],"wp:featuredmedia":[{"embeddable":true,"href":"https:\/\/www.buroperiodistico.com.mx\/index.php?rest_route=\/wp\/v2\/media\/229249"}],"wp:attachment":[{"href":"https:\/\/www.buroperiodistico.com.mx\/index.php?rest_route=%2Fwp%2Fv2%2Fmedia&parent=229248"}],"wp:term":[{"taxonomy":"category","embeddable":true,"href":"https:\/\/www.buroperiodistico.com.mx\/index.php?rest_route=%2Fwp%2Fv2%2Fcategories&post=229248"},{"taxonomy":"post_tag","embeddable":true,"href":"https:\/\/www.buroperiodistico.com.mx\/index.php?rest_route=%2Fwp%2Fv2%2Ftags&post=229248"}],"curies":[{"name":"wp","href":"https:\/\/api.w.org\/{rel}","templated":true}]}}