{"id":229242,"date":"2026-09-04T11:28:13","date_gmt":"2026-09-04T16:28:13","guid":{"rendered":"https:\/\/www.buroperiodistico.com.mx\/?p=229242"},"modified":"2026-09-04T11:28:13","modified_gmt":"2026-09-04T16:28:13","slug":"mas-de-5-millones-de-turistas-vacacionaron-en-tamaulipas","status":"publish","type":"post","link":"https:\/\/www.buroperiodistico.com.mx\/?p=229242","title":{"rendered":"M\u00e1s de 5 millones de turistas vacacionaron en Tamaulipas"},"content":{"rendered":"<ul>\n<li><strong><em>La Secretar\u00eda de Turismo de Tamaulipas dio a conocer el reporte final del periodo vacacional de verano de 2026<\/em><\/strong><\/li>\n<\/ul>\n<p><strong><img loading=\"lazy\" decoding=\"async\" class=\" wp-image-229246 alignright\" src=\"https:\/\/www.buroperiodistico.com.mx\/wp-content\/uploads\/2026\/09\/STUTamaulipas-1.jpeg\" alt=\"\" width=\"446\" height=\"251\" srcset=\"https:\/\/www.buroperiodistico.com.mx\/wp-content\/uploads\/2026\/09\/STUTamaulipas-1.jpeg 1024w, https:\/\/www.buroperiodistico.com.mx\/wp-content\/uploads\/2026\/09\/STUTamaulipas-1-300x169.jpeg 300w, https:\/\/www.buroperiodistico.com.mx\/wp-content\/uploads\/2026\/09\/STUTamaulipas-1-768x432.jpeg 768w\" sizes=\"auto, (max-width: 446px) 100vw, 446px\" \/>Ciudad Victoria, Tamaulipas (4-Septiembre-2026).-<\/strong> Tras el cierre de las plataformas municipales y del Sistema Estatal para la Afluencia Tur\u00edstica del Estado, la Secretar\u00eda de Turismo de Tamaulipas dio a conocer las cifras finales en materia de visitantes y derrama econ\u00f3mica del amplio abanico de destinos tur\u00edsticos con que cuenta el estado.<\/p>\n<p>Benjam\u00edn Hern\u00e1ndez Rodr\u00edguez, secretario de Turismo de Tamaulipas, destac\u00f3 tambi\u00e9n que la derrama econ\u00f3mica generada en el mismo periodo vacacional super\u00f3 los 4 mil 693 millones de pesos.<\/p>\n<p>En este sentido, dijo que la percepci\u00f3n de seguridad del estado, el reforzamiento de la seguridad con Estaciones Seguras, inversi\u00f3n en infraestructura tur\u00edstica y de conectividad, entre otras estrategias m\u00e1s, implementadas por el gobernador Am\u00e9rico Villarreal Anaya se traducen en m\u00e1s visitantes, m\u00e1s derrama, inversi\u00f3n y desarrollo comunitario en pro de la poblaci\u00f3n.<\/p>\n<p>El nuevo r\u00e9cord hist\u00f3rico de visitas supera en 20.34 por ciento a los 4.1 millones de visitantes registrados en el mismo periodo de 2025, al lograr en este periodo vacacional de 2026 m\u00e1s de cinco millones de visitantes, esto es 5 millones 46 mil visitantes.<\/p>\n<p>Mientras que los cinco destinos m\u00e1s visitados de la entidad fueron: Ciudad Madero con 1 mill\u00f3n 951 mil 137; el puerto de Tampico en segundo lugar con 961 mil 870; en tercer sitio estuvo Soto la Marina con 301 mil 646, mientras que el puerto de Altamira con 197 mil 529 y Nuevo Laredo con 141 mil 910.<\/p>\n<p>Finalmente coment\u00f3 que el Sistema Estatal para la Afluencia Tur\u00edstica se integra con la informaci\u00f3n que generan los mismos destinos tur\u00edsticos, por lo que hay datos preliminares hasta el cierre que se dan los n\u00fameros finales.<\/p>\n<p><img loading=\"lazy\" decoding=\"async\" class=\"aligncenter size-full wp-image-229244\" src=\"https:\/\/www.buroperiodistico.com.mx\/wp-content\/uploads\/2026\/09\/STUTamaulipas-I-1.jpeg\" alt=\"\" width=\"640\" height=\"427\" srcset=\"https:\/\/www.buroperiodistico.com.mx\/wp-content\/uploads\/2026\/09\/STUTamaulipas-I-1.jpeg 640w, https:\/\/www.buroperiodistico.com.mx\/wp-content\/uploads\/2026\/09\/STUTamaulipas-I-1-300x200.jpeg 300w\" sizes=\"auto, (max-width: 640px) 100vw, 640px\" \/> <img loading=\"lazy\" decoding=\"async\" class=\"aligncenter size-full wp-image-229245\" src=\"https:\/\/www.buroperiodistico.com.mx\/wp-content\/uploads\/2026\/09\/STUTamaulipas-II.jpeg\" alt=\"\" width=\"640\" height=\"360\" srcset=\"https:\/\/www.buroperiodistico.com.mx\/wp-content\/uploads\/2026\/09\/STUTamaulipas-II.jpeg 640w, https:\/\/www.buroperiodistico.com.mx\/wp-content\/uploads\/2026\/09\/STUTamaulipas-II-300x169.jpeg 300w\" sizes=\"auto, (max-width: 640px) 100vw, 640px\" \/><\/p>\n","protected":false},"excerpt":{"rendered":"<p>La Secretar\u00eda de Turismo de Tamaulipas dio a conocer el reporte final del periodo vacacional&#8230;<\/p>\n","protected":false},"author":1,"featured_media":229246,"comment_status":"closed","ping_status":"closed","sticky":false,"template":"","format":"standard","meta":{"footnotes":"","jetpack_publicize_message":"","jetpack_publicize_feature_enabled":true,"jetpack_social_post_already_shared":true,"jetpack_social_options":{"image_generator_settings":{"template":"highway","default_image_id":0,"font":"","enabled":false},"version":2}},"categories":[10],"tags":[],"class_list":["post-229242","post","type-post","status-publish","format-standard","has-post-thumbnail","hentry","category-tamaulipas"],"jetpack_publicize_connections":[],"_links":{"self":[{"href":"https:\/\/www.buroperiodistico.com.mx\/index.php?rest_route=\/wp\/v2\/posts\/229242","targetHints":{"allow":["GET"]}}],"collection":[{"href":"https:\/\/www.buroperiodistico.com.mx\/index.php?rest_route=\/wp\/v2\/posts"}],"about":[{"href":"https:\/\/www.buroperiodistico.com.mx\/index.php?rest_route=\/wp\/v2\/types\/post"}],"author":[{"embeddable":true,"href":"https:\/\/www.buroperiodistico.com.mx\/index.php?rest_route=\/wp\/v2\/users\/1"}],"replies":[{"embeddable":true,"href":"https:\/\/www.buroperiodistico.com.mx\/index.php?rest_route=%2Fwp%2Fv2%2Fcomments&post=229242"}],"version-history":[{"count":2,"href":"https:\/\/www.buroperiodistico.com.mx\/index.php?rest_route=\/wp\/v2\/posts\/229242\/revisions"}],"predecessor-version":[{"id":229247,"href":"https:\/\/www.buroperiodistico.com.mx\/index.php?rest_route=\/wp\/v2\/posts\/229242\/revisions\/229247"}],"wp:featuredmedia":[{"embeddable":true,"href":"https:\/\/www.buroperiodistico.com.mx\/index.php?rest_route=\/wp\/v2\/media\/229246"}],"wp:attachment":[{"href":"https:\/\/www.buroperiodistico.com.mx\/index.php?rest_route=%2Fwp%2Fv2%2Fmedia&parent=229242"}],"wp:term":[{"taxonomy":"category","embeddable":true,"href":"https:\/\/www.buroperiodistico.com.mx\/index.php?rest_route=%2Fwp%2Fv2%2Fcategories&post=229242"},{"taxonomy":"post_tag","embeddable":true,"href":"https:\/\/www.buroperiodistico.com.mx\/index.php?rest_route=%2Fwp%2Fv2%2Ftags&post=229242"}],"curies":[{"name":"wp","href":"https:\/\/api.w.org\/{rel}","templated":true}]}}