{"id":229234,"date":"2026-09-04T10:41:01","date_gmt":"2026-09-04T15:41:01","guid":{"rendered":"https:\/\/www.buroperiodistico.com.mx\/?p=229234"},"modified":"2026-09-04T10:41:01","modified_gmt":"2026-09-04T15:41:01","slug":"acompana-dif-reynosa-a-mujeres-con-campana-de-protesis-externa-de-mama","status":"publish","type":"post","link":"https:\/\/www.buroperiodistico.com.mx\/?p=229234","title":{"rendered":"Acompa\u00f1a DIF-Reynosa a mujeres con campa\u00f1a de pr\u00f3tesis externa de mama"},"content":{"rendered":"<ul>\n<li><strong><em>Registro abierto, cupo limitado.<\/em><\/strong><\/li>\n<\/ul>\n<p><strong>Reynosa, Tam (4-Septiembre-2026).-<\/strong> El Sistema DIF-Reynosa que encabeza Carlos Luis Pe\u00f1a Garza, mantiene abierta la Campa\u00f1a de Pr\u00f3tesis Externa de Mama 2026, dirigida a mujeres que han pasado por una mastectom\u00eda y requieren este apoyo para continuar con su proceso de recuperaci\u00f3n.<\/p>\n<p>Las interesadas pueden realizar su registro de manera presencial en DIF Central, ubicado en Blvd. Miguel Hidalgo #1900, en la colonia Hidalgo, en horario de 8:00 de la ma\u00f1ana a 4:00 de la tarde.<\/p>\n<p>El cupo es limitado, por lo que el Sistema DIF-Reynosa invita a las mujeres que puedan beneficiarse de esta campa\u00f1a, o a familiares que conozcan alg\u00fan caso, a acudir a realizar el registro: para mayores informes est\u00e1 disponible el tel\u00e9fono 8999230432.<\/p>\n<p><img loading=\"lazy\" decoding=\"async\" class=\"aligncenter  wp-image-229235\" src=\"https:\/\/www.buroperiodistico.com.mx\/wp-content\/uploads\/2026\/09\/campx.jpg\" alt=\"\" width=\"940\" height=\"508\" srcset=\"https:\/\/www.buroperiodistico.com.mx\/wp-content\/uploads\/2026\/09\/campx.jpg 1110w, https:\/\/www.buroperiodistico.com.mx\/wp-content\/uploads\/2026\/09\/campx-300x162.jpg 300w, https:\/\/www.buroperiodistico.com.mx\/wp-content\/uploads\/2026\/09\/campx-1024x554.jpg 1024w, https:\/\/www.buroperiodistico.com.mx\/wp-content\/uploads\/2026\/09\/campx-768x415.jpg 768w\" sizes=\"auto, (max-width: 940px) 100vw, 940px\" \/><\/p>\n","protected":false},"excerpt":{"rendered":"<p>Registro abierto, cupo limitado. Reynosa, Tam (4-Septiembre-2026).- El Sistema DIF-Reynosa que encabeza Carlos Luis Pe\u00f1a&#8230;<\/p>\n","protected":false},"author":1,"featured_media":229235,"comment_status":"closed","ping_status":"closed","sticky":false,"template":"","format":"standard","meta":{"footnotes":"","jetpack_publicize_message":"","jetpack_publicize_feature_enabled":true,"jetpack_social_post_already_shared":true,"jetpack_social_options":{"image_generator_settings":{"template":"highway","default_image_id":0,"font":"","enabled":false},"version":2}},"categories":[9],"tags":[],"class_list":["post-229234","post","type-post","status-publish","format-standard","has-post-thumbnail","hentry","category-reynosa"],"jetpack_publicize_connections":[],"_links":{"self":[{"href":"https:\/\/www.buroperiodistico.com.mx\/index.php?rest_route=\/wp\/v2\/posts\/229234","targetHints":{"allow":["GET"]}}],"collection":[{"href":"https:\/\/www.buroperiodistico.com.mx\/index.php?rest_route=\/wp\/v2\/posts"}],"about":[{"href":"https:\/\/www.buroperiodistico.com.mx\/index.php?rest_route=\/wp\/v2\/types\/post"}],"author":[{"embeddable":true,"href":"https:\/\/www.buroperiodistico.com.mx\/index.php?rest_route=\/wp\/v2\/users\/1"}],"replies":[{"embeddable":true,"href":"https:\/\/www.buroperiodistico.com.mx\/index.php?rest_route=%2Fwp%2Fv2%2Fcomments&post=229234"}],"version-history":[{"count":1,"href":"https:\/\/www.buroperiodistico.com.mx\/index.php?rest_route=\/wp\/v2\/posts\/229234\/revisions"}],"predecessor-version":[{"id":229236,"href":"https:\/\/www.buroperiodistico.com.mx\/index.php?rest_route=\/wp\/v2\/posts\/229234\/revisions\/229236"}],"wp:featuredmedia":[{"embeddable":true,"href":"https:\/\/www.buroperiodistico.com.mx\/index.php?rest_route=\/wp\/v2\/media\/229235"}],"wp:attachment":[{"href":"https:\/\/www.buroperiodistico.com.mx\/index.php?rest_route=%2Fwp%2Fv2%2Fmedia&parent=229234"}],"wp:term":[{"taxonomy":"category","embeddable":true,"href":"https:\/\/www.buroperiodistico.com.mx\/index.php?rest_route=%2Fwp%2Fv2%2Fcategories&post=229234"},{"taxonomy":"post_tag","embeddable":true,"href":"https:\/\/www.buroperiodistico.com.mx\/index.php?rest_route=%2Fwp%2Fv2%2Ftags&post=229234"}],"curies":[{"name":"wp","href":"https:\/\/api.w.org\/{rel}","templated":true}]}}