{"id":229230,"date":"2026-09-04T10:35:11","date_gmt":"2026-09-04T15:35:11","guid":{"rendered":"https:\/\/www.buroperiodistico.com.mx\/?p=229230"},"modified":"2026-09-04T10:35:11","modified_gmt":"2026-09-04T15:35:11","slug":"realizo-municipio-limpieza-de-vialidades-en-distintos-sectores-de-la-ciudad","status":"publish","type":"post","link":"https:\/\/www.buroperiodistico.com.mx\/?p=229230","title":{"rendered":"Realiz\u00f3 Municipio limpieza de vialidades en distintos sectores de la ciudad"},"content":{"rendered":"<p><em><strong><img loading=\"lazy\" decoding=\"async\" class=\" wp-image-229232 alignright\" src=\"https:\/\/www.buroperiodistico.com.mx\/wp-content\/uploads\/2026\/09\/SPx-1.jpg\" alt=\"\" width=\"543\" height=\"370\" srcset=\"https:\/\/www.buroperiodistico.com.mx\/wp-content\/uploads\/2026\/09\/SPx-1.jpg 1024w, https:\/\/www.buroperiodistico.com.mx\/wp-content\/uploads\/2026\/09\/SPx-1-300x204.jpg 300w, https:\/\/www.buroperiodistico.com.mx\/wp-content\/uploads\/2026\/09\/SPx-1-768x524.jpg 768w\" sizes=\"auto, (max-width: 543px) 100vw, 543px\" \/>Reynosa, Tam (4-Septiembre-2026).-<\/strong><\/em> Por instrucciones del Alcalde de Reynosa, Carlos Pe\u00f1a Ortiz, se llevaron a cabo labores de limpieza de vialidades en distintos sectores de la ciudad, como parte de las acciones permanentes para mantener calles y accesos en mejores condiciones para las familias.<\/p>\n<p>El trabajo fue coordinado por el Secretario de Servicios P\u00fablicos, Jos\u00e9 Antonio Ch\u00e1vez Herrera, a trav\u00e9s de las cuadrillas de limpieza que realizaron barrido, retiro de basura y desechos acumulados sobre las vialidades, fortaleciendo la imagen urbana y la seguridad vial.<\/p>\n<p>#ReynosaImparable<br \/>\n#GobiernoMunicipalDeReynosa<\/p>\n<p><img loading=\"lazy\" decoding=\"async\" class=\"aligncenter size-full wp-image-229231\" src=\"https:\/\/www.buroperiodistico.com.mx\/wp-content\/uploads\/2026\/09\/SPx-I.jpg\" alt=\"\" width=\"640\" height=\"480\" srcset=\"https:\/\/www.buroperiodistico.com.mx\/wp-content\/uploads\/2026\/09\/SPx-I.jpg 640w, https:\/\/www.buroperiodistico.com.mx\/wp-content\/uploads\/2026\/09\/SPx-I-300x225.jpg 300w\" sizes=\"auto, (max-width: 640px) 100vw, 640px\" \/><\/p>\n","protected":false},"excerpt":{"rendered":"<p>Reynosa, Tam (4-Septiembre-2026).- Por instrucciones del Alcalde de Reynosa, Carlos Pe\u00f1a Ortiz, se llevaron a&#8230;<\/p>\n","protected":false},"author":1,"featured_media":229232,"comment_status":"closed","ping_status":"closed","sticky":false,"template":"","format":"standard","meta":{"footnotes":"","jetpack_publicize_message":"","jetpack_publicize_feature_enabled":true,"jetpack_social_post_already_shared":true,"jetpack_social_options":{"image_generator_settings":{"template":"highway","default_image_id":0,"font":"","enabled":false},"version":2}},"categories":[9],"tags":[],"class_list":["post-229230","post","type-post","status-publish","format-standard","has-post-thumbnail","hentry","category-reynosa"],"jetpack_publicize_connections":[],"_links":{"self":[{"href":"https:\/\/www.buroperiodistico.com.mx\/index.php?rest_route=\/wp\/v2\/posts\/229230","targetHints":{"allow":["GET"]}}],"collection":[{"href":"https:\/\/www.buroperiodistico.com.mx\/index.php?rest_route=\/wp\/v2\/posts"}],"about":[{"href":"https:\/\/www.buroperiodistico.com.mx\/index.php?rest_route=\/wp\/v2\/types\/post"}],"author":[{"embeddable":true,"href":"https:\/\/www.buroperiodistico.com.mx\/index.php?rest_route=\/wp\/v2\/users\/1"}],"replies":[{"embeddable":true,"href":"https:\/\/www.buroperiodistico.com.mx\/index.php?rest_route=%2Fwp%2Fv2%2Fcomments&post=229230"}],"version-history":[{"count":1,"href":"https:\/\/www.buroperiodistico.com.mx\/index.php?rest_route=\/wp\/v2\/posts\/229230\/revisions"}],"predecessor-version":[{"id":229233,"href":"https:\/\/www.buroperiodistico.com.mx\/index.php?rest_route=\/wp\/v2\/posts\/229230\/revisions\/229233"}],"wp:featuredmedia":[{"embeddable":true,"href":"https:\/\/www.buroperiodistico.com.mx\/index.php?rest_route=\/wp\/v2\/media\/229232"}],"wp:attachment":[{"href":"https:\/\/www.buroperiodistico.com.mx\/index.php?rest_route=%2Fwp%2Fv2%2Fmedia&parent=229230"}],"wp:term":[{"taxonomy":"category","embeddable":true,"href":"https:\/\/www.buroperiodistico.com.mx\/index.php?rest_route=%2Fwp%2Fv2%2Fcategories&post=229230"},{"taxonomy":"post_tag","embeddable":true,"href":"https:\/\/www.buroperiodistico.com.mx\/index.php?rest_route=%2Fwp%2Fv2%2Ftags&post=229230"}],"curies":[{"name":"wp","href":"https:\/\/api.w.org\/{rel}","templated":true}]}}