{"id":229220,"date":"2026-09-03T21:54:17","date_gmt":"2026-09-04T02:54:17","guid":{"rendered":"https:\/\/www.buroperiodistico.com.mx\/?p=229220"},"modified":"2026-09-03T21:54:17","modified_gmt":"2026-09-04T02:54:17","slug":"ante-el-gobernador-y-una-amplia-representacion-estatal-carmen-lilia-afirma-nuevo-laredo-cambio","status":"publish","type":"post","link":"https:\/\/www.buroperiodistico.com.mx\/?p=229220","title":{"rendered":"ANTE EL GOBERNADOR Y UNA AMPLIA REPRESENTACI\u00d3N ESTATAL, CARMEN LILIA AFIRMA: NUEVO LAREDO CAMBI\u00d3"},"content":{"rendered":"<p><em><strong><img loading=\"lazy\" decoding=\"async\" class=\" wp-image-229225 alignright\" src=\"https:\/\/www.buroperiodistico.com.mx\/wp-content\/uploads\/2026\/09\/Carmenx.jpg\" alt=\"\" width=\"495\" height=\"324\" srcset=\"https:\/\/www.buroperiodistico.com.mx\/wp-content\/uploads\/2026\/09\/Carmenx.jpg 1024w, https:\/\/www.buroperiodistico.com.mx\/wp-content\/uploads\/2026\/09\/Carmenx-300x197.jpg 300w, https:\/\/www.buroperiodistico.com.mx\/wp-content\/uploads\/2026\/09\/Carmenx-768x503.jpg 768w\" sizes=\"auto, (max-width: 495px) 100vw, 495px\" \/>NUEVO LAREDO, TAMAULIPAS (3-Septiembre-2026).-<\/strong><\/em> Ante el gobernador Am\u00e9rico Villarreal Anaya y una amplia representaci\u00f3n pol\u00edtica e institucional de Tamaulipas, la presidenta municipal Carmen Lilia Canturosas Villarreal present\u00f3 su Segundo Informe de Gobierno, en el que afirm\u00f3 que Nuevo Laredo vive una transformaci\u00f3n que hoy puede verse, sentirse y medirse en resultados concretos.<\/p>\n<p>El acto reuni\u00f3 a los titulares de los poderes Ejecutivo y Legislativo del Estado, as\u00ed como a senadoras, diputadas y diputados federales, 18 integrantes del Congreso de Tamaulipas, presidentas y presidentes municipales, representantes del Gobierno de M\u00e9xico y del Gobierno del Estado, autoridades consulares y binacionales, adem\u00e1s de representantes de los sectores productivos, educativos y sociales.<\/p>\n<p>\u201cHoy puedo decirlo con orgullo, con humildad y con la frente en alto: Nuevo Laredo cambi\u00f3. Cambi\u00f3 porque dejamos atr\u00e1s la simulaci\u00f3n y construimos un gobierno de resultados. Cambi\u00f3 porque recuperamos nuestro rumbo y porque nuestra gente volvi\u00f3 a creer que su gobierno pod\u00eda estar a la altura de su ciudad\u201d, expres\u00f3 Canturosas Villarreal.<\/p>\n<p>Uno de los resultados centrales del Informe fue la liquidaci\u00f3n total de la deuda hist\u00f3rica de 580 millones de pesos que recibi\u00f3 el municipio en 2021. El compromiso, originalmente planteado para 2027, fue cumplido un a\u00f1o antes y sin detener la inversi\u00f3n en obra p\u00fablica ni los programas sociales.<\/p>\n<p>Al mismo tiempo, el Gobierno Municipal ha invertido m\u00e1s de 7 mil 445 millones de pesos en obra p\u00fablica, consolidando m\u00e1s de 1,690 obras en beneficio de las familias neolaredenses.<\/p>\n<p>Los resultados presentados cuentan adem\u00e1s con el respaldo de evaluaciones externas. De acuerdo con la ENSU del INEGI, Nuevo Laredo es el gobierno municipal mejor evaluado de Tamaulipas en efectividad para resolver las principales problem\u00e1ticas urbanas y se encuentra entre los cuatro primeros del pa\u00eds.<\/p>\n<p>Adem\u00e1s, la Secretar\u00eda de Gobernaci\u00f3n, a trav\u00e9s del INAFED, reconoci\u00f3 al municipio con el resultado m\u00e1s alto de Tamaulipas entre los evaluados en la Gu\u00eda Consultiva de Desempe\u00f1o Municipal.<\/p>\n<p>La presidenta municipal se\u00f1al\u00f3 que una parte fundamental de la inversi\u00f3n se ha destinado a resolver problemas estructurales que durante d\u00e9cadas fueron postergados.<\/p>\n<p>A la fecha se han rehabilitado y construido m\u00e1s de 60 kil\u00f3metros de colectores, subcolectores y drenaje sanitario y pluvial, con una inversi\u00f3n superior a los 2 mil 500 millones de pesos.<\/p>\n<p>Estas acciones forman parte tambi\u00e9n del saneamiento del R\u00edo Bravo, un esfuerzo que trasciende los l\u00edmites del municipio y contribuye al bienestar de las comunidades de la frontera tamaulipeca ubicadas aguas abajo.<\/p>\n<p>\u201cNo venimos a maquillar la ciudad. Venimos a transformarla desde sus cimientos\u201d, afirm\u00f3.<\/p>\n<p>En salud, educaci\u00f3n y bienestar, inform\u00f3 que Nuevo Laredo cuenta actualmente con 13 Cl\u00ednicas UNE, se han recuperado 315 espacios p\u00fablicos, intervenido 251 planteles educativos y entregado m\u00e1s de 54 mil becas. A estos resultados se suma CONECTAT: Al futuro, programa que beneficiar\u00e1 con conectividad gratuita a 10 mil estudiantes universitarios.<\/p>\n<p>Canturosas Villarreal sostuvo que la transformaci\u00f3n de Nuevo Laredo tiene tambi\u00e9n una dimensi\u00f3n estatal por el papel de la ciudad como principal frontera comercial terrestre de M\u00e9xico y por su aportaci\u00f3n a la econom\u00eda, la log\u00edstica y la competitividad de Tamaulipas.<\/p>\n<p><img loading=\"lazy\" decoding=\"async\" class=\"size-full wp-image-229221 alignleft\" src=\"https:\/\/www.buroperiodistico.com.mx\/wp-content\/uploads\/2026\/09\/Carmenx-I.jpg\" alt=\"\" width=\"640\" height=\"428\" srcset=\"https:\/\/www.buroperiodistico.com.mx\/wp-content\/uploads\/2026\/09\/Carmenx-I.jpg 640w, https:\/\/www.buroperiodistico.com.mx\/wp-content\/uploads\/2026\/09\/Carmenx-I-300x201.jpg 300w\" sizes=\"auto, (max-width: 640px) 100vw, 640px\" \/>En ese contexto, destac\u00f3 la conclusi\u00f3n del segundo puente vehicular y del tramo carretero pendiente del Libramiento MEX II, una obra esperada durante m\u00e1s de 25 a\u00f1os y en la que el Gobierno Municipal invirti\u00f3 m\u00e1s de 283 millones de pesos para mejorar la seguridad y movilidad de quienes diariamente participan en el comercio exterior del pa\u00eds.<\/p>\n<p>Asimismo, se\u00f1al\u00f3 que Nuevo Laredo ocupa el primer lugar nacional en Mercado de Trabajo entre las ciudades de 250 mil a 500 mil habitantes, de acuerdo con el \u00cdndice de Competitividad Urbana del IMCO, y forma parte de proyectos estrat\u00e9gicos nacionales como el Tren del Golfo de M\u00e9xico, la modernizaci\u00f3n del Puente del Comercio Mundial y el fortalecimiento de la infraestructura aduanera.<\/p>\n<p>En materia de seguridad, Carmen Lilia destac\u00f3 que, de acuerdo con la ENSU del INEGI, Nuevo Laredo es la ciudad de Tamaulipas donde menos personas perciben inseguridad. Adem\u00e1s, durante el primer semestre de 2026 registr\u00f3 la menor tasa de incidencia delictiva entre las principales ciudades del estado.<\/p>\n<p>La alcaldesa reconoci\u00f3 estos resultados como producto de la coordinaci\u00f3n y del trabajo que encabeza el gobernador Am\u00e9rico Villarreal junto con las instituciones federales y estatales.<\/p>\n<p>Ante el mandatario estatal, Carmen Lilia reconoci\u00f3 la coordinaci\u00f3n entre el Gobierno Municipal y el Gobierno de Tamaulipas para impulsar proyectos de infraestructura, saneamiento, movilidad y bienestar.<\/p>\n<p>\u201cSe\u00f1or Gobernador: en Nuevo Laredo reconocemos su visi\u00f3n humanista y su forma responsable y honesta de gobernar. Gracias a la coordinaci\u00f3n con su gobierno hemos avanzado en infraestructura, saneamiento, movilidad y bienestar. Su respaldo ha sido fundamental, y se lo reconocemos con gratitud y con resultados\u201d, expres\u00f3.<\/p>\n<p>Canturosas Villarreal agradeci\u00f3 tambi\u00e9n a la presidenta de M\u00e9xico, Claudia Sheinbaum Pardo, por los proyectos que fortalecen a Nuevo Laredo y destac\u00f3 la importancia de la coordinaci\u00f3n entre Federaci\u00f3n, Estado y Municipio para seguir ampliando la infraestructura, la educaci\u00f3n, la salud y las oportunidades de desarrollo.<\/p>\n<p>Entre quienes acompa\u00f1aron el Informe estuvieron Humberto Prieto Herrera, presidente de la Junta de Gobierno del Congreso de Tamaulipas; las senadoras Olga Sosa Ruiz y Maki Ortiz Dom\u00ednguez; cuatro diputadas y diputados federales; 18 legisladoras y legisladores locales; as\u00ed como Mar\u00eda de Lourdes Puente Vizcarra, delegada de Programas para el Bienestar en Tamaulipas.<\/p>\n<p>Tambi\u00e9n estuvieron presentes los presidentes municipales de Ciudad Victoria, Eduardo Gatt\u00e1s B\u00e1ez; Reynosa, Carlos Pe\u00f1a Ortiz; Altamira, Armando Mart\u00ednez Manr\u00edquez; e Hidalgo, Praxedis Guajardo Reyna; adem\u00e1s del diputado federal y dirigente nacional de CATEM, Pedro Haces Barba, integrantes del gabinete estatal y representantes de otros municipios.<\/p>\n<p>La dimensi\u00f3n binacional estuvo representada por el alcalde de Laredo, Texas, V\u00edctor Trevi\u00f1o; el C\u00f3nsul General de Estados Unidos en Nuevo Laredo, Charlie J. Franta III; y el C\u00f3nsul General de M\u00e9xico en Laredo, Texas, Juan Carlos Mendoza S\u00e1nchez.<\/p>\n<p>Canturosas Villarreal sostuvo que el futuro de Nuevo Laredo no est\u00e1 separado del futuro de Tamaulipas y afirm\u00f3 que los resultados construidos desde esta frontera aportan a una visi\u00f3n de desarrollo con bienestar para todo el estado.<\/p>\n<p>\u201cLo que hemos hecho aqu\u00ed no debe quedarse solamente aqu\u00ed. Debe inspirar. Debe compartirse. Debe crecer\u201d, afirm\u00f3.<\/p>\n<p>Al concluir su Segundo Informe, Carmen Lilia refrend\u00f3 su compromiso de mantener el ritmo de trabajo, profundizar los avances alcanzados y seguir construyendo una ciudad con finanzas sanas, infraestructura s\u00f3lida, bienestar, inversi\u00f3n y oportunidades.<\/p>\n<p>\u201cNuevo Laredo cambi\u00f3, s\u00ed. Pero esta transformaci\u00f3n no se detiene\u201d, concluy\u00f3.<\/p>\n<p><img loading=\"lazy\" decoding=\"async\" class=\"aligncenter size-full wp-image-229222\" src=\"https:\/\/www.buroperiodistico.com.mx\/wp-content\/uploads\/2026\/09\/Carmenx-II.jpg\" alt=\"\" width=\"640\" height=\"428\" srcset=\"https:\/\/www.buroperiodistico.com.mx\/wp-content\/uploads\/2026\/09\/Carmenx-II.jpg 640w, https:\/\/www.buroperiodistico.com.mx\/wp-content\/uploads\/2026\/09\/Carmenx-II-300x201.jpg 300w\" sizes=\"auto, (max-width: 640px) 100vw, 640px\" \/> <img loading=\"lazy\" decoding=\"async\" class=\"aligncenter size-full wp-image-229224\" src=\"https:\/\/www.buroperiodistico.com.mx\/wp-content\/uploads\/2026\/09\/Carmenx-IIII.jpg\" alt=\"\" width=\"640\" height=\"428\" srcset=\"https:\/\/www.buroperiodistico.com.mx\/wp-content\/uploads\/2026\/09\/Carmenx-IIII.jpg 640w, https:\/\/www.buroperiodistico.com.mx\/wp-content\/uploads\/2026\/09\/Carmenx-IIII-300x201.jpg 300w\" sizes=\"auto, (max-width: 640px) 100vw, 640px\" \/> <img loading=\"lazy\" decoding=\"async\" class=\"aligncenter size-full wp-image-229223\" src=\"https:\/\/www.buroperiodistico.com.mx\/wp-content\/uploads\/2026\/09\/Carmenx-III.jpg\" alt=\"\" width=\"640\" height=\"427\" srcset=\"https:\/\/www.buroperiodistico.com.mx\/wp-content\/uploads\/2026\/09\/Carmenx-III.jpg 640w, https:\/\/www.buroperiodistico.com.mx\/wp-content\/uploads\/2026\/09\/Carmenx-III-300x200.jpg 300w\" sizes=\"auto, (max-width: 640px) 100vw, 640px\" \/><\/p>\n","protected":false},"excerpt":{"rendered":"<p>NUEVO LAREDO, TAMAULIPAS (3-Septiembre-2026).- Ante el gobernador Am\u00e9rico Villarreal Anaya y una amplia representaci\u00f3n pol\u00edtica&#8230;<\/p>\n","protected":false},"author":1,"featured_media":229225,"comment_status":"closed","ping_status":"closed","sticky":false,"template":"","format":"standard","meta":{"footnotes":"","jetpack_publicize_message":"","jetpack_publicize_feature_enabled":true,"jetpack_social_post_already_shared":true,"jetpack_social_options":{"image_generator_settings":{"template":"highway","default_image_id":0,"font":"","enabled":false},"version":2}},"categories":[16,25],"tags":[],"class_list":["post-229220","post","type-post","status-publish","format-standard","has-post-thumbnail","hentry","category-nuevolaredo","category-portada"],"jetpack_publicize_connections":[],"_links":{"self":[{"href":"https:\/\/www.buroperiodistico.com.mx\/index.php?rest_route=\/wp\/v2\/posts\/229220","targetHints":{"allow":["GET"]}}],"collection":[{"href":"https:\/\/www.buroperiodistico.com.mx\/index.php?rest_route=\/wp\/v2\/posts"}],"about":[{"href":"https:\/\/www.buroperiodistico.com.mx\/index.php?rest_route=\/wp\/v2\/types\/post"}],"author":[{"embeddable":true,"href":"https:\/\/www.buroperiodistico.com.mx\/index.php?rest_route=\/wp\/v2\/users\/1"}],"replies":[{"embeddable":true,"href":"https:\/\/www.buroperiodistico.com.mx\/index.php?rest_route=%2Fwp%2Fv2%2Fcomments&post=229220"}],"version-history":[{"count":1,"href":"https:\/\/www.buroperiodistico.com.mx\/index.php?rest_route=\/wp\/v2\/posts\/229220\/revisions"}],"predecessor-version":[{"id":229226,"href":"https:\/\/www.buroperiodistico.com.mx\/index.php?rest_route=\/wp\/v2\/posts\/229220\/revisions\/229226"}],"wp:featuredmedia":[{"embeddable":true,"href":"https:\/\/www.buroperiodistico.com.mx\/index.php?rest_route=\/wp\/v2\/media\/229225"}],"wp:attachment":[{"href":"https:\/\/www.buroperiodistico.com.mx\/index.php?rest_route=%2Fwp%2Fv2%2Fmedia&parent=229220"}],"wp:term":[{"taxonomy":"category","embeddable":true,"href":"https:\/\/www.buroperiodistico.com.mx\/index.php?rest_route=%2Fwp%2Fv2%2Fcategories&post=229220"},{"taxonomy":"post_tag","embeddable":true,"href":"https:\/\/www.buroperiodistico.com.mx\/index.php?rest_route=%2Fwp%2Fv2%2Ftags&post=229220"}],"curies":[{"name":"wp","href":"https:\/\/api.w.org\/{rel}","templated":true}]}}