{"id":229201,"date":"2026-09-03T21:26:19","date_gmt":"2026-09-04T02:26:19","guid":{"rendered":"https:\/\/www.buroperiodistico.com.mx\/?p=229201"},"modified":"2026-09-03T21:26:19","modified_gmt":"2026-09-04T02:26:19","slug":"fortalece-stps-el-control-interno-y-la-rendicion-de-cuentas-mediante-sesion-del-cocodi","status":"publish","type":"post","link":"https:\/\/www.buroperiodistico.com.mx\/?p=229201","title":{"rendered":"Fortalece STPS el control interno y la rendici\u00f3n de cuentas mediante sesi\u00f3n del COCODI"},"content":{"rendered":"<p><em><strong><img loading=\"lazy\" decoding=\"async\" class=\" wp-image-229205 alignright\" src=\"https:\/\/www.buroperiodistico.com.mx\/wp-content\/uploads\/2026\/09\/STRCOCODI.jpeg\" alt=\"\" width=\"440\" height=\"279\" srcset=\"https:\/\/www.buroperiodistico.com.mx\/wp-content\/uploads\/2026\/09\/STRCOCODI.jpeg 1024w, https:\/\/www.buroperiodistico.com.mx\/wp-content\/uploads\/2026\/09\/STRCOCODI-300x190.jpeg 300w, https:\/\/www.buroperiodistico.com.mx\/wp-content\/uploads\/2026\/09\/STRCOCODI-768x488.jpeg 768w\" sizes=\"auto, (max-width: 440px) 100vw, 440px\" \/>Ciudad Victoria, Tamaulipas (3-Septiembre-2026).-<\/strong><\/em> La Secretar\u00eda del Trabajo y Previsi\u00f3n Social llev\u00f3 a cabo la Tercera Sesi\u00f3n Ordinaria del Comit\u00e9 de Control y Desempe\u00f1o Institucional (COCODI), un ejercicio de especial relevancia para fortalecer los mecanismos internos de seguimiento, evaluaci\u00f3n y cumplimiento de los objetivos de la dependencia.<\/p>\n<p>La sesi\u00f3n permiti\u00f3 dar continuidad a las acciones encaminadas a consolidar una administraci\u00f3n eficiente y ordenada, mediante el seguimiento puntual al desempe\u00f1o institucional y al cumplimiento de las metas establecidas. El COCODI constituye una herramienta estrat\u00e9gica para fortalecer la rendici\u00f3n de cuentas y asegurar que los procesos y acciones de la Secretar\u00eda se desarrollen bajo principios de legalidad, eficiencia y transparencia, contribuyendo con ello a una mejor gesti\u00f3n p\u00fablica.<\/p>\n<p>La importancia de estos trabajos radica en que permiten identificar \u00e1reas de oportunidad, fortalecer los mecanismos de control interno y dar seguimiento a las responsabilidades de las distintas \u00e1reas que integran la dependencia. De esta manera, la STPS mantiene una visi\u00f3n permanente de mejora institucional, buscando que los recursos, procesos y acciones p\u00fablicas se conduzcan de manera responsable y con resultados que respondan a las necesidades de la ciudadan\u00eda.<\/p>\n<p>En representaci\u00f3n del subsecretario de Empleo y Productividad Laboral, Emanuel Res\u00e9ndez G\u00f3mez, fungi\u00f3 como presidente suplente el titular de la Direcci\u00f3n Administrativa de la Secretar\u00eda del Trabajo y Previsi\u00f3n Social, Jos\u00e9 Eduardo Leija L\u00f3pez.<\/p>\n<p>En la reuni\u00f3n participaron adem\u00e1s el titular del \u00d3rgano Interno de Control de la Secretar\u00eda del Trabajo y Comisario del Centro de Conciliaci\u00f3n Laboral de Tamaulipas, Jos\u00e9 Federico Delgado Garza; la directora de Planeaci\u00f3n, Evaluaci\u00f3n y Estad\u00edstica y coordinadora de Control Interno, Yuliana Sarai Lara Calleja; el titular del Departamento de Recursos Humanos y Financieros, Marco Antonio Mac\u00edas Carrera; el jefe del Departamento de Planeaci\u00f3n y Evaluaci\u00f3n de la Subsecretar\u00eda de Egresos, \u00d3scar Anastacio Gonz\u00e1lez Lim\u00f3n; la titular del Departamento de lo Contencioso, Andrea Cant\u00fa Ortiz; la titular del Departamento de Inform\u00e1tica y Sistemas y enlace de Control Interno, Cristina Y\u00e1\u00f1ez Cisneros; el enlace de Seguimiento al Control Interno y representante de la Direcci\u00f3n General de Mejora de la Gesti\u00f3n y Anticorrupci\u00f3n, Javier Eduardo Garc\u00eda Flores; la jefa del Departamento de Desarrollo Organizacional, Itzel Araceli Mart\u00ednez Villanueva; la auxiliar de Soporte T\u00e9cnico de la Direcci\u00f3n Administrativa, Ariana Briseida Aguilar P\u00e9rez; y la auxiliar administrativa de la Direcci\u00f3n de Planeaci\u00f3n, Evaluaci\u00f3n y Estad\u00edstica, Melina Meraz Serrato.<\/p>\n<p>Todo ello como parte de las acciones que impulsa el Gobierno Humanista y de la Transformaci\u00f3n encabezado por el gobernador Am\u00e9rico Villarreal Anaya.<\/p>\n<p><img loading=\"lazy\" decoding=\"async\" class=\"aligncenter size-full wp-image-229202\" src=\"https:\/\/www.buroperiodistico.com.mx\/wp-content\/uploads\/2026\/09\/STRCOCODI-I.jpeg\" alt=\"\" width=\"640\" height=\"427\" srcset=\"https:\/\/www.buroperiodistico.com.mx\/wp-content\/uploads\/2026\/09\/STRCOCODI-I.jpeg 640w, https:\/\/www.buroperiodistico.com.mx\/wp-content\/uploads\/2026\/09\/STRCOCODI-I-300x200.jpeg 300w\" sizes=\"auto, (max-width: 640px) 100vw, 640px\" \/> <img loading=\"lazy\" decoding=\"async\" class=\"aligncenter size-full wp-image-229204\" src=\"https:\/\/www.buroperiodistico.com.mx\/wp-content\/uploads\/2026\/09\/STRCOCODI-III.jpeg\" alt=\"\" width=\"640\" height=\"427\" srcset=\"https:\/\/www.buroperiodistico.com.mx\/wp-content\/uploads\/2026\/09\/STRCOCODI-III.jpeg 640w, https:\/\/www.buroperiodistico.com.mx\/wp-content\/uploads\/2026\/09\/STRCOCODI-III-300x200.jpeg 300w\" sizes=\"auto, (max-width: 640px) 100vw, 640px\" \/> <img loading=\"lazy\" decoding=\"async\" class=\"aligncenter size-full wp-image-229203\" src=\"https:\/\/www.buroperiodistico.com.mx\/wp-content\/uploads\/2026\/09\/STRCOCODI-II.jpeg\" alt=\"\" width=\"640\" height=\"427\" srcset=\"https:\/\/www.buroperiodistico.com.mx\/wp-content\/uploads\/2026\/09\/STRCOCODI-II.jpeg 640w, https:\/\/www.buroperiodistico.com.mx\/wp-content\/uploads\/2026\/09\/STRCOCODI-II-300x200.jpeg 300w\" sizes=\"auto, (max-width: 640px) 100vw, 640px\" \/><\/p>\n","protected":false},"excerpt":{"rendered":"<p>Ciudad Victoria, Tamaulipas (3-Septiembre-2026).- La Secretar\u00eda del Trabajo y Previsi\u00f3n Social llev\u00f3 a cabo la&#8230;<\/p>\n","protected":false},"author":1,"featured_media":229205,"comment_status":"closed","ping_status":"closed","sticky":false,"template":"","format":"standard","meta":{"footnotes":"","jetpack_publicize_message":"","jetpack_publicize_feature_enabled":true,"jetpack_social_post_already_shared":true,"jetpack_social_options":{"image_generator_settings":{"template":"highway","default_image_id":0,"font":"","enabled":false},"version":2}},"categories":[10],"tags":[],"class_list":["post-229201","post","type-post","status-publish","format-standard","has-post-thumbnail","hentry","category-tamaulipas"],"jetpack_publicize_connections":[],"_links":{"self":[{"href":"https:\/\/www.buroperiodistico.com.mx\/index.php?rest_route=\/wp\/v2\/posts\/229201","targetHints":{"allow":["GET"]}}],"collection":[{"href":"https:\/\/www.buroperiodistico.com.mx\/index.php?rest_route=\/wp\/v2\/posts"}],"about":[{"href":"https:\/\/www.buroperiodistico.com.mx\/index.php?rest_route=\/wp\/v2\/types\/post"}],"author":[{"embeddable":true,"href":"https:\/\/www.buroperiodistico.com.mx\/index.php?rest_route=\/wp\/v2\/users\/1"}],"replies":[{"embeddable":true,"href":"https:\/\/www.buroperiodistico.com.mx\/index.php?rest_route=%2Fwp%2Fv2%2Fcomments&post=229201"}],"version-history":[{"count":1,"href":"https:\/\/www.buroperiodistico.com.mx\/index.php?rest_route=\/wp\/v2\/posts\/229201\/revisions"}],"predecessor-version":[{"id":229206,"href":"https:\/\/www.buroperiodistico.com.mx\/index.php?rest_route=\/wp\/v2\/posts\/229201\/revisions\/229206"}],"wp:featuredmedia":[{"embeddable":true,"href":"https:\/\/www.buroperiodistico.com.mx\/index.php?rest_route=\/wp\/v2\/media\/229205"}],"wp:attachment":[{"href":"https:\/\/www.buroperiodistico.com.mx\/index.php?rest_route=%2Fwp%2Fv2%2Fmedia&parent=229201"}],"wp:term":[{"taxonomy":"category","embeddable":true,"href":"https:\/\/www.buroperiodistico.com.mx\/index.php?rest_route=%2Fwp%2Fv2%2Fcategories&post=229201"},{"taxonomy":"post_tag","embeddable":true,"href":"https:\/\/www.buroperiodistico.com.mx\/index.php?rest_route=%2Fwp%2Fv2%2Ftags&post=229201"}],"curies":[{"name":"wp","href":"https:\/\/api.w.org\/{rel}","templated":true}]}}