{"id":229196,"date":"2026-09-03T21:15:44","date_gmt":"2026-09-04T02:15:44","guid":{"rendered":"https:\/\/www.buroperiodistico.com.mx\/?p=229196"},"modified":"2026-09-03T21:15:44","modified_gmt":"2026-09-04T02:15:44","slug":"promueve-dema-entre-estudiantes-el-conocimiento-de-la-ley-y-prevencion-del-delito","status":"publish","type":"post","link":"https:\/\/www.buroperiodistico.com.mx\/?p=229196","title":{"rendered":"Promueve DEMA entre estudiantes el conocimiento de la ley y prevenci\u00f3n del delito"},"content":{"rendered":"<p><em><strong><img loading=\"lazy\" decoding=\"async\" class=\"size-full wp-image-229197 alignright\" src=\"https:\/\/www.buroperiodistico.com.mx\/wp-content\/uploads\/2026\/09\/SSPdelito-I.jpeg\" alt=\"\" width=\"640\" height=\"403\" srcset=\"https:\/\/www.buroperiodistico.com.mx\/wp-content\/uploads\/2026\/09\/SSPdelito-I.jpeg 640w, https:\/\/www.buroperiodistico.com.mx\/wp-content\/uploads\/2026\/09\/SSPdelito-I-300x189.jpeg 300w\" sizes=\"auto, (max-width: 640px) 100vw, 640px\" \/>Tampico, Tamaulipas (3-Septiembre-2026).-<\/strong><\/em> Dentro de las acciones orientadas a reducir factores de riesgo que favorezcan la comisi\u00f3n de delitos, la Direcci\u00f3n de Ejecuci\u00f3n de Medidas para Adolescentes (DEMA) de la Secretar\u00eda de Seguridad P\u00fablica de Tamaulipas (SSPT) imparti\u00f3 una pl\u00e1tica informativa a estudiantes de secundaria en el municipio de Tampico.<\/p>\n<p>Para ello, personal del Centro Regional de Ejecuci\u00f3n de Medidas para Adolescentes ubicado en el municipio de Altamira visit\u00f3 la Escuela Secundaria General N\u00famero 2 \u201cLauro Aguirre\u201d y present\u00f3 el tema \u201cLas y los adolescentes y la Ley\u201d ante estudiantes de los tres grados.<\/p>\n<p>A trav\u00e9s de din\u00e1micas grupales, el alumnado extern\u00f3 sus dudas, mismas que fueron resueltas por el personal encargado de la presentaci\u00f3n, con ello, se garantiza el aprendizaje efectivo del tema y se fomenta el actuar con responsabilidad dentro y fuera del plantel.<\/p>\n<p>Estas sesiones informativas responden al primer eje de la Estrategia Nacional de Seguridad P\u00fablica, el cual consiste en atender las causas de la violencia y la delincuencia, priorizando la prevenci\u00f3n desde la ni\u00f1ez y la adolescencia.<\/p>\n","protected":false},"excerpt":{"rendered":"<p>Tampico, Tamaulipas (3-Septiembre-2026).- Dentro de las acciones orientadas a reducir factores de riesgo que favorezcan&#8230;<\/p>\n","protected":false},"author":1,"featured_media":229197,"comment_status":"closed","ping_status":"closed","sticky":false,"template":"","format":"standard","meta":{"footnotes":"","jetpack_publicize_message":"","jetpack_publicize_feature_enabled":true,"jetpack_social_post_already_shared":true,"jetpack_social_options":{"image_generator_settings":{"template":"highway","default_image_id":0,"font":"","enabled":false},"version":2}},"categories":[10],"tags":[],"class_list":["post-229196","post","type-post","status-publish","format-standard","has-post-thumbnail","hentry","category-tamaulipas"],"jetpack_publicize_connections":[],"_links":{"self":[{"href":"https:\/\/www.buroperiodistico.com.mx\/index.php?rest_route=\/wp\/v2\/posts\/229196","targetHints":{"allow":["GET"]}}],"collection":[{"href":"https:\/\/www.buroperiodistico.com.mx\/index.php?rest_route=\/wp\/v2\/posts"}],"about":[{"href":"https:\/\/www.buroperiodistico.com.mx\/index.php?rest_route=\/wp\/v2\/types\/post"}],"author":[{"embeddable":true,"href":"https:\/\/www.buroperiodistico.com.mx\/index.php?rest_route=\/wp\/v2\/users\/1"}],"replies":[{"embeddable":true,"href":"https:\/\/www.buroperiodistico.com.mx\/index.php?rest_route=%2Fwp%2Fv2%2Fcomments&post=229196"}],"version-history":[{"count":1,"href":"https:\/\/www.buroperiodistico.com.mx\/index.php?rest_route=\/wp\/v2\/posts\/229196\/revisions"}],"predecessor-version":[{"id":229198,"href":"https:\/\/www.buroperiodistico.com.mx\/index.php?rest_route=\/wp\/v2\/posts\/229196\/revisions\/229198"}],"wp:featuredmedia":[{"embeddable":true,"href":"https:\/\/www.buroperiodistico.com.mx\/index.php?rest_route=\/wp\/v2\/media\/229197"}],"wp:attachment":[{"href":"https:\/\/www.buroperiodistico.com.mx\/index.php?rest_route=%2Fwp%2Fv2%2Fmedia&parent=229196"}],"wp:term":[{"taxonomy":"category","embeddable":true,"href":"https:\/\/www.buroperiodistico.com.mx\/index.php?rest_route=%2Fwp%2Fv2%2Fcategories&post=229196"},{"taxonomy":"post_tag","embeddable":true,"href":"https:\/\/www.buroperiodistico.com.mx\/index.php?rest_route=%2Fwp%2Fv2%2Ftags&post=229196"}],"curies":[{"name":"wp","href":"https:\/\/api.w.org\/{rel}","templated":true}]}}