{"id":229172,"date":"2026-09-03T20:23:37","date_gmt":"2026-09-04T01:23:37","guid":{"rendered":"https:\/\/www.buroperiodistico.com.mx\/?p=229172"},"modified":"2026-09-03T20:23:37","modified_gmt":"2026-09-04T01:23:37","slug":"hospital-270-sigue-en-la-agenda-movimiento-ciudadano-lleva-exigencia-ante-la-permanente-del-congreso","status":"publish","type":"post","link":"https:\/\/www.buroperiodistico.com.mx\/?p=229172","title":{"rendered":"Hospital 270 sigue en la agenda: Movimiento Ciudadano lleva exigencia ante la Permanente del Congreso"},"content":{"rendered":"<p><em><strong><img loading=\"lazy\" decoding=\"async\" class=\" wp-image-229173 alignright\" src=\"https:\/\/www.buroperiodistico.com.mx\/wp-content\/uploads\/2026\/09\/Jcx-1.jpg\" alt=\"\" width=\"512\" height=\"315\" srcset=\"https:\/\/www.buroperiodistico.com.mx\/wp-content\/uploads\/2026\/09\/Jcx-1.jpg 1024w, https:\/\/www.buroperiodistico.com.mx\/wp-content\/uploads\/2026\/09\/Jcx-1-300x185.jpg 300w, https:\/\/www.buroperiodistico.com.mx\/wp-content\/uploads\/2026\/09\/Jcx-1-768x473.jpg 768w\" sizes=\"auto, (max-width: 512px) 100vw, 512px\" \/>Ciudad Victoria, Tamaulipas (3-Septiembre-2026).-<\/strong><\/em> La iniciativa impulsada por Movimiento Ciudadano para exigir mejores condiciones de atenci\u00f3n y un trato digno para pacientes y trabajadores del Hospital General Regional No. 270 del IMSS lleg\u00f3 a la Comisi\u00f3n Permanente del Congreso del Estado, donde se dar\u00e1 seguimiento a las demandas planteadas ante las condiciones que prevalecen en este centro hospitalario.<\/p>\n<p>La propuesta busca que las autoridades correspondientes atiendan de manera integral las necesidades del Hospital 270, particularmente aquellas relacionadas con la infraestructura, climatizaci\u00f3n y condiciones que permitan brindar una atenci\u00f3n m\u00e9dica adecuada, segura y digna a las familias derechohabientes.<\/p>\n<p>Desde Movimiento Ciudadano se ha se\u00f1alado que recibir atenci\u00f3n m\u00e9dica en condiciones dignas no debe ser un privilegio, sino un derecho, por lo que se continuar\u00e1 alzando la voz para que las instituciones de salud cuenten con los recursos, instalaciones y personal necesarios para responder a las necesidades de la poblaci\u00f3n.<\/p>\n<p>Con la llegada de esta iniciativa a la Comisi\u00f3n Permanente, Movimiento Ciudadano refrenda su compromiso de defender a las familias tamaulipecas y de exigir resultados concretos en materia de salud, poniendo en el centro a las personas que diariamente acuden al Hospital 270 en busca de atenci\u00f3n m\u00e9dica.<\/p>\n","protected":false},"excerpt":{"rendered":"<p>Ciudad Victoria, Tamaulipas (3-Septiembre-2026).- La iniciativa impulsada por Movimiento Ciudadano para exigir mejores condiciones de&#8230;<\/p>\n","protected":false},"author":1,"featured_media":229173,"comment_status":"closed","ping_status":"closed","sticky":false,"template":"","format":"standard","meta":{"footnotes":"","jetpack_publicize_message":"","jetpack_publicize_feature_enabled":true,"jetpack_social_post_already_shared":true,"jetpack_social_options":{"image_generator_settings":{"template":"highway","default_image_id":0,"font":"","enabled":false},"version":2}},"categories":[17],"tags":[],"class_list":["post-229172","post","type-post","status-publish","format-standard","has-post-thumbnail","hentry","category-ciudadvictoria"],"jetpack_publicize_connections":[],"_links":{"self":[{"href":"https:\/\/www.buroperiodistico.com.mx\/index.php?rest_route=\/wp\/v2\/posts\/229172","targetHints":{"allow":["GET"]}}],"collection":[{"href":"https:\/\/www.buroperiodistico.com.mx\/index.php?rest_route=\/wp\/v2\/posts"}],"about":[{"href":"https:\/\/www.buroperiodistico.com.mx\/index.php?rest_route=\/wp\/v2\/types\/post"}],"author":[{"embeddable":true,"href":"https:\/\/www.buroperiodistico.com.mx\/index.php?rest_route=\/wp\/v2\/users\/1"}],"replies":[{"embeddable":true,"href":"https:\/\/www.buroperiodistico.com.mx\/index.php?rest_route=%2Fwp%2Fv2%2Fcomments&post=229172"}],"version-history":[{"count":1,"href":"https:\/\/www.buroperiodistico.com.mx\/index.php?rest_route=\/wp\/v2\/posts\/229172\/revisions"}],"predecessor-version":[{"id":229174,"href":"https:\/\/www.buroperiodistico.com.mx\/index.php?rest_route=\/wp\/v2\/posts\/229172\/revisions\/229174"}],"wp:featuredmedia":[{"embeddable":true,"href":"https:\/\/www.buroperiodistico.com.mx\/index.php?rest_route=\/wp\/v2\/media\/229173"}],"wp:attachment":[{"href":"https:\/\/www.buroperiodistico.com.mx\/index.php?rest_route=%2Fwp%2Fv2%2Fmedia&parent=229172"}],"wp:term":[{"taxonomy":"category","embeddable":true,"href":"https:\/\/www.buroperiodistico.com.mx\/index.php?rest_route=%2Fwp%2Fv2%2Fcategories&post=229172"},{"taxonomy":"post_tag","embeddable":true,"href":"https:\/\/www.buroperiodistico.com.mx\/index.php?rest_route=%2Fwp%2Fv2%2Ftags&post=229172"}],"curies":[{"name":"wp","href":"https:\/\/api.w.org\/{rel}","templated":true}]}}