{"id":229119,"date":"2026-09-03T15:31:01","date_gmt":"2026-09-03T20:31:01","guid":{"rendered":"https:\/\/www.buroperiodistico.com.mx\/?p=229119"},"modified":"2026-09-03T15:31:01","modified_gmt":"2026-09-03T20:31:01","slug":"en-tamaulipas-hay-un-camino-recorrido-resultados-y-avances-americo-villarreal","status":"publish","type":"post","link":"https:\/\/www.buroperiodistico.com.mx\/?p=229119","title":{"rendered":"\u00abEn Tamaulipas, hay un camino recorrido, resultados y avances\u201d: Am\u00e9rico Villarreal"},"content":{"rendered":"<ul>\n<li><strong><em>El gobernador inici\u00f3 en Nueva Ciudad Guerrero, la gira para acompa\u00f1ar a las y los alcaldes en sus informes de gobierno<\/em><\/strong><\/li>\n<\/ul>\n<p><strong><img loading=\"lazy\" decoding=\"async\" class=\" wp-image-229125 alignright\" src=\"https:\/\/www.buroperiodistico.com.mx\/wp-content\/uploads\/2026\/09\/En-Tamaulipas-hay-un-camino.jpeg\" alt=\"\" width=\"533\" height=\"301\" srcset=\"https:\/\/www.buroperiodistico.com.mx\/wp-content\/uploads\/2026\/09\/En-Tamaulipas-hay-un-camino.jpeg 1024w, https:\/\/www.buroperiodistico.com.mx\/wp-content\/uploads\/2026\/09\/En-Tamaulipas-hay-un-camino-300x170.jpeg 300w, https:\/\/www.buroperiodistico.com.mx\/wp-content\/uploads\/2026\/09\/En-Tamaulipas-hay-un-camino-768x434.jpeg 768w\" sizes=\"auto, (max-width: 533px) 100vw, 533px\" \/>Nueva Ciudad Guerrero, Tamaulipas (3-Septimbre-2026).-<\/strong> Al iniciar en Nueva Ciudad Guerrero el recorrido que lo llevar\u00e1 a acompa\u00f1ar a las y los presidentes municipales en su ejercicio de rendici\u00f3n de cuentas, el gobernador Am\u00e9rico Villarreal Anaya afirm\u00f3 que en Tamaulipas hay un camino recorrido y hay resultados y avances en infraestructura, agua, educaci\u00f3n, energ\u00eda, salud y vivienda de bienestar.<\/p>\n<p>Al acompa\u00f1ar a la presidenta municipal, Laura Ver\u00f3nica Pe\u00f1a Mart\u00ednez, en el Centro C\u00edvico Municipal, declarado recinto oficial para este evento, el gobernador destac\u00f3 que, con la suma de esfuerzos, a trav\u00e9s de los Programas de Bienestar de la presidenta Claudia Sheinbaum y con la acci\u00f3n conjunta del estado y municipio, en Guerrero, la inversi\u00f3n estatal y federal acumulada alcanza casi 649 millones de pesos.<\/p>\n<p>\u00abEstamos atendiendo de inmediato con programas sociales, pero tambi\u00e9n lo estructural, con obras de agua, drenaje, vialidades, educaci\u00f3n, salud y seguridad, como lo mostr\u00f3 la presidenta en un trabajo conjunto\u00bb, dijo.<\/p>\n<p>Agreg\u00f3 que solo la derrama anual de los Programas para el Bienestar alcanz\u00f3, en el 2026, los 312 millones, con un incremento desde 2022 superior al 300 por ciento, mientras que para el ciclo escolar que reci\u00e9n ha iniciado, a trav\u00e9s de programas estrat\u00e9gicos en educaci\u00f3n, se entregaron \u00fatiles escolares de forma gratuita a 1,686 estudiantes y una cifra similar se entreg\u00f3 en uniformes, adem\u00e1s de 600 becas.<\/p>\n<p>Expuso que, a trav\u00e9s del DIF Tamaulipas, se entregaron 16 mil paquetes de alimentos y, en el marco de la econom\u00eda social, los esquemas del microcr\u00e9dito y financiamiento alcanzaron 71 proyectos productivos.<\/p>\n<p>\u00abHoy hemos escuchado y pasado revista a los resultados del presente ejercicio del gobierno municipal. Hay un camino recorrido, resultados que nos llevan a renovar la esperanza en lo que viene y a cotejar entre lo que se ha ofrecido, lo alcanzado hasta ahora y lo que es posible obtener en el resto del periodo de la presente administraci\u00f3n municipal, que reforzaremos las acciones con la presidenta\u00bb, mencion\u00f3.<\/p>\n<p>Al refrendar su felicitaci\u00f3n por este ejercicio de rendici\u00f3n de cuentas del municipio de Nueva Ciudad Guerrero, el jefe del Ejecutivo estatal ofreci\u00f3 redoblar el esfuerzo, escuchar propuestas y mantener el trabajo conjunto.<\/p>\n<p>\u00abGracias a esta f\u00f3rmula de trabajo colaborativo, M\u00e9xico, Tamaulipas y este municipio de Guerrero encontramos en el humanismo mexicano el compromiso de garantizar derechos sociales, de conducirnos con honestidad, humildad y eficiencia y de poner el gobierno al servicio del pueblo\u00bb, indic\u00f3.<\/p>\n<p>La presidenta municipal de Nueva Ciudad Guerrero, Laura Ver\u00f3nica Pe\u00f1a Mart\u00ednez, expres\u00f3 su reconocimiento al gobernador Am\u00e9rico Villarreal Anaya por su apoyo permanente y por hacer posible que muchos de los proyectos de este gobierno hoy sean una realidad.<\/p>\n<p>\u00abCada obra, cada gesti\u00f3n y cada acci\u00f3n realizada tienen un solo prop\u00f3sito: mejorar la calidad de vida de las familias de Guerrero y seguir construyendo un municipio con m\u00e1s oportunidades, bienestar y desarrollo\u00bb, mencion\u00f3.<\/p>\n<p>De manera especial, mencion\u00f3 el respaldo de la presidenta del Sistema DIF Tamaulipas, doctora Mar\u00eda de Villarreal, \u00abpor su sensibilidad, cercan\u00eda y compromiso con quienes m\u00e1s lo necesitan\u00bb.<\/p>\n<p>Agreg\u00f3 que la administraci\u00f3n que encabeza trabaja como lo demanda el gobernador del estado, \u00abcon humanismo, honestidad y transparencia\u00bb.<\/p>\n<p>\u00abCon unidad, trabajo y perseverancia seguiremos escribiendo una historia de progreso, bienestar y esperanza para las presentes y futuras generaciones\u00bb, afirm\u00f3.<\/p>\n<p>En el evento tambi\u00e9n se cont\u00f3 con la presencia de H\u00e9ctor Joel Villegas Gonz\u00e1lez, secretario general de Gobierno; Carlos Arturo Pancardo Escudero, secretario de Seguridad P\u00fablica; Ninfa Cant\u00fa De\u00e1ndar, secretaria de Econom\u00eda; Silvia Casas Gonz\u00e1lez, secretaria de Bienestar Social; y la senadora Olga Sosa Ruiz, adem\u00e1s de diputados y diputadas federales y locales; alcaldes y alcaldesas de otros municipios e integrantes del gobierno municipal.<\/p>\n<p><img loading=\"lazy\" decoding=\"async\" class=\"aligncenter size-full wp-image-229120\" src=\"https:\/\/www.buroperiodistico.com.mx\/wp-content\/uploads\/2026\/09\/En-Tamaulipas-hay-un-camino-I-rotated.jpeg\" alt=\"\" width=\"640\" height=\"469\" srcset=\"https:\/\/www.buroperiodistico.com.mx\/wp-content\/uploads\/2026\/09\/En-Tamaulipas-hay-un-camino-I-rotated.jpeg 640w, https:\/\/www.buroperiodistico.com.mx\/wp-content\/uploads\/2026\/09\/En-Tamaulipas-hay-un-camino-I-300x220.jpeg 300w\" sizes=\"auto, (max-width: 640px) 100vw, 640px\" \/> <img loading=\"lazy\" decoding=\"async\" class=\"aligncenter size-full wp-image-229124\" src=\"https:\/\/www.buroperiodistico.com.mx\/wp-content\/uploads\/2026\/09\/En-Tamaulipas-hay-un-camino-IIIII.jpeg\" alt=\"\" width=\"640\" height=\"427\" srcset=\"https:\/\/www.buroperiodistico.com.mx\/wp-content\/uploads\/2026\/09\/En-Tamaulipas-hay-un-camino-IIIII.jpeg 640w, https:\/\/www.buroperiodistico.com.mx\/wp-content\/uploads\/2026\/09\/En-Tamaulipas-hay-un-camino-IIIII-300x200.jpeg 300w\" sizes=\"auto, (max-width: 640px) 100vw, 640px\" \/> <img loading=\"lazy\" decoding=\"async\" class=\"aligncenter size-full wp-image-229123\" src=\"https:\/\/www.buroperiodistico.com.mx\/wp-content\/uploads\/2026\/09\/En-Tamaulipas-hay-un-camino-IIII.jpeg\" alt=\"\" width=\"640\" height=\"427\" srcset=\"https:\/\/www.buroperiodistico.com.mx\/wp-content\/uploads\/2026\/09\/En-Tamaulipas-hay-un-camino-IIII.jpeg 640w, https:\/\/www.buroperiodistico.com.mx\/wp-content\/uploads\/2026\/09\/En-Tamaulipas-hay-un-camino-IIII-300x200.jpeg 300w\" sizes=\"auto, (max-width: 640px) 100vw, 640px\" \/> <img loading=\"lazy\" decoding=\"async\" class=\"aligncenter size-full wp-image-229122\" src=\"https:\/\/www.buroperiodistico.com.mx\/wp-content\/uploads\/2026\/09\/En-Tamaulipas-hay-un-camino-III.jpeg\" alt=\"\" width=\"640\" height=\"427\" srcset=\"https:\/\/www.buroperiodistico.com.mx\/wp-content\/uploads\/2026\/09\/En-Tamaulipas-hay-un-camino-III.jpeg 640w, https:\/\/www.buroperiodistico.com.mx\/wp-content\/uploads\/2026\/09\/En-Tamaulipas-hay-un-camino-III-300x200.jpeg 300w\" sizes=\"auto, (max-width: 640px) 100vw, 640px\" \/> <img loading=\"lazy\" decoding=\"async\" class=\"aligncenter size-full wp-image-229121\" src=\"https:\/\/www.buroperiodistico.com.mx\/wp-content\/uploads\/2026\/09\/En-Tamaulipas-hay-un-camino-II.jpeg\" alt=\"\" width=\"640\" height=\"427\" srcset=\"https:\/\/www.buroperiodistico.com.mx\/wp-content\/uploads\/2026\/09\/En-Tamaulipas-hay-un-camino-II.jpeg 640w, https:\/\/www.buroperiodistico.com.mx\/wp-content\/uploads\/2026\/09\/En-Tamaulipas-hay-un-camino-II-300x200.jpeg 300w\" sizes=\"auto, (max-width: 640px) 100vw, 640px\" \/><\/p>\n","protected":false},"excerpt":{"rendered":"<p>El gobernador inici\u00f3 en Nueva Ciudad Guerrero, la gira para acompa\u00f1ar a las y los&#8230;<\/p>\n","protected":false},"author":1,"featured_media":229125,"comment_status":"closed","ping_status":"closed","sticky":false,"template":"","format":"standard","meta":{"footnotes":"","jetpack_publicize_message":"","jetpack_publicize_feature_enabled":true,"jetpack_social_post_already_shared":true,"jetpack_social_options":{"image_generator_settings":{"template":"highway","default_image_id":0,"font":"","enabled":false},"version":2}},"categories":[25,10],"tags":[],"class_list":["post-229119","post","type-post","status-publish","format-standard","has-post-thumbnail","hentry","category-portada","category-tamaulipas"],"jetpack_publicize_connections":[],"_links":{"self":[{"href":"https:\/\/www.buroperiodistico.com.mx\/index.php?rest_route=\/wp\/v2\/posts\/229119","targetHints":{"allow":["GET"]}}],"collection":[{"href":"https:\/\/www.buroperiodistico.com.mx\/index.php?rest_route=\/wp\/v2\/posts"}],"about":[{"href":"https:\/\/www.buroperiodistico.com.mx\/index.php?rest_route=\/wp\/v2\/types\/post"}],"author":[{"embeddable":true,"href":"https:\/\/www.buroperiodistico.com.mx\/index.php?rest_route=\/wp\/v2\/users\/1"}],"replies":[{"embeddable":true,"href":"https:\/\/www.buroperiodistico.com.mx\/index.php?rest_route=%2Fwp%2Fv2%2Fcomments&post=229119"}],"version-history":[{"count":1,"href":"https:\/\/www.buroperiodistico.com.mx\/index.php?rest_route=\/wp\/v2\/posts\/229119\/revisions"}],"predecessor-version":[{"id":229126,"href":"https:\/\/www.buroperiodistico.com.mx\/index.php?rest_route=\/wp\/v2\/posts\/229119\/revisions\/229126"}],"wp:featuredmedia":[{"embeddable":true,"href":"https:\/\/www.buroperiodistico.com.mx\/index.php?rest_route=\/wp\/v2\/media\/229125"}],"wp:attachment":[{"href":"https:\/\/www.buroperiodistico.com.mx\/index.php?rest_route=%2Fwp%2Fv2%2Fmedia&parent=229119"}],"wp:term":[{"taxonomy":"category","embeddable":true,"href":"https:\/\/www.buroperiodistico.com.mx\/index.php?rest_route=%2Fwp%2Fv2%2Fcategories&post=229119"},{"taxonomy":"post_tag","embeddable":true,"href":"https:\/\/www.buroperiodistico.com.mx\/index.php?rest_route=%2Fwp%2Fv2%2Ftags&post=229119"}],"curies":[{"name":"wp","href":"https:\/\/api.w.org\/{rel}","templated":true}]}}