{"id":229090,"date":"2026-09-03T12:21:01","date_gmt":"2026-09-03T17:21:01","guid":{"rendered":"https:\/\/www.buroperiodistico.com.mx\/?p=229090"},"modified":"2026-09-03T12:21:01","modified_gmt":"2026-09-03T17:21:01","slug":"tamaulipas-fortalece-su-participacion-tecnica-y-academica-en-el-analisis-de-los-recursos-no-convencionales-en-mexico","status":"publish","type":"post","link":"https:\/\/www.buroperiodistico.com.mx\/?p=229090","title":{"rendered":"Tamaulipas fortalece su participaci\u00f3n t\u00e9cnica y acad\u00e9mica en el an\u00e1lisis de los recursos no convencionales en M\u00e9xico"},"content":{"rendered":"<p><em><strong><img loading=\"lazy\" decoding=\"async\" class=\" wp-image-229094 alignright\" src=\"https:\/\/www.buroperiodistico.com.mx\/wp-content\/uploads\/2026\/09\/SDEMexico.jpeg\" alt=\"\" width=\"449\" height=\"265\" srcset=\"https:\/\/www.buroperiodistico.com.mx\/wp-content\/uploads\/2026\/09\/SDEMexico.jpeg 1024w, https:\/\/www.buroperiodistico.com.mx\/wp-content\/uploads\/2026\/09\/SDEMexico-300x177.jpeg 300w, https:\/\/www.buroperiodistico.com.mx\/wp-content\/uploads\/2026\/09\/SDEMexico-768x453.jpeg 768w\" sizes=\"auto, (max-width: 449px) 100vw, 449px\" \/>Tampico, Tamaulipas (3-Septiembre-2026).-<\/strong><\/em> El Gobierno del Estado de Tamaulipas, bajo la visi\u00f3n del gobernador Am\u00e9rico Villarreal Anaya, levanta la mano para seguir contribuyendo en las aportaciones t\u00e9cnicas, cient\u00edficas y acad\u00e9micas para el an\u00e1lisis de las perspectivas de los Recursos No Convencionales en M\u00e9xico.<\/p>\n<p>Por ello, el secretario de Desarrollo Energ\u00e9tico del Estado, Walter Juli\u00e1n \u00c1ngel Jim\u00e9nez, inaugur\u00f3 la segunda edici\u00f3n de este debate con el Foro: \u201cTamaulipas y el futuro de los Recursos No Convencionales en M\u00e9xico\u201d, que se realiz\u00f3 en el Auditorio Interactivo de la Facultad de Ingenier\u00eda de la Universidad Aut\u00f3noma de Tamaulipas en Tampico.<\/p>\n<p>En este espacio, el titular de la SEDENER destac\u00f3 que Tamaulipas contin\u00faa empujando el debate t\u00e9cnico y cient\u00edfico para encontrar las mejores contribuciones que apoyen al grupo de expertos dentro del proceso de levantamiento de informaci\u00f3n, asimismo, rumbo a procesos posteriores como la consulta p\u00fablica que ha instruido la presidenta de M\u00e9xico, Claudia Sheinbaum Pardo, respecto a las zonas con posibilidades de desarrollo.<\/p>\n<p>\u201cEste esfuerzo se suma al llamado de la presidenta Claudia Sheinbaum Pardo para impulsar el conocimiento, la innovaci\u00f3n y el desarrollo tecnol\u00f3gico como elementos fundamentales para el fortalecimiento de la soberan\u00eda y el desarrollo energ\u00e9tico de M\u00e9xico\u201d, se\u00f1al\u00f3.<\/p>\n<p>Asimismo, se\u00f1al\u00f3 que se analizar\u00e1n las perspectivas de los Recursos No Convencionales en el pa\u00eds, as\u00ed como las nuevas tecnolog\u00edas, seguridad energ\u00e9tica, investigaciones y aportaciones cient\u00edficas que pueden contribuir al desarrollo responsable del sector energ\u00e9tico y de la pol\u00edtica p\u00fablica del pa\u00eds.<\/p>\n<p>En la inauguraci\u00f3n del foro tambi\u00e9n estuvieron presentes, en representaci\u00f3n del rector de la UAT, D\u00e1maso Anaya Alvarado, el director de la Facultad de Ingenier\u00eda, Roberto Pichardo Ram\u00edrez; el diputado Francisco Adri\u00e1n Cruz Mart\u00ednez; el director del Instituto Tecnol\u00f3gico de Ciudad Madero, Juan Dionisio Cruz; y el subsecretario de Hidrocarburos, Gobirish Mireles y Malpica.<\/p>\n<p><img loading=\"lazy\" decoding=\"async\" class=\"aligncenter size-full wp-image-229091\" src=\"https:\/\/www.buroperiodistico.com.mx\/wp-content\/uploads\/2026\/09\/SDEMexico-I.jpeg\" alt=\"\" width=\"640\" height=\"426\" srcset=\"https:\/\/www.buroperiodistico.com.mx\/wp-content\/uploads\/2026\/09\/SDEMexico-I.jpeg 640w, https:\/\/www.buroperiodistico.com.mx\/wp-content\/uploads\/2026\/09\/SDEMexico-I-300x200.jpeg 300w\" sizes=\"auto, (max-width: 640px) 100vw, 640px\" \/> <img loading=\"lazy\" decoding=\"async\" class=\"aligncenter size-full wp-image-229093\" src=\"https:\/\/www.buroperiodistico.com.mx\/wp-content\/uploads\/2026\/09\/SDEMexico-III.jpeg\" alt=\"\" width=\"640\" height=\"426\" srcset=\"https:\/\/www.buroperiodistico.com.mx\/wp-content\/uploads\/2026\/09\/SDEMexico-III.jpeg 640w, https:\/\/www.buroperiodistico.com.mx\/wp-content\/uploads\/2026\/09\/SDEMexico-III-300x200.jpeg 300w\" sizes=\"auto, (max-width: 640px) 100vw, 640px\" \/> <img loading=\"lazy\" decoding=\"async\" class=\"aligncenter size-full wp-image-229092\" src=\"https:\/\/www.buroperiodistico.com.mx\/wp-content\/uploads\/2026\/09\/SDEMexico-II.jpeg\" alt=\"\" width=\"640\" height=\"426\" srcset=\"https:\/\/www.buroperiodistico.com.mx\/wp-content\/uploads\/2026\/09\/SDEMexico-II.jpeg 640w, https:\/\/www.buroperiodistico.com.mx\/wp-content\/uploads\/2026\/09\/SDEMexico-II-300x200.jpeg 300w\" sizes=\"auto, (max-width: 640px) 100vw, 640px\" \/><\/p>\n","protected":false},"excerpt":{"rendered":"<p>Tampico, Tamaulipas (3-Septiembre-2026).- El Gobierno del Estado de Tamaulipas, bajo la visi\u00f3n del gobernador Am\u00e9rico&#8230;<\/p>\n","protected":false},"author":1,"featured_media":229094,"comment_status":"closed","ping_status":"closed","sticky":false,"template":"","format":"standard","meta":{"footnotes":"","jetpack_publicize_message":"","jetpack_publicize_feature_enabled":true,"jetpack_social_post_already_shared":true,"jetpack_social_options":{"image_generator_settings":{"template":"highway","default_image_id":0,"font":"","enabled":false},"version":2}},"categories":[10],"tags":[],"class_list":["post-229090","post","type-post","status-publish","format-standard","has-post-thumbnail","hentry","category-tamaulipas"],"jetpack_publicize_connections":[],"_links":{"self":[{"href":"https:\/\/www.buroperiodistico.com.mx\/index.php?rest_route=\/wp\/v2\/posts\/229090","targetHints":{"allow":["GET"]}}],"collection":[{"href":"https:\/\/www.buroperiodistico.com.mx\/index.php?rest_route=\/wp\/v2\/posts"}],"about":[{"href":"https:\/\/www.buroperiodistico.com.mx\/index.php?rest_route=\/wp\/v2\/types\/post"}],"author":[{"embeddable":true,"href":"https:\/\/www.buroperiodistico.com.mx\/index.php?rest_route=\/wp\/v2\/users\/1"}],"replies":[{"embeddable":true,"href":"https:\/\/www.buroperiodistico.com.mx\/index.php?rest_route=%2Fwp%2Fv2%2Fcomments&post=229090"}],"version-history":[{"count":1,"href":"https:\/\/www.buroperiodistico.com.mx\/index.php?rest_route=\/wp\/v2\/posts\/229090\/revisions"}],"predecessor-version":[{"id":229095,"href":"https:\/\/www.buroperiodistico.com.mx\/index.php?rest_route=\/wp\/v2\/posts\/229090\/revisions\/229095"}],"wp:featuredmedia":[{"embeddable":true,"href":"https:\/\/www.buroperiodistico.com.mx\/index.php?rest_route=\/wp\/v2\/media\/229094"}],"wp:attachment":[{"href":"https:\/\/www.buroperiodistico.com.mx\/index.php?rest_route=%2Fwp%2Fv2%2Fmedia&parent=229090"}],"wp:term":[{"taxonomy":"category","embeddable":true,"href":"https:\/\/www.buroperiodistico.com.mx\/index.php?rest_route=%2Fwp%2Fv2%2Fcategories&post=229090"},{"taxonomy":"post_tag","embeddable":true,"href":"https:\/\/www.buroperiodistico.com.mx\/index.php?rest_route=%2Fwp%2Fv2%2Ftags&post=229090"}],"curies":[{"name":"wp","href":"https:\/\/api.w.org\/{rel}","templated":true}]}}