{"id":229081,"date":"2026-09-03T12:09:24","date_gmt":"2026-09-03T17:09:24","guid":{"rendered":"https:\/\/www.buroperiodistico.com.mx\/?p=229081"},"modified":"2026-09-03T12:09:24","modified_gmt":"2026-09-03T17:09:24","slug":"inicia-sst-el-mes-de-concientizacion-del-cancer-infantil","status":"publish","type":"post","link":"https:\/\/www.buroperiodistico.com.mx\/?p=229081","title":{"rendered":"Inicia SST el \u201cMes de Concientizaci\u00f3n del C\u00e1ncer Infantil\u201d"},"content":{"rendered":"<p><em><strong><img loading=\"lazy\" decoding=\"async\" class=\" wp-image-229082 alignright\" src=\"https:\/\/www.buroperiodistico.com.mx\/wp-content\/uploads\/2026\/09\/SSTx.jpg\" alt=\"\" width=\"537\" height=\"290\" srcset=\"https:\/\/www.buroperiodistico.com.mx\/wp-content\/uploads\/2026\/09\/SSTx.jpg 1110w, https:\/\/www.buroperiodistico.com.mx\/wp-content\/uploads\/2026\/09\/SSTx-300x162.jpg 300w, https:\/\/www.buroperiodistico.com.mx\/wp-content\/uploads\/2026\/09\/SSTx-1024x554.jpg 1024w, https:\/\/www.buroperiodistico.com.mx\/wp-content\/uploads\/2026\/09\/SSTx-768x415.jpg 768w\" sizes=\"auto, (max-width: 537px) 100vw, 537px\" \/>Ciudad Victoria, Tamaulipas (3-Septiembre-2026).-<\/strong><\/em> Con el lema \u201cDemostrando Impacto: Del Desaf\u00edo al Cambio\u201d, la Secretar\u00eda de Salud dio inicio al Mes de Concientizaci\u00f3n del C\u00e1ncer Infantil, en el que se refuerzan las actividades de promoci\u00f3n y difusi\u00f3n para identificar el c\u00e1ncer en ni\u00f1as, ni\u00f1os y adolescentes, ya que puede ser curable si se detecta a tiempo.<\/p>\n<p>Por instrucci\u00f3n del titular de la dependencia estatal, Ricardo Gerardo Guerrero Morales, durante el mes de septiembre se llevan a cabo acciones que permitan identificar los s\u00edntomas que marcan la diferencia en el pron\u00f3stico de este padecimiento, y generar conciencia sobre la importancia de reconocer las posibles se\u00f1ales de la enfermedad, pues el problema es que la mayor\u00eda de las veces los s\u00edntomas se confunden con enfermedades m\u00e1s comunes.<\/p>\n<p>La jefa del Departamento de Salud Integral del Ni\u00f1o, Mar\u00eda de Jes\u00fas L\u00f3pez L\u00f3pez, se\u00f1al\u00f3 que entre los principales s\u00edntomas de c\u00e1ncer infantil destaca la presencia de moretones sin causa aparente; crecimiento irregular del abdomen; bolitas en el cuello, axilas o la entrepierna; dolor de cabeza persistente que empeora con el tiempo y no cede con medicamentos; cambios de conducta, p\u00e9rdida de peso, fiebre o irritabilidad, sudoraci\u00f3n nocturna, p\u00e9rdida del apetito, dolor de huesos, entre otros. Ante cualquier s\u00edntoma deben acudir a la unidad de salud m\u00e1s cercana.<\/p>\n<p>En Tamaulipas tenemos una tasa baja de casos de c\u00e1ncer infantil, sin embargo, estamos hablando de ni\u00f1as, ni\u00f1os y adolescentes tamaulipecos que preocupan y ocupan al gobierno de Am\u00e9rico Villarreal Anaya, por ello, es importante enfatizar en los factores protectores de este padecimiento que coadyuvan a reducir el riesgo, tales como:<\/p>\n<p>-Promover la lactancia materna.<\/p>\n<p>-Preferir alimentos org\u00e1nicos.<\/p>\n<p>-Evitar el consumo excesivo de carne roja, alimentos fritos o ahumados, para evitar diversos tipos de c\u00e1ncer, como el de colon.<\/p>\n<p>-Realizar ejercicio m\u00ednimo 30 minutos al d\u00eda, 5 veces a la semana.<\/p>\n<p>-Implementar espacios de protecci\u00f3n solar en escuelas y el uso de protector solar diario, para evitar el c\u00e1ncer de piel.<\/p>\n<p>-Promover el bienestar emocional.<\/p>\n<p>-Evitar consumo de sustancias nocivas como tabaco, alcohol y drogas, para evitar diferentes tipos de c\u00e1ncer, como el de pulm\u00f3n.<\/p>\n<p>-Vacunar contra el virus del papiloma humano (VPH) en ni\u00f1as, ni\u00f1os y adolescentes a partir de los 11 a\u00f1os de edad, ya que protege contra los serotipos carcinog\u00e9nicos de VPH.<\/p>\n<p>-Vacunar contra la hepatitis B en ambos sexos, a partir de los 12 a\u00f1os, para prevenir el c\u00e1ncer de h\u00edgado.<\/p>\n<p>-Usar m\u00e9todos de barrera como condones externos e internos para evitar la infecci\u00f3n por virus del papiloma humano (VPH).<\/p>\n<p>Durante este periodo, se intensifica el tamizaje en todas las unidades de salud mediante la aplicaci\u00f3n de la \u201cc\u00e9dula de detecci\u00f3n de signos y s\u00edntomas de sospecha de c\u00e1ncer\u201d, asimismo, se fomenta en madres, padres o tutores de los menores de 18 a\u00f1os la importancia de acudir dos veces al a\u00f1o a revisiones m\u00e9dicas y fomentar estilos de vida saludables.<\/p>\n","protected":false},"excerpt":{"rendered":"<p>Ciudad Victoria, Tamaulipas (3-Septiembre-2026).- Con el lema \u201cDemostrando Impacto: Del Desaf\u00edo al Cambio\u201d, la Secretar\u00eda&#8230;<\/p>\n","protected":false},"author":1,"featured_media":229082,"comment_status":"closed","ping_status":"closed","sticky":false,"template":"","format":"standard","meta":{"footnotes":"","jetpack_publicize_message":"","jetpack_publicize_feature_enabled":true,"jetpack_social_post_already_shared":true,"jetpack_social_options":{"image_generator_settings":{"template":"highway","default_image_id":0,"font":"","enabled":false},"version":2}},"categories":[10],"tags":[],"class_list":["post-229081","post","type-post","status-publish","format-standard","has-post-thumbnail","hentry","category-tamaulipas"],"jetpack_publicize_connections":[],"_links":{"self":[{"href":"https:\/\/www.buroperiodistico.com.mx\/index.php?rest_route=\/wp\/v2\/posts\/229081","targetHints":{"allow":["GET"]}}],"collection":[{"href":"https:\/\/www.buroperiodistico.com.mx\/index.php?rest_route=\/wp\/v2\/posts"}],"about":[{"href":"https:\/\/www.buroperiodistico.com.mx\/index.php?rest_route=\/wp\/v2\/types\/post"}],"author":[{"embeddable":true,"href":"https:\/\/www.buroperiodistico.com.mx\/index.php?rest_route=\/wp\/v2\/users\/1"}],"replies":[{"embeddable":true,"href":"https:\/\/www.buroperiodistico.com.mx\/index.php?rest_route=%2Fwp%2Fv2%2Fcomments&post=229081"}],"version-history":[{"count":1,"href":"https:\/\/www.buroperiodistico.com.mx\/index.php?rest_route=\/wp\/v2\/posts\/229081\/revisions"}],"predecessor-version":[{"id":229083,"href":"https:\/\/www.buroperiodistico.com.mx\/index.php?rest_route=\/wp\/v2\/posts\/229081\/revisions\/229083"}],"wp:featuredmedia":[{"embeddable":true,"href":"https:\/\/www.buroperiodistico.com.mx\/index.php?rest_route=\/wp\/v2\/media\/229082"}],"wp:attachment":[{"href":"https:\/\/www.buroperiodistico.com.mx\/index.php?rest_route=%2Fwp%2Fv2%2Fmedia&parent=229081"}],"wp:term":[{"taxonomy":"category","embeddable":true,"href":"https:\/\/www.buroperiodistico.com.mx\/index.php?rest_route=%2Fwp%2Fv2%2Fcategories&post=229081"},{"taxonomy":"post_tag","embeddable":true,"href":"https:\/\/www.buroperiodistico.com.mx\/index.php?rest_route=%2Fwp%2Fv2%2Ftags&post=229081"}],"curies":[{"name":"wp","href":"https:\/\/api.w.org\/{rel}","templated":true}]}}